{"id":25759,"date":"2024-05-25T18:42:08","date_gmt":"2024-05-25T21:42:08","guid":{"rendered":"https:\/\/tacuarembo.gub.uy\/?p=25759"},"modified":"2024-05-25T18:42:11","modified_gmt":"2024-05-25T21:42:11","slug":"idt-felicita-a-circe-maia-por-la-obtencion-del-premio-internacional-de-poesia-federico-garcia-lorca","status":"publish","type":"post","link":"https:\/\/tacuarembo.gub.uy\/?p=25759","title":{"rendered":"IDT felicita a Circe Maia por la obtenci\u00f3n del Premio Internacional de Poes\u00eda Federico Garc\u00eda Lorca"},"content":{"rendered":"\n<p>La poeta uruguaya Circe Maia fue galardonada en Espa\u00f1a con el prestigioso Premio Internacional de Poes\u00eda Federico Garc\u00eda Lorca. Debido a su avanzada edad, la autora de 91 a\u00f1os no pudo viajar a la ciudad de Granada para recibir el reconocimiento. En su lugar, su hija Ana Nira Ferreira fue quien asisti\u00f3 a la ceremonia.<\/p>\n\n\n\n<p>Su obra contribuye a visibilizar el departamento en el mundo como cuna de artistas e intelectuales valiosos.<\/p>\n\n\n\n<p>En ese sentido, la Intendencia de Tacuaremb\u00f3 celebra su contribuci\u00f3n invaluable a la literatura y su legado como una de las voces m\u00e1s importantes de la poes\u00eda uruguaya y latinoamericana.<\/p>\n\n\n\n<figure class=\"wp-block-image size-large\"><img loading=\"lazy\" decoding=\"async\" width=\"800\" height=\"420\" src=\"https:\/\/tacuarembo.gub.uy\/wp-content\/uploads\/1000100969-800x420.jpg\" alt=\"\" class=\"wp-image-25760\"\/><\/figure>\n","protected":false},"excerpt":{"rendered":"<p>La poeta uruguaya Circe Maia fue galardonada en Espa\u00f1a con el prestigioso Premio Internacional de Poes\u00eda Federico Garc\u00eda Lorca. Debido a su avanzada edad, la autora de 91 a\u00f1os no pudo viajar a la ciudad de Granada para recibir el reconocimiento. En su lugar, su hija Ana Nira Ferreira fue quien asisti\u00f3 a la ceremonia<\/p>\n","protected":false},"author":3,"featured_media":25760,"comment_status":"open","ping_status":"open","sticky":false,"template":"","format":"standard","meta":{"_eb_attr":"","footnotes":""},"categories":[16],"tags":[],"class_list":{"0":"post-25759","1":"post","2":"type-post","3":"status-publish","4":"format-standard","5":"has-post-thumbnail","7":"category-noticias"},"_links":{"self":[{"href":"https:\/\/tacuarembo.gub.uy\/index.php?rest_route=\/wp\/v2\/posts\/25759","targetHints":{"allow":["GET"]}}],"collection":[{"href":"https:\/\/tacuarembo.gub.uy\/index.php?rest_route=\/wp\/v2\/posts"}],"about":[{"href":"https:\/\/tacuarembo.gub.uy\/index.php?rest_route=\/wp\/v2\/types\/post"}],"author":[{"embeddable":true,"href":"https:\/\/tacuarembo.gub.uy\/index.php?rest_route=\/wp\/v2\/users\/3"}],"replies":[{"embeddable":true,"href":"https:\/\/tacuarembo.gub.uy\/index.php?rest_route=%2Fwp%2Fv2%2Fcomments&post=25759"}],"version-history":[{"count":1,"href":"https:\/\/tacuarembo.gub.uy\/index.php?rest_route=\/wp\/v2\/posts\/25759\/revisions"}],"predecessor-version":[{"id":25761,"href":"https:\/\/tacuarembo.gub.uy\/index.php?rest_route=\/wp\/v2\/posts\/25759\/revisions\/25761"}],"wp:featuredmedia":[{"embeddable":true,"href":"https:\/\/tacuarembo.gub.uy\/index.php?rest_route=\/wp\/v2\/media\/25760"}],"wp:attachment":[{"href":"https:\/\/tacuarembo.gub.uy\/index.php?rest_route=%2Fwp%2Fv2%2Fmedia&parent=25759"}],"wp:term":[{"taxonomy":"category","embeddable":true,"href":"https:\/\/tacuarembo.gub.uy\/index.php?rest_route=%2Fwp%2Fv2%2Fcategories&post=25759"},{"taxonomy":"post_tag","embeddable":true,"href":"https:\/\/tacuarembo.gub.uy\/index.php?rest_route=%2Fwp%2Fv2%2Ftags&post=25759"}],"curies":[{"name":"wp","href":"https:\/\/api.w.org\/{rel}","templated":true}]}}