{"id":25463,"date":"2024-05-03T14:51:17","date_gmt":"2024-05-03T17:51:17","guid":{"rendered":"https:\/\/tacuarembo.gub.uy\/?p=25463"},"modified":"2024-05-03T15:24:22","modified_gmt":"2024-05-03T18:24:22","slug":"asamblea-de-productores-del-programa-tacuarembo-emprende-sera-este-domingo-5","status":"publish","type":"post","link":"https:\/\/tacuarembo.gub.uy\/?p=25463","title":{"rendered":"Asamblea de productores del programa \u201cTacuaremb\u00f3 Emprende\u201d ser\u00e1 este domingo 5"},"content":{"rendered":"\n<p>El encuentro, organizado por la Intendencia de Tacuaremb\u00f3 a trav\u00e9s de la Direcci\u00f3n General de Desarrollo y Producci\u00f3n (IDT), tendr\u00e1 lugar a las 10 horas, en el Club Tacuaremb\u00f3.<\/p>\n\n\n\n<p>El director general de Desarrollo y Producci\u00f3n de la IDT, Carlos Men\u00e9ndez, destac\u00f3 la importancia de esta asamblea que reunir\u00e1 a aproximadamente 300 beneficiarios del proyecto: \u00abEs una oportunidad para el intercambio de ideas y experiencias entre los emprendedores\u00bb.<\/p>\n\n\n\n<p>En cuanto al programa \u00abTacuaremb\u00f3 Emprende\u00bb, explic\u00f3 que ofrece asistencia t\u00e9cnica y financiera a emprendedores en diversos sectores, como horticultura, apicultura, lecher\u00eda y ganader\u00eda familiar. Adem\u00e1s, se enfoca en el fomento del autoempleo y el emprendedurismo, buscando mejorar las condiciones de vida y el arraigo de los productores y sus familias.<\/p>\n\n\n\n<p>Men\u00e9ndez tambi\u00e9n resalt\u00f3 la expansi\u00f3n del proyecto, impulsada por el respaldo del Intendente Wilson Ezquerra, quien design\u00f3 a un colaborador en Paso de los Toros para ampliar y replicar el programa.<\/p>\n\n\n\n<p>La asamblea, que se espera sea a\u00fan m\u00e1s grande que la del Proyecto BID, es un paso importante en el apoyo continuo a los emprendedores locales, incentivando la permanencia en sus lugares de residencia, as\u00ed como el desarrollo de habilidades y conocimientos.<\/p>\n\n\n\n<div class=\"wp-block-image-gallery-block-image-gallery-block\"><div class=\"eb-parent-wrapper eb-parent-eb-image-gallery-p5zyk \"><div class=\"eb-gallery-img-wrapper eb-image-gallery-p5zyk grid overlay-bottom caption-style-0   no-isotope \" data-id=\"eb-image-gallery-p5zyk\"><a href=\"https:\/\/tacuarembo.gub.uy\/wp-content\/uploads\/WhatsApp-Image-2024-05-03-at-14.47.362.jpeg\" rel=\"noopener\" data-fslightbox=\"gallery\" data-type=\"image\" class=\"eb-gallery-img-content eb-filter-img-\"><span class=\"eb-gallery-link-wrapper\"><img decoding=\"async\" class=\"eb-gallery-img\" src=\"https:\/\/tacuarembo.gub.uy\/wp-content\/uploads\/WhatsApp-Image-2024-05-03-at-14.47.362.jpeg\" image-index=\"0\" alt=\"\"\/><\/span><\/a><a href=\"https:\/\/tacuarembo.gub.uy\/wp-content\/uploads\/WhatsApp-Image-2024-05-03-at-14.47.361.jpeg\" rel=\"noopener\" data-fslightbox=\"gallery\" data-type=\"image\" class=\"eb-gallery-img-content eb-filter-img-\"><span class=\"eb-gallery-link-wrapper\"><img decoding=\"async\" class=\"eb-gallery-img\" src=\"https:\/\/tacuarembo.gub.uy\/wp-content\/uploads\/WhatsApp-Image-2024-05-03-at-14.47.361.jpeg\" image-index=\"1\" alt=\"\"\/><\/span><\/a><a href=\"https:\/\/tacuarembo.gub.uy\/wp-content\/uploads\/WhatsApp-Image-2024-05-03-at-14.47.36.jpeg\" rel=\"noopener\" data-fslightbox=\"gallery\" data-type=\"image\" class=\"eb-gallery-img-content eb-filter-img-\"><span class=\"eb-gallery-link-wrapper\"><img decoding=\"async\" class=\"eb-gallery-img\" src=\"https:\/\/tacuarembo.gub.uy\/wp-content\/uploads\/WhatsApp-Image-2024-05-03-at-14.47.36.jpeg\" image-index=\"2\" alt=\"\"\/><\/span><\/a><\/div><\/div><\/div>\n","protected":false},"excerpt":{"rendered":"<p>El encuentro, organizado por la Intendencia de Tacuaremb\u00f3 a trav\u00e9s de la Direcci\u00f3n General de Desarrollo y Producci\u00f3n (IDT), tendr\u00e1 lugar a las 10 horas, en el Club Tacuaremb\u00f3<\/p>\n","protected":false},"author":3,"featured_media":25485,"comment_status":"open","ping_status":"open","sticky":false,"template":"","format":"standard","meta":{"_eb_attr":"","footnotes":""},"categories":[16],"tags":[],"class_list":{"0":"post-25463","1":"post","2":"type-post","3":"status-publish","4":"format-standard","5":"has-post-thumbnail","7":"category-noticias"},"_links":{"self":[{"href":"https:\/\/tacuarembo.gub.uy\/index.php?rest_route=\/wp\/v2\/posts\/25463","targetHints":{"allow":["GET"]}}],"collection":[{"href":"https:\/\/tacuarembo.gub.uy\/index.php?rest_route=\/wp\/v2\/posts"}],"about":[{"href":"https:\/\/tacuarembo.gub.uy\/index.php?rest_route=\/wp\/v2\/types\/post"}],"author":[{"embeddable":true,"href":"https:\/\/tacuarembo.gub.uy\/index.php?rest_route=\/wp\/v2\/users\/3"}],"replies":[{"embeddable":true,"href":"https:\/\/tacuarembo.gub.uy\/index.php?rest_route=%2Fwp%2Fv2%2Fcomments&post=25463"}],"version-history":[{"count":3,"href":"https:\/\/tacuarembo.gub.uy\/index.php?rest_route=\/wp\/v2\/posts\/25463\/revisions"}],"predecessor-version":[{"id":25489,"href":"https:\/\/tacuarembo.gub.uy\/index.php?rest_route=\/wp\/v2\/posts\/25463\/revisions\/25489"}],"wp:featuredmedia":[{"embeddable":true,"href":"https:\/\/tacuarembo.gub.uy\/index.php?rest_route=\/wp\/v2\/media\/25485"}],"wp:attachment":[{"href":"https:\/\/tacuarembo.gub.uy\/index.php?rest_route=%2Fwp%2Fv2%2Fmedia&parent=25463"}],"wp:term":[{"taxonomy":"category","embeddable":true,"href":"https:\/\/tacuarembo.gub.uy\/index.php?rest_route=%2Fwp%2Fv2%2Fcategories&post=25463"},{"taxonomy":"post_tag","embeddable":true,"href":"https:\/\/tacuarembo.gub.uy\/index.php?rest_route=%2Fwp%2Fv2%2Ftags&post=25463"}],"curies":[{"name":"wp","href":"https:\/\/api.w.org\/{rel}","templated":true}]}}