{"id":25459,"date":"2024-05-03T08:43:18","date_gmt":"2024-05-03T11:43:18","guid":{"rendered":"https:\/\/tacuarembo.gub.uy\/?p=25459"},"modified":"2024-05-03T08:43:31","modified_gmt":"2024-05-03T11:43:31","slug":"canoura-en-banda-el-regreso-de-laura-canoura-a-su-formato-mas-popular","status":"publish","type":"post","link":"https:\/\/tacuarembo.gub.uy\/?p=25459","title":{"rendered":"\u201cCanoura en banda\u201d: el regreso de Laura Canoura a su formato m\u00e1s popular"},"content":{"rendered":"\n<p>Una de las figuras m\u00e1s reconocidas dentro de la m\u00fasica popular uruguaya, junto con su banda completa, se presentar\u00e1 este s\u00e1bado 4 de mayo, en el Teatro Escayola.<\/p>\n\n\n\n<p>El show comenzar\u00e1 a las 20 horas y la artista estar\u00e1 acompa\u00f1ada por Juan Pablo Chapital (guitarra), Nacho Mateu (bajo y contrabajo), Mart\u00edn Ibarburu (bater\u00eda y percusi\u00f3n) y Jos\u00e9 Luis Yabar (guitarras).<\/p>\n\n\n\n<p>Las entradas para este espect\u00e1culo se pueden adquirir a trav\u00e9s de Tickantel y en la boleter\u00eda del Teatro Escayola.<\/p>\n\n\n\n<figure class=\"wp-block-image size-full\"><img loading=\"lazy\" decoding=\"async\" width=\"1080\" height=\"1102\" src=\"https:\/\/tacuarembo.gub.uy\/wp-content\/uploads\/1000097829.jpg\" alt=\"\" class=\"wp-image-25461\" srcset=\"https:\/\/tacuarembo.gub.uy\/wp-content\/uploads\/1000097829.jpg 1080w, https:\/\/tacuarembo.gub.uy\/wp-content\/uploads\/1000097829-768x784.jpg 768w\" sizes=\"auto, (max-width: 1080px) 100vw, 1080px\" \/><\/figure>\n","protected":false},"excerpt":{"rendered":"<p>Una de las figuras m\u00e1s reconocidas dentro de la m\u00fasica popular uruguaya, junto con su banda completa, se presentar\u00e1 este s\u00e1bado 4 de mayo, en el Teatro Escayola<\/p>\n","protected":false},"author":3,"featured_media":25460,"comment_status":"open","ping_status":"open","sticky":false,"template":"","format":"standard","meta":{"_eb_attr":"","footnotes":""},"categories":[16],"tags":[],"class_list":{"0":"post-25459","1":"post","2":"type-post","3":"status-publish","4":"format-standard","5":"has-post-thumbnail","7":"category-noticias"},"_links":{"self":[{"href":"https:\/\/tacuarembo.gub.uy\/index.php?rest_route=\/wp\/v2\/posts\/25459","targetHints":{"allow":["GET"]}}],"collection":[{"href":"https:\/\/tacuarembo.gub.uy\/index.php?rest_route=\/wp\/v2\/posts"}],"about":[{"href":"https:\/\/tacuarembo.gub.uy\/index.php?rest_route=\/wp\/v2\/types\/post"}],"author":[{"embeddable":true,"href":"https:\/\/tacuarembo.gub.uy\/index.php?rest_route=\/wp\/v2\/users\/3"}],"replies":[{"embeddable":true,"href":"https:\/\/tacuarembo.gub.uy\/index.php?rest_route=%2Fwp%2Fv2%2Fcomments&post=25459"}],"version-history":[{"count":1,"href":"https:\/\/tacuarembo.gub.uy\/index.php?rest_route=\/wp\/v2\/posts\/25459\/revisions"}],"predecessor-version":[{"id":25462,"href":"https:\/\/tacuarembo.gub.uy\/index.php?rest_route=\/wp\/v2\/posts\/25459\/revisions\/25462"}],"wp:featuredmedia":[{"embeddable":true,"href":"https:\/\/tacuarembo.gub.uy\/index.php?rest_route=\/wp\/v2\/media\/25460"}],"wp:attachment":[{"href":"https:\/\/tacuarembo.gub.uy\/index.php?rest_route=%2Fwp%2Fv2%2Fmedia&parent=25459"}],"wp:term":[{"taxonomy":"category","embeddable":true,"href":"https:\/\/tacuarembo.gub.uy\/index.php?rest_route=%2Fwp%2Fv2%2Fcategories&post=25459"},{"taxonomy":"post_tag","embeddable":true,"href":"https:\/\/tacuarembo.gub.uy\/index.php?rest_route=%2Fwp%2Fv2%2Ftags&post=25459"}],"curies":[{"name":"wp","href":"https:\/\/api.w.org\/{rel}","templated":true}]}}