{"id":25451,"date":"2024-05-02T12:30:00","date_gmt":"2024-05-02T15:30:00","guid":{"rendered":"https:\/\/tacuarembo.gub.uy\/?p=25451"},"modified":"2024-05-03T08:38:19","modified_gmt":"2024-05-03T11:38:19","slug":"intendente-wilson-ezquerra-y-ministro-jose-luis-falero-abordaron-temas-de-interes-para-tacuarembo","status":"publish","type":"post","link":"https:\/\/tacuarembo.gub.uy\/?p=25451","title":{"rendered":"Intendente Wilson Ezquerra y ministro Jos\u00e9 Luis Falero abordaron temas de inter\u00e9s para Tacuaremb\u00f3"},"content":{"rendered":"\n<p>El ministro de Transporte y Obras P\u00fablicas (MTOP), Jos\u00e9 Luis Falero, mantuvo una extensa reuni\u00f3n con el intendente Wilson Ezquerra. Durante el encuentro, que tuvo lugar el 1\u00ba de mayo, se trabaj\u00f3 sobre diversos temas de relevancia para el departamento.<\/p>\n\n\n\n<p>Uno de los puntos fue el Proyecto Tambores &#8211; Piedra Sola, que involucra a Tacuaremb\u00f3 y Paysand\u00fa. Falero mencion\u00f3 que se pusieron al d\u00eda en cuanto a este compromiso asumido para mejorar y acondicionar el camino de jurisdicci\u00f3n departamental. Las obras comenzar\u00e1n en el segundo semestre, buscando brindar mayor confort a los usuarios.<\/p>\n\n\n\n<p>Otro de los temas fue la situaci\u00f3n de emergencia declarada en la caminer\u00eda rural debido a las intensas lluvias. En ese sentido, Falero adelant\u00f3 que se acord\u00f3 destinar recursos extraordinarios, en colaboraci\u00f3n con el Ministerio de Econom\u00eda, para recuperar la infraestructura afectada. Adem\u00e1s, el MTOP proporcionar\u00e1 camiones con el fin de facilitar el traslado de la producci\u00f3n y la cosecha.<\/p>\n\n\n\n<p>En cuanto a infraestructura vial, se hizo hincapi\u00e9 en la recuperaci\u00f3n y mantenimiento de la Ruta 26, as\u00ed como la construcci\u00f3n pendiente de una rotonda en el by pass de la Ruta 31. Tambi\u00e9n se plante\u00f3 la mejora en las luminarias de acceso a Tacuaremb\u00f3 desde rutas nacionales.<\/p>\n\n\n\n<div class=\"wp-block-image-gallery-block-image-gallery-block\"><div class=\"eb-parent-wrapper eb-parent-eb-image-gallery-6yzto \"><div class=\"eb-gallery-img-wrapper eb-image-gallery-6yzto grid overlay-bottom caption-style-0   no-isotope \" data-id=\"eb-image-gallery-6yzto\"><a href=\"https:\/\/tacuarembo.gub.uy\/wp-content\/uploads\/WhatsApp-Image-2024-05-02-at-11.44.131.jpeg\" rel=\"noopener\" data-fslightbox=\"gallery\" data-type=\"image\" class=\"eb-gallery-img-content eb-filter-img-\"><span class=\"eb-gallery-link-wrapper\"><img decoding=\"async\" class=\"eb-gallery-img\" src=\"https:\/\/tacuarembo.gub.uy\/wp-content\/uploads\/WhatsApp-Image-2024-05-02-at-11.44.131.jpeg\" image-index=\"0\" alt=\"\"\/><\/span><\/a><a href=\"https:\/\/tacuarembo.gub.uy\/wp-content\/uploads\/WhatsApp-Image-2024-05-02-at-11.44.13.jpeg\" rel=\"noopener\" data-fslightbox=\"gallery\" data-type=\"image\" class=\"eb-gallery-img-content eb-filter-img-\"><span class=\"eb-gallery-link-wrapper\"><img decoding=\"async\" class=\"eb-gallery-img\" src=\"https:\/\/tacuarembo.gub.uy\/wp-content\/uploads\/WhatsApp-Image-2024-05-02-at-11.44.13.jpeg\" image-index=\"1\" alt=\"\"\/><\/span><\/a><\/div><\/div><\/div>\n","protected":false},"excerpt":{"rendered":"<p>El ministro de Transporte y Obras P\u00fablicas (MTOP), Jos\u00e9 Luis Falero, mantuvo una extensa reuni\u00f3n con el intendente Wilson Ezquerra. Durante el encuentro, que tuvo lugar el 1\u00ba de mayo, se trabaj\u00f3 sobre diversos temas de relevancia para el departamento<\/p>\n","protected":false},"author":3,"featured_media":25453,"comment_status":"open","ping_status":"open","sticky":false,"template":"","format":"standard","meta":{"_eb_attr":"","footnotes":""},"categories":[16,23],"tags":[],"class_list":{"0":"post-25451","1":"post","2":"type-post","3":"status-publish","4":"format-standard","5":"has-post-thumbnail","7":"category-noticias","8":"category-obras-en-construccion"},"_links":{"self":[{"href":"https:\/\/tacuarembo.gub.uy\/index.php?rest_route=\/wp\/v2\/posts\/25451","targetHints":{"allow":["GET"]}}],"collection":[{"href":"https:\/\/tacuarembo.gub.uy\/index.php?rest_route=\/wp\/v2\/posts"}],"about":[{"href":"https:\/\/tacuarembo.gub.uy\/index.php?rest_route=\/wp\/v2\/types\/post"}],"author":[{"embeddable":true,"href":"https:\/\/tacuarembo.gub.uy\/index.php?rest_route=\/wp\/v2\/users\/3"}],"replies":[{"embeddable":true,"href":"https:\/\/tacuarembo.gub.uy\/index.php?rest_route=%2Fwp%2Fv2%2Fcomments&post=25451"}],"version-history":[{"count":1,"href":"https:\/\/tacuarembo.gub.uy\/index.php?rest_route=\/wp\/v2\/posts\/25451\/revisions"}],"predecessor-version":[{"id":25454,"href":"https:\/\/tacuarembo.gub.uy\/index.php?rest_route=\/wp\/v2\/posts\/25451\/revisions\/25454"}],"wp:featuredmedia":[{"embeddable":true,"href":"https:\/\/tacuarembo.gub.uy\/index.php?rest_route=\/wp\/v2\/media\/25453"}],"wp:attachment":[{"href":"https:\/\/tacuarembo.gub.uy\/index.php?rest_route=%2Fwp%2Fv2%2Fmedia&parent=25451"}],"wp:term":[{"taxonomy":"category","embeddable":true,"href":"https:\/\/tacuarembo.gub.uy\/index.php?rest_route=%2Fwp%2Fv2%2Fcategories&post=25451"},{"taxonomy":"post_tag","embeddable":true,"href":"https:\/\/tacuarembo.gub.uy\/index.php?rest_route=%2Fwp%2Fv2%2Ftags&post=25451"}],"curies":[{"name":"wp","href":"https:\/\/api.w.org\/{rel}","templated":true}]}}