{"id":25447,"date":"2024-05-02T12:40:05","date_gmt":"2024-05-02T15:40:05","guid":{"rendered":"https:\/\/tacuarembo.gub.uy\/?p=25447"},"modified":"2024-05-02T12:40:07","modified_gmt":"2024-05-02T15:40:07","slug":"teatro-escayola-se-exhibira-hoy-la-pelicula-el-padre-de-gardel","status":"publish","type":"post","link":"https:\/\/tacuarembo.gub.uy\/?p=25447","title":{"rendered":"Teatro Escayola: se exhibir\u00e1 hoy la pel\u00edcula \u201cEl padre de Gardel\u201d"},"content":{"rendered":"\n<p>La funci\u00f3n es con entrada libre y gratuita y tendr\u00e1 lugar a las 19 horas. Se contar\u00e1 con la presencia del director y realizador Ricardo Casos, quien expres\u00f3 su expectativa por conocer las obras ejecutadas en el Teatro Escayola de Tacuaremb\u00f3: \u201cEs una gran noticia y me da mucha ilusi\u00f3n ver ese lugar funcionado, m\u00e1s a\u00fan con la proyecci\u00f3n \u201cEl padre de Gardel\u201d.<\/p>\n\n\n\n<p>Se trata de una pel\u00edcula con entrevistas e informaci\u00f3n sobre la vida del Coronel Carlos F\u00e9lix Escayola Medina y la inc\u00f3gnita sobre su relaci\u00f3n de parentesco con el cantante de tango Carlos Gardel.<\/p>\n\n\n\n<p>El documental, que se propone indagar en cada detalle de la biograf\u00eda de Escayola, cuenta con entrevistas a varios de sus descendientes e investigadores de la cultura local. La pel\u00edcula se plantea demostrar la hip\u00f3tesis de que Gardel realmente naci\u00f3 en la estancia Santa Blanca en Valle Ed\u00e9n, como hijo ileg\u00edtimo del coronel Escayola y de su cu\u00f1ada menor de edad, Mar\u00eda Lelia Oliva.<\/p>\n\n\n\n<figure class=\"wp-block-image size-large\"><img loading=\"lazy\" decoding=\"async\" width=\"800\" height=\"420\" src=\"https:\/\/tacuarembo.gub.uy\/wp-content\/uploads\/WhatsApp-Image-2024-05-02-at-11.42.43-800x420.jpeg\" alt=\"\" class=\"wp-image-25449\"\/><\/figure>\n","protected":false},"excerpt":{"rendered":"<p>La funci\u00f3n es con entrada libre y gratuita y tendr\u00e1 lugar a las 19 horas. Se contar\u00e1 con la presencia del director y realizador Ricardo Casos, quien expres\u00f3 su expectativa por conocer las obras ejecutadas en el Teatro Escayola de Tacuaremb\u00f3: \u201cEs una gran noticia y me da mucha ilusi\u00f3n ver ese lugar funcionado, m\u00e1s a\u00fan con la proyecci\u00f3n \u201cEl padre de Gardel\u201d.<\/p>\n","protected":false},"author":3,"featured_media":25448,"comment_status":"open","ping_status":"open","sticky":false,"template":"","format":"standard","meta":{"_eb_attr":"","footnotes":""},"categories":[16],"tags":[],"class_list":{"0":"post-25447","1":"post","2":"type-post","3":"status-publish","4":"format-standard","5":"has-post-thumbnail","7":"category-noticias"},"_links":{"self":[{"href":"https:\/\/tacuarembo.gub.uy\/index.php?rest_route=\/wp\/v2\/posts\/25447","targetHints":{"allow":["GET"]}}],"collection":[{"href":"https:\/\/tacuarembo.gub.uy\/index.php?rest_route=\/wp\/v2\/posts"}],"about":[{"href":"https:\/\/tacuarembo.gub.uy\/index.php?rest_route=\/wp\/v2\/types\/post"}],"author":[{"embeddable":true,"href":"https:\/\/tacuarembo.gub.uy\/index.php?rest_route=\/wp\/v2\/users\/3"}],"replies":[{"embeddable":true,"href":"https:\/\/tacuarembo.gub.uy\/index.php?rest_route=%2Fwp%2Fv2%2Fcomments&post=25447"}],"version-history":[{"count":1,"href":"https:\/\/tacuarembo.gub.uy\/index.php?rest_route=\/wp\/v2\/posts\/25447\/revisions"}],"predecessor-version":[{"id":25450,"href":"https:\/\/tacuarembo.gub.uy\/index.php?rest_route=\/wp\/v2\/posts\/25447\/revisions\/25450"}],"wp:featuredmedia":[{"embeddable":true,"href":"https:\/\/tacuarembo.gub.uy\/index.php?rest_route=\/wp\/v2\/media\/25448"}],"wp:attachment":[{"href":"https:\/\/tacuarembo.gub.uy\/index.php?rest_route=%2Fwp%2Fv2%2Fmedia&parent=25447"}],"wp:term":[{"taxonomy":"category","embeddable":true,"href":"https:\/\/tacuarembo.gub.uy\/index.php?rest_route=%2Fwp%2Fv2%2Fcategories&post=25447"},{"taxonomy":"post_tag","embeddable":true,"href":"https:\/\/tacuarembo.gub.uy\/index.php?rest_route=%2Fwp%2Fv2%2Ftags&post=25447"}],"curies":[{"name":"wp","href":"https:\/\/api.w.org\/{rel}","templated":true}]}}