{"id":25434,"date":"2024-04-30T19:56:05","date_gmt":"2024-04-30T22:56:05","guid":{"rendered":"https:\/\/tacuarembo.gub.uy\/?p=25434"},"modified":"2024-04-30T19:56:07","modified_gmt":"2024-04-30T22:56:07","slug":"el-espectaculo-como-3-extranos-deleito-en-el-centro-cultural-teatro-escayola","status":"publish","type":"post","link":"https:\/\/tacuarembo.gub.uy\/?p=25434","title":{"rendered":"El espect\u00e1culo \u201cComo 3 extra\u00f1os\u201d deleit\u00f3 en el Centro Cultural Teatro Escayola"},"content":{"rendered":"\n<p>La temporada inaugural de espect\u00e1culos y shows en el Centro Cultural Teatro Escayola cont\u00f3 con el espect\u00e1culo \u201cComo 3 extra\u00f1os\u201d que conjug\u00f3 tango, milonga, candombe y vals, ante un excelente marco de p\u00fablico.<\/p>\n\n\n\n<p>Protagonizado por Gast\u00f3n R\u00edos en voz y acompa\u00f1ado por las guitarras de Bernardo Sanguinetti, Carl\u00edn Levratto y Marcelo Santamarina, el show despert\u00f3 aplausos y se sum\u00f3 a la grilla de eventos del recientemente reinaugurado especio.<\/p>\n\n\n\n<figure class=\"wp-block-image size-full\"><img loading=\"lazy\" decoding=\"async\" width=\"1080\" height=\"1080\" src=\"https:\/\/tacuarembo.gub.uy\/wp-content\/uploads\/1000097380.jpg\" alt=\"\" class=\"wp-image-25435\" srcset=\"https:\/\/tacuarembo.gub.uy\/wp-content\/uploads\/1000097380.jpg 1080w, https:\/\/tacuarembo.gub.uy\/wp-content\/uploads\/1000097380-768x768.jpg 768w\" sizes=\"auto, (max-width: 1080px) 100vw, 1080px\" \/><\/figure>\n\n\n\n<p>La pareja de baile compuesta por \u00c1lvaro Cuello y Larissa Garc\u00eda acompa\u00f1\u00f3 las interpretaciones del grupo que actu\u00f3 el pasado viernes 26 de abril.<\/p>\n\n\n\n<p>Se recuerda que las entradas para todos los espect\u00e1culos se pueden adquirir a trav\u00e9s de Tickantel.<\/p>\n\n\n\n<p><strong>Programaci\u00f3n<\/strong><\/p>\n\n\n\n<p>2 de mayo: El Padre de Gardel (cine)<br>3 de mayo: Presentaci\u00f3n del \u00faltimo libro de Diego Fischer<br>4 de mayo; Laura Canoura y su banda<br>9 de mayo: Puro Chamuyo<br>11 y12 de mayo: \u00abSer Humana\u00bb (de Angie O\u00f1a)<br>17 de mayo: Copla Alta<br>18 de mayo: Loli Molina<br>24 de mayo \u00abOtras cuerdas desatadas\u00bb &#8211; Eduardo Larbanois<\/p>\n\n\n\n<div class=\"wp-block-image-gallery-block-image-gallery-block\"><div class=\"eb-parent-wrapper eb-parent-eb-image-gallery-jtxnf \"><div class=\"eb-gallery-img-wrapper eb-image-gallery-jtxnf grid overlay-bottom caption-style-0   no-isotope \" data-id=\"eb-image-gallery-jtxnf\"><a href=\"https:\/\/tacuarembo.gub.uy\/wp-content\/uploads\/1000097389.jpg\" rel=\"noopener\" data-fslightbox=\"gallery\" data-type=\"image\" class=\"eb-gallery-img-content eb-filter-img-\"><span class=\"eb-gallery-link-wrapper\"><img decoding=\"async\" class=\"eb-gallery-img\" src=\"https:\/\/tacuarembo.gub.uy\/wp-content\/uploads\/1000097389.jpg\" image-index=\"0\" alt=\"\"\/><\/span><\/a><a href=\"https:\/\/tacuarembo.gub.uy\/wp-content\/uploads\/1000097388.jpg\" rel=\"noopener\" data-fslightbox=\"gallery\" data-type=\"image\" class=\"eb-gallery-img-content eb-filter-img-\"><span class=\"eb-gallery-link-wrapper\"><img decoding=\"async\" class=\"eb-gallery-img\" src=\"https:\/\/tacuarembo.gub.uy\/wp-content\/uploads\/1000097388.jpg\" image-index=\"1\" alt=\"\"\/><\/span><\/a><a href=\"https:\/\/tacuarembo.gub.uy\/wp-content\/uploads\/1000097385.jpg\" rel=\"noopener\" data-fslightbox=\"gallery\" data-type=\"image\" class=\"eb-gallery-img-content eb-filter-img-\"><span class=\"eb-gallery-link-wrapper\"><img decoding=\"async\" class=\"eb-gallery-img\" src=\"https:\/\/tacuarembo.gub.uy\/wp-content\/uploads\/1000097385.jpg\" image-index=\"2\" alt=\"\"\/><\/span><\/a><a href=\"https:\/\/tacuarembo.gub.uy\/wp-content\/uploads\/1000097386.jpg\" rel=\"noopener\" data-fslightbox=\"gallery\" data-type=\"image\" class=\"eb-gallery-img-content eb-filter-img-\"><span class=\"eb-gallery-link-wrapper\"><img decoding=\"async\" class=\"eb-gallery-img\" src=\"https:\/\/tacuarembo.gub.uy\/wp-content\/uploads\/1000097386.jpg\" image-index=\"3\" alt=\"\"\/><\/span><\/a><a href=\"https:\/\/tacuarembo.gub.uy\/wp-content\/uploads\/1000097387.jpg\" rel=\"noopener\" data-fslightbox=\"gallery\" data-type=\"image\" class=\"eb-gallery-img-content eb-filter-img-\"><span class=\"eb-gallery-link-wrapper\"><img decoding=\"async\" class=\"eb-gallery-img\" src=\"https:\/\/tacuarembo.gub.uy\/wp-content\/uploads\/1000097387.jpg\" image-index=\"4\" alt=\"\"\/><\/span><\/a><a href=\"https:\/\/tacuarembo.gub.uy\/wp-content\/uploads\/1000097384.jpg\" rel=\"noopener\" data-fslightbox=\"gallery\" data-type=\"image\" class=\"eb-gallery-img-content eb-filter-img-\"><span class=\"eb-gallery-link-wrapper\"><img decoding=\"async\" class=\"eb-gallery-img\" src=\"https:\/\/tacuarembo.gub.uy\/wp-content\/uploads\/1000097384.jpg\" image-index=\"5\" alt=\"\"\/><\/span><\/a><a href=\"https:\/\/tacuarembo.gub.uy\/wp-content\/uploads\/1000097383.jpg\" rel=\"noopener\" data-fslightbox=\"gallery\" data-type=\"image\" class=\"eb-gallery-img-content eb-filter-img-\"><span class=\"eb-gallery-link-wrapper\"><img decoding=\"async\" class=\"eb-gallery-img\" src=\"https:\/\/tacuarembo.gub.uy\/wp-content\/uploads\/1000097383.jpg\" image-index=\"6\" alt=\"\"\/><\/span><\/a><a href=\"https:\/\/tacuarembo.gub.uy\/wp-content\/uploads\/1000097382.jpg\" rel=\"noopener\" data-fslightbox=\"gallery\" data-type=\"image\" class=\"eb-gallery-img-content eb-filter-img-\"><span class=\"eb-gallery-link-wrapper\"><img decoding=\"async\" class=\"eb-gallery-img\" src=\"https:\/\/tacuarembo.gub.uy\/wp-content\/uploads\/1000097382.jpg\" image-index=\"7\" alt=\"\"\/><\/span><\/a><a href=\"https:\/\/tacuarembo.gub.uy\/wp-content\/uploads\/1000097381.jpg\" rel=\"noopener\" data-fslightbox=\"gallery\" data-type=\"image\" class=\"eb-gallery-img-content eb-filter-img-\"><span class=\"eb-gallery-link-wrapper\"><img decoding=\"async\" class=\"eb-gallery-img\" src=\"https:\/\/tacuarembo.gub.uy\/wp-content\/uploads\/1000097381.jpg\" image-index=\"8\" alt=\"\"\/><\/span><\/a><\/div><\/div><\/div>\n","protected":false},"excerpt":{"rendered":"<p>La temporada inaugural de espect\u00e1culos y shows en el Centro Cultural Teatro Escayola cont\u00f3 con el espect\u00e1culo \u201cComo 3 extra\u00f1os\u201d que conjug\u00f3 tango, milonga, candombe y vals, ante un excelente marco de p\u00fablico<\/p>\n","protected":false},"author":3,"featured_media":25441,"comment_status":"open","ping_status":"open","sticky":false,"template":"","format":"standard","meta":{"_eb_attr":"","footnotes":""},"categories":[16],"tags":[],"class_list":{"0":"post-25434","1":"post","2":"type-post","3":"status-publish","4":"format-standard","5":"has-post-thumbnail","7":"category-noticias"},"_links":{"self":[{"href":"https:\/\/tacuarembo.gub.uy\/index.php?rest_route=\/wp\/v2\/posts\/25434","targetHints":{"allow":["GET"]}}],"collection":[{"href":"https:\/\/tacuarembo.gub.uy\/index.php?rest_route=\/wp\/v2\/posts"}],"about":[{"href":"https:\/\/tacuarembo.gub.uy\/index.php?rest_route=\/wp\/v2\/types\/post"}],"author":[{"embeddable":true,"href":"https:\/\/tacuarembo.gub.uy\/index.php?rest_route=\/wp\/v2\/users\/3"}],"replies":[{"embeddable":true,"href":"https:\/\/tacuarembo.gub.uy\/index.php?rest_route=%2Fwp%2Fv2%2Fcomments&post=25434"}],"version-history":[{"count":1,"href":"https:\/\/tacuarembo.gub.uy\/index.php?rest_route=\/wp\/v2\/posts\/25434\/revisions"}],"predecessor-version":[{"id":25445,"href":"https:\/\/tacuarembo.gub.uy\/index.php?rest_route=\/wp\/v2\/posts\/25434\/revisions\/25445"}],"wp:featuredmedia":[{"embeddable":true,"href":"https:\/\/tacuarembo.gub.uy\/index.php?rest_route=\/wp\/v2\/media\/25441"}],"wp:attachment":[{"href":"https:\/\/tacuarembo.gub.uy\/index.php?rest_route=%2Fwp%2Fv2%2Fmedia&parent=25434"}],"wp:term":[{"taxonomy":"category","embeddable":true,"href":"https:\/\/tacuarembo.gub.uy\/index.php?rest_route=%2Fwp%2Fv2%2Fcategories&post=25434"},{"taxonomy":"post_tag","embeddable":true,"href":"https:\/\/tacuarembo.gub.uy\/index.php?rest_route=%2Fwp%2Fv2%2Ftags&post=25434"}],"curies":[{"name":"wp","href":"https:\/\/api.w.org\/{rel}","templated":true}]}}