{"id":25430,"date":"2024-05-01T06:52:00","date_gmt":"2024-05-01T09:52:00","guid":{"rendered":"https:\/\/tacuarembo.gub.uy\/?p=25430"},"modified":"2024-04-30T18:54:46","modified_gmt":"2024-04-30T21:54:46","slug":"idt-comparte-un-afectuoso-saludo-en-el-dia-de-los-trabajadores","status":"publish","type":"post","link":"https:\/\/tacuarembo.gub.uy\/?p=25430","title":{"rendered":"IDT comparte un afectuoso saludo en el D\u00eda de los Trabajadores"},"content":{"rendered":"\n<p>El Intendente Wilson Ezquerra, en representaci\u00f3n del gobierno departamental, comparte un afectuoso saludo a todos los trabajadores de Tacuaremb\u00f3, reconoci\u00e9ndolos como pilares fundamentales en el desarrollo del departamento.<\/p>\n\n\n\n<p>Con motivo de esta fecha, que se conmemora cada 1\u00b0 de mayo, se informa a la poblaci\u00f3n que durante la referida jornada no se brindar\u00e1 el servicio de recolecci\u00f3n de residuos ni habr\u00e1 transporte urbano disponible. En este sentido, se solicita a los vecinos que eviten sacar la basura a la v\u00eda p\u00fablica para mantener la limpieza y el orden en la ciudad.<\/p>\n\n\n\n<p>Ambas actividades, la recolecci\u00f3n de residuos y el transporte urbano, retomar\u00e1n sus horarios habituales a partir del 2 de mayo.<\/p>\n\n\n\n<figure class=\"wp-block-image size-full\"><img loading=\"lazy\" decoding=\"async\" width=\"1081\" height=\"1080\" src=\"https:\/\/tacuarembo.gub.uy\/wp-content\/uploads\/1000097349.jpg\" alt=\"\" class=\"wp-image-25432\" srcset=\"https:\/\/tacuarembo.gub.uy\/wp-content\/uploads\/1000097349.jpg 1081w, https:\/\/tacuarembo.gub.uy\/wp-content\/uploads\/1000097349-768x767.jpg 768w\" sizes=\"auto, (max-width: 1081px) 100vw, 1081px\" \/><\/figure>\n","protected":false},"excerpt":{"rendered":"<p>El Intendente Wilson Ezquerra, en representaci\u00f3n del gobierno departamental, comparte un afectuoso saludo a todos los trabajadores de Tacuaremb\u00f3, reconoci\u00e9ndolos como pilares fundamentales en el desarrollo del departamento<\/p>\n","protected":false},"author":3,"featured_media":25431,"comment_status":"open","ping_status":"open","sticky":false,"template":"","format":"standard","meta":{"_eb_attr":"","footnotes":""},"categories":[16],"tags":[],"class_list":{"0":"post-25430","1":"post","2":"type-post","3":"status-publish","4":"format-standard","5":"has-post-thumbnail","7":"category-noticias"},"_links":{"self":[{"href":"https:\/\/tacuarembo.gub.uy\/index.php?rest_route=\/wp\/v2\/posts\/25430","targetHints":{"allow":["GET"]}}],"collection":[{"href":"https:\/\/tacuarembo.gub.uy\/index.php?rest_route=\/wp\/v2\/posts"}],"about":[{"href":"https:\/\/tacuarembo.gub.uy\/index.php?rest_route=\/wp\/v2\/types\/post"}],"author":[{"embeddable":true,"href":"https:\/\/tacuarembo.gub.uy\/index.php?rest_route=\/wp\/v2\/users\/3"}],"replies":[{"embeddable":true,"href":"https:\/\/tacuarembo.gub.uy\/index.php?rest_route=%2Fwp%2Fv2%2Fcomments&post=25430"}],"version-history":[{"count":1,"href":"https:\/\/tacuarembo.gub.uy\/index.php?rest_route=\/wp\/v2\/posts\/25430\/revisions"}],"predecessor-version":[{"id":25433,"href":"https:\/\/tacuarembo.gub.uy\/index.php?rest_route=\/wp\/v2\/posts\/25430\/revisions\/25433"}],"wp:featuredmedia":[{"embeddable":true,"href":"https:\/\/tacuarembo.gub.uy\/index.php?rest_route=\/wp\/v2\/media\/25431"}],"wp:attachment":[{"href":"https:\/\/tacuarembo.gub.uy\/index.php?rest_route=%2Fwp%2Fv2%2Fmedia&parent=25430"}],"wp:term":[{"taxonomy":"category","embeddable":true,"href":"https:\/\/tacuarembo.gub.uy\/index.php?rest_route=%2Fwp%2Fv2%2Fcategories&post=25430"},{"taxonomy":"post_tag","embeddable":true,"href":"https:\/\/tacuarembo.gub.uy\/index.php?rest_route=%2Fwp%2Fv2%2Ftags&post=25430"}],"curies":[{"name":"wp","href":"https:\/\/api.w.org\/{rel}","templated":true}]}}