{"id":25426,"date":"2024-04-30T16:15:31","date_gmt":"2024-04-30T19:15:31","guid":{"rendered":"https:\/\/tacuarembo.gub.uy\/?p=25426"},"modified":"2024-04-30T16:15:33","modified_gmt":"2024-04-30T19:15:33","slug":"temporada-inaugural-teatro-escayola","status":"publish","type":"post","link":"https:\/\/tacuarembo.gub.uy\/?p=25426","title":{"rendered":"Temporada inaugural Teatro Escayola"},"content":{"rendered":"\n<p><br>La Intendencia de Tacuaremb\u00f3 informa que, dentro de su temporada inaugural del Teatro Escayola, para los pr\u00f3ximos d\u00edas se podr\u00e1 disfrutar de las siguientes actividades:e-Jueves 2 de mayo: 19:00 horas, Cine \u201cEl Padre de Gardel\u201d, con la presencia del Director Ricardo Casas, la entrada es libre.<br>-Viernes 3 de mayo: 19:00 horas, presentaci\u00f3n del \u00faltimo libro de Diego Fischer: \u201cEl precio de una traici\u00f3n, la entrada es libre.<br>-S\u00e1bado 4 de mayo: 20:00 horas, Laura Canoura \u201cEn Banda\u201d, entradas en venta en Tickantel y boleter\u00eda de la Sala.<\/p>\n\n\n\n<figure class=\"wp-block-image size-full\"><img loading=\"lazy\" decoding=\"async\" width=\"1080\" height=\"1080\" src=\"https:\/\/tacuarembo.gub.uy\/wp-content\/uploads\/WhatsApp-Image-2024-04-30-at-16.12.17.jpeg\" alt=\"\" class=\"wp-image-25427\" srcset=\"https:\/\/tacuarembo.gub.uy\/wp-content\/uploads\/WhatsApp-Image-2024-04-30-at-16.12.17.jpeg 1080w, https:\/\/tacuarembo.gub.uy\/wp-content\/uploads\/WhatsApp-Image-2024-04-30-at-16.12.17-768x768.jpeg 768w\" sizes=\"auto, (max-width: 1080px) 100vw, 1080px\" \/><\/figure>\n\n\n\n<figure class=\"wp-block-image size-full\"><img loading=\"lazy\" decoding=\"async\" width=\"1080\" height=\"1080\" src=\"https:\/\/tacuarembo.gub.uy\/wp-content\/uploads\/WhatsApp-Image-2024-04-30-at-16.12.26.jpeg\" alt=\"\" class=\"wp-image-25428\" srcset=\"https:\/\/tacuarembo.gub.uy\/wp-content\/uploads\/WhatsApp-Image-2024-04-30-at-16.12.26.jpeg 1080w, https:\/\/tacuarembo.gub.uy\/wp-content\/uploads\/WhatsApp-Image-2024-04-30-at-16.12.26-768x768.jpeg 768w\" sizes=\"auto, (max-width: 1080px) 100vw, 1080px\" \/><\/figure>\n","protected":false},"excerpt":{"rendered":"<p>La Intendencia de Tacuaremb\u00f3 informa que, dentro de su temporada inaugural del Teatro Escayola, para los pr\u00f3ximos d\u00edas se podr\u00e1 disfrutar de las siguientes actividades:e-Jueves 2 de mayo: 19:00 horas, Cine \u201cEl Padre de Gardel\u201d, con la presencia del Director Ricardo Casas, la entrada es libre.<\/p>\n","protected":false},"author":3,"featured_media":25427,"comment_status":"open","ping_status":"open","sticky":false,"template":"","format":"standard","meta":{"_eb_attr":"","footnotes":""},"categories":[38],"tags":[],"class_list":{"0":"post-25426","1":"post","2":"type-post","3":"status-publish","4":"format-standard","5":"has-post-thumbnail","7":"category-comunicados-de-prensa"},"_links":{"self":[{"href":"https:\/\/tacuarembo.gub.uy\/index.php?rest_route=\/wp\/v2\/posts\/25426","targetHints":{"allow":["GET"]}}],"collection":[{"href":"https:\/\/tacuarembo.gub.uy\/index.php?rest_route=\/wp\/v2\/posts"}],"about":[{"href":"https:\/\/tacuarembo.gub.uy\/index.php?rest_route=\/wp\/v2\/types\/post"}],"author":[{"embeddable":true,"href":"https:\/\/tacuarembo.gub.uy\/index.php?rest_route=\/wp\/v2\/users\/3"}],"replies":[{"embeddable":true,"href":"https:\/\/tacuarembo.gub.uy\/index.php?rest_route=%2Fwp%2Fv2%2Fcomments&post=25426"}],"version-history":[{"count":1,"href":"https:\/\/tacuarembo.gub.uy\/index.php?rest_route=\/wp\/v2\/posts\/25426\/revisions"}],"predecessor-version":[{"id":25429,"href":"https:\/\/tacuarembo.gub.uy\/index.php?rest_route=\/wp\/v2\/posts\/25426\/revisions\/25429"}],"wp:featuredmedia":[{"embeddable":true,"href":"https:\/\/tacuarembo.gub.uy\/index.php?rest_route=\/wp\/v2\/media\/25427"}],"wp:attachment":[{"href":"https:\/\/tacuarembo.gub.uy\/index.php?rest_route=%2Fwp%2Fv2%2Fmedia&parent=25426"}],"wp:term":[{"taxonomy":"category","embeddable":true,"href":"https:\/\/tacuarembo.gub.uy\/index.php?rest_route=%2Fwp%2Fv2%2Fcategories&post=25426"},{"taxonomy":"post_tag","embeddable":true,"href":"https:\/\/tacuarembo.gub.uy\/index.php?rest_route=%2Fwp%2Fv2%2Ftags&post=25426"}],"curies":[{"name":"wp","href":"https:\/\/api.w.org\/{rel}","templated":true}]}}