{"id":25375,"date":"2024-04-23T17:50:48","date_gmt":"2024-04-23T20:50:48","guid":{"rendered":"https:\/\/tacuarembo.gub.uy\/?p=25375"},"modified":"2024-04-23T18:46:00","modified_gmt":"2024-04-23T21:46:00","slug":"comienza-la-temporada-inaugural-de-espectaculos-en-el-centro-cultural-teatro-escayola","status":"publish","type":"post","link":"https:\/\/tacuarembo.gub.uy\/?p=25375","title":{"rendered":"Comienza la temporada inaugural de espect\u00e1culos en el Centro Cultural Teatro Escayola"},"content":{"rendered":"\n<p>Con un espect\u00e1culo de tango, milonga, candombe y vals se dar\u00e1 inicio a la temprada inaugural en el Centro Cultural Teatro Escayola<\/p>\n\n\n\n<p>Este viernes 26 de abril, a las 20 horas, el escenario se iluminar\u00e1 con \u201cComo 3 extra\u00f1os\u00bb, protagonizado por Gast\u00f3n R\u00edos en voz y acompa\u00f1ado por las guitarras de Bernardo Sanguinetti, Carl\u00edn Levratto y Marcelo Santamarina.<\/p>\n\n\n\n<p>Las entradas est\u00e1n disponibles a trav\u00e9s de Tickantel.<\/p>\n\n\n\n<figure class=\"wp-block-image size-full\"><img loading=\"lazy\" decoding=\"async\" width=\"1080\" height=\"1080\" src=\"https:\/\/tacuarembo.gub.uy\/wp-content\/uploads\/IMG-20240423-WA0043.jpg\" alt=\"\" class=\"wp-image-25376\" srcset=\"https:\/\/tacuarembo.gub.uy\/wp-content\/uploads\/IMG-20240423-WA0043.jpg 1080w, https:\/\/tacuarembo.gub.uy\/wp-content\/uploads\/IMG-20240423-WA0043-768x768.jpg 768w\" sizes=\"auto, (max-width: 1080px) 100vw, 1080px\" \/><\/figure>\n","protected":false},"excerpt":{"rendered":"<p>Con un espect\u00e1culo de tango, milonga, candombe y vals se dar\u00e1 inicio a la temprada inaugural en el Centro Cultural Teatro Escayola<\/p>\n","protected":false},"author":3,"featured_media":25376,"comment_status":"open","ping_status":"open","sticky":false,"template":"","format":"standard","meta":{"_eb_attr":"","footnotes":""},"categories":[16],"tags":[],"class_list":{"0":"post-25375","1":"post","2":"type-post","3":"status-publish","4":"format-standard","5":"has-post-thumbnail","7":"category-noticias"},"_links":{"self":[{"href":"https:\/\/tacuarembo.gub.uy\/index.php?rest_route=\/wp\/v2\/posts\/25375","targetHints":{"allow":["GET"]}}],"collection":[{"href":"https:\/\/tacuarembo.gub.uy\/index.php?rest_route=\/wp\/v2\/posts"}],"about":[{"href":"https:\/\/tacuarembo.gub.uy\/index.php?rest_route=\/wp\/v2\/types\/post"}],"author":[{"embeddable":true,"href":"https:\/\/tacuarembo.gub.uy\/index.php?rest_route=\/wp\/v2\/users\/3"}],"replies":[{"embeddable":true,"href":"https:\/\/tacuarembo.gub.uy\/index.php?rest_route=%2Fwp%2Fv2%2Fcomments&post=25375"}],"version-history":[{"count":2,"href":"https:\/\/tacuarembo.gub.uy\/index.php?rest_route=\/wp\/v2\/posts\/25375\/revisions"}],"predecessor-version":[{"id":25378,"href":"https:\/\/tacuarembo.gub.uy\/index.php?rest_route=\/wp\/v2\/posts\/25375\/revisions\/25378"}],"wp:featuredmedia":[{"embeddable":true,"href":"https:\/\/tacuarembo.gub.uy\/index.php?rest_route=\/wp\/v2\/media\/25376"}],"wp:attachment":[{"href":"https:\/\/tacuarembo.gub.uy\/index.php?rest_route=%2Fwp%2Fv2%2Fmedia&parent=25375"}],"wp:term":[{"taxonomy":"category","embeddable":true,"href":"https:\/\/tacuarembo.gub.uy\/index.php?rest_route=%2Fwp%2Fv2%2Fcategories&post=25375"},{"taxonomy":"post_tag","embeddable":true,"href":"https:\/\/tacuarembo.gub.uy\/index.php?rest_route=%2Fwp%2Fv2%2Ftags&post=25375"}],"curies":[{"name":"wp","href":"https:\/\/api.w.org\/{rel}","templated":true}]}}