{"id":25324,"date":"2024-04-22T16:33:01","date_gmt":"2024-04-22T19:33:01","guid":{"rendered":"https:\/\/tacuarembo.gub.uy\/?p=25324"},"modified":"2024-04-22T16:33:03","modified_gmt":"2024-04-22T19:33:03","slug":"idt-se-adhiere-al-dia-mundial-de-la-tierra","status":"publish","type":"post","link":"https:\/\/tacuarembo.gub.uy\/?p=25324","title":{"rendered":"IDT se adhiere al D\u00eda mundial de la tierra"},"content":{"rendered":"\n<p>Este 22 de abril se celebra en todo el mundo el D\u00eda Mundial de la Tierra, una fecha orientada a sensibilizar sobre la importancia de conservar y proteger el medio ambiente. En este contexto, la Intendencia de Tacuaremb\u00f3 (IDT) se suma a esta iniciativa con actividades enfocadas en promover la conciencia ambiental.<\/p>\n\n\n\n<p>El director general de Ambiente de la IDT, Jorge Castelli, destac\u00f3 la relevancia de esta jornada, se\u00f1alando que \u00abtodos podemos contribuir de manera positiva al cuidado de nuestro planeta, ya sea mediante la preservaci\u00f3n del agua, la reducci\u00f3n de desechos, la plantaci\u00f3n de \u00e1rboles o fomentando el inter\u00e9s de los ni\u00f1os en temas ambientales\u00bb.<\/p>\n\n\n\n<p>En ese sentido, se llevar\u00e1n a cabo actividades como la plantaci\u00f3n de \u00e1rboles en Villa Tambores y la Escuela N\u00b070 del barrio Torres a lo largo de esta semana.<\/p>\n\n\n\n<p>Castelli record\u00f3 que el lema de este a\u00f1o apunta a reducir el consumo de pl\u00e1stico y destac\u00f3 las acciones que desde el gobierno departamental se est\u00e1n implementando para mitigar y preservar el entorno. Entre ellas, mencion\u00f3 la incorporaci\u00f3n de botelleros en los centros educativos, la promoci\u00f3n de la clasificaci\u00f3n selectiva de residuos en los hogares, as\u00ed como el reciclaje y la reutilizaci\u00f3n de materiales.<\/p>\n\n\n\n<p>Subray\u00f3 la urgencia de estas medidas, mencionando que \u00aben la actualidad el mundo produce 890 millones de toneladas de pl\u00e1stico, de las cuales solo se recicla un 9%, lo que demuestra la importancia de cualquier acci\u00f3n que contribuya a mitigar este problema, ya que estos elementos tardan muchos a\u00f1os en degradarse\u00bb.<\/p>\n","protected":false},"excerpt":{"rendered":"<p>Este 22 de abril se celebra en todo el mundo el D\u00eda Mundial de la Tierra, una fecha orientada a sensibilizar sobre la importancia de conservar y proteger el medio ambiente. En este contexto, la Intendencia de Tacuaremb\u00f3 (IDT) se suma a esta iniciativa con actividades enfocadas en promover la conciencia ambiental<\/p>\n","protected":false},"author":3,"featured_media":25325,"comment_status":"open","ping_status":"open","sticky":false,"template":"","format":"standard","meta":{"_eb_attr":"","footnotes":""},"categories":[16],"tags":[],"class_list":{"0":"post-25324","1":"post","2":"type-post","3":"status-publish","4":"format-standard","5":"has-post-thumbnail","7":"category-noticias"},"_links":{"self":[{"href":"https:\/\/tacuarembo.gub.uy\/index.php?rest_route=\/wp\/v2\/posts\/25324","targetHints":{"allow":["GET"]}}],"collection":[{"href":"https:\/\/tacuarembo.gub.uy\/index.php?rest_route=\/wp\/v2\/posts"}],"about":[{"href":"https:\/\/tacuarembo.gub.uy\/index.php?rest_route=\/wp\/v2\/types\/post"}],"author":[{"embeddable":true,"href":"https:\/\/tacuarembo.gub.uy\/index.php?rest_route=\/wp\/v2\/users\/3"}],"replies":[{"embeddable":true,"href":"https:\/\/tacuarembo.gub.uy\/index.php?rest_route=%2Fwp%2Fv2%2Fcomments&post=25324"}],"version-history":[{"count":1,"href":"https:\/\/tacuarembo.gub.uy\/index.php?rest_route=\/wp\/v2\/posts\/25324\/revisions"}],"predecessor-version":[{"id":25326,"href":"https:\/\/tacuarembo.gub.uy\/index.php?rest_route=\/wp\/v2\/posts\/25324\/revisions\/25326"}],"wp:featuredmedia":[{"embeddable":true,"href":"https:\/\/tacuarembo.gub.uy\/index.php?rest_route=\/wp\/v2\/media\/25325"}],"wp:attachment":[{"href":"https:\/\/tacuarembo.gub.uy\/index.php?rest_route=%2Fwp%2Fv2%2Fmedia&parent=25324"}],"wp:term":[{"taxonomy":"category","embeddable":true,"href":"https:\/\/tacuarembo.gub.uy\/index.php?rest_route=%2Fwp%2Fv2%2Fcategories&post=25324"},{"taxonomy":"post_tag","embeddable":true,"href":"https:\/\/tacuarembo.gub.uy\/index.php?rest_route=%2Fwp%2Fv2%2Ftags&post=25324"}],"curies":[{"name":"wp","href":"https:\/\/api.w.org\/{rel}","templated":true}]}}