{"id":25293,"date":"2024-04-20T12:36:49","date_gmt":"2024-04-20T15:36:49","guid":{"rendered":"https:\/\/tacuarembo.gub.uy\/?p=25293"},"modified":"2024-05-03T08:48:55","modified_gmt":"2024-05-03T11:48:55","slug":"reinauguracion-del-teatro-escayola-un-sueno-hecho-realidad-para-tacuarembo","status":"publish","type":"post","link":"https:\/\/tacuarembo.gub.uy\/?p=25293","title":{"rendered":"Reinauguraci\u00f3n del Teatro Escayola: un sue\u00f1o hecho realidad para Tacuaremb\u00f3"},"content":{"rendered":"\n<p>En una ceremonia cargada de emoci\u00f3n y orgullo, el Teatro Escayola de Tacuaremb\u00f3 reabri\u00f3 sus puertas tras una obra de recuperaci\u00f3n que revitaliz\u00f3 este \u00edcono cultural. El Intendente Wilson Ezquerra destac\u00f3 su importancia, enfatizando que el teatro une al Museo de Arte y al Museo del Gaucho que son espacios fundamentales para la identidad y la vida cultural.<\/p>\n\n\n\n<p>Se\u00f1al\u00f3 que pasaron m\u00e1s de 60 a\u00f1os hasta el d\u00eda de hoy \u201cque estamos presentando las obras y muchos eventos culturales que habr\u00e1n de suceder de aqu\u00ed en m\u00e1s; este lugar es un \u00edcono de la cultura tacuaremboense y uruguaya que ahora tenemos que cuidar, preservar y proyectar\u201d, expres\u00f3.<\/p>\n\n\n\n<figure class=\"wp-block-embed is-provider-youtube wp-block-embed-youtube\"><div class=\"wp-block-embed__wrapper\">\n<iframe loading=\"lazy\" title=\"Emisi\u00f3n en directo de Intendencia de Tacuaremb\u00f3\" width=\"1080\" height=\"608\" src=\"https:\/\/www.youtube.com\/embed\/Q85CVAHlJe8?feature=oembed\" frameborder=\"0\" allow=\"accelerometer; autoplay; clipboard-write; encrypted-media; gyroscope; picture-in-picture; web-share\" referrerpolicy=\"strict-origin-when-cross-origin\" allowfullscreen><\/iframe>\n<\/div><\/figure>\n\n\n\n<p>La ceremonia cont\u00f3 con la presencia del presidente de la Rep\u00fablica, Luis Lacalle Pou, quien elogi\u00f3 la labor realizada y resalt\u00f3 la necesidad de preservar y promover estos espacios de arte y cultura. La inversi\u00f3n total super\u00f3 los 80 millones de pesos que se realiz\u00f3 mediante el Programa de Desarrollo y Gesti\u00f3n Subnacional (PDGS) de la Oficina de Planeamiento y Presupuesto (OPP).<\/p>\n\n\n\n<p>El acto tuvo lugar este viernes 19 frente al propio teatro, donde estuvieron el ministro de Educaci\u00f3n y Cultura, Pablo da Silveira; el presidente del Correo Uruguayo, Rafael Navarrine; el director de Cultura de la comuna, Carlos Arezo, y la presidenta del Sodre, Adela Dubra, entre otras autoridades nacionales y departamentales.<\/p>\n\n\n\n<p>Hubo agradecimientos especiales para la Direcci\u00f3n General de Obras y todos los trabajadores involucrados en la restauraci\u00f3n, as\u00ed como al director general de Cultura, Carlos Arezo.<\/p>\n\n\n\n<p>La gala cont\u00f3 con la actuaci\u00f3n de la Orquesta Juvenil del Sodre y tambi\u00e9n del cantante Lucas Sugo que interpret\u00f3 el tango \u201cVolver\u201d de Alfredo Le Pera y Carlos Gardel.<\/p>\n\n\n\n<p>El presidente Lacalle Pou destac\u00f3 que la cultura fortalece y enriquece, y que el teatro es un espacio vital para el arte y la creatividad. La recuperaci\u00f3n del Teatro Escayola no solo implic\u00f3 renovaciones estructurales, sino tambi\u00e9n la incorporaci\u00f3n de tecnolog\u00eda y la preservaci\u00f3n de elementos hist\u00f3ricos que lo caracterizan.<\/p>\n\n\n\n<p>El acto cont\u00f3 con el tradcional corte de cinta y el descubrimiento de una placa alusiva. Adem\u00e1s, hubo un recorrido por las instalaciones y se realiz\u00f3 el matasellado de un sello conmemorativo por parte del presidente Lacalle Pou.<\/p>\n\n\n\n<p>Teatro Escayola<\/p>\n\n\n\n<p>El Teatro Escayola fue inaugurado el 31 de mayo de 1891 y funcion\u00f3 hasta mediados de la d\u00e9cada de 1950. En 1989, el Poder Ejecutivo declar\u00f3 el edificio monumento hist\u00f3rico, hecho ratificado en 2022 por el Gobierno departamental, en virtud del cese de la declaraci\u00f3n de car\u00e1cter nacional.<\/p>\n\n\n\n<p>A finales del a\u00f1o 2014, la Intendencia de Tacuaremb\u00f3 adquiri\u00f3 el inmueble y previ\u00f3 la transformaci\u00f3n del Teatro Escayola en un centro cultural. Las nuevas instalaciones, ubicadas en la calle 25 de Mayo -entre Luis Alberto de Herrera y Joaqu\u00edn Suarez-, incluyen en la actualidad una sala de teatro, dos museos en las alas laterales, el Museo de Artes Pl\u00e1sticas de Tacuaremb\u00f3, y el Museo del Gaucho.<\/p>\n\n\n\n\n\n<div class=\"wp-block-image-gallery-block-image-gallery-block\"><div class=\"eb-parent-wrapper eb-parent-eb-image-gallery-aorum \"><div class=\"eb-gallery-img-wrapper eb-image-gallery-aorum grid overlay-bottom caption-style-0   no-isotope \" data-id=\"eb-image-gallery-aorum\"><a href=\"https:\/\/tacuarembo.gub.uy\/wp-content\/uploads\/IMG-20240420-WA0022.jpg\" rel=\"noopener\" data-fslightbox=\"gallery\" data-type=\"image\" class=\"eb-gallery-img-content eb-filter-img-\"><span class=\"eb-gallery-link-wrapper\"><img decoding=\"async\" class=\"eb-gallery-img\" src=\"https:\/\/tacuarembo.gub.uy\/wp-content\/uploads\/IMG-20240420-WA0022.jpg\" image-index=\"0\" alt=\"\"\/><\/span><\/a><a href=\"https:\/\/tacuarembo.gub.uy\/wp-content\/uploads\/IMG-20240420-WA0021.jpg\" rel=\"noopener\" data-fslightbox=\"gallery\" data-type=\"image\" class=\"eb-gallery-img-content eb-filter-img-\"><span class=\"eb-gallery-link-wrapper\"><img decoding=\"async\" class=\"eb-gallery-img\" src=\"https:\/\/tacuarembo.gub.uy\/wp-content\/uploads\/IMG-20240420-WA0021.jpg\" image-index=\"1\" alt=\"\"\/><\/span><\/a><a href=\"https:\/\/tacuarembo.gub.uy\/wp-content\/uploads\/IMG-20240420-WA0018.jpg\" rel=\"noopener\" data-fslightbox=\"gallery\" data-type=\"image\" class=\"eb-gallery-img-content eb-filter-img-\"><span class=\"eb-gallery-link-wrapper\"><img decoding=\"async\" class=\"eb-gallery-img\" src=\"https:\/\/tacuarembo.gub.uy\/wp-content\/uploads\/IMG-20240420-WA0018.jpg\" image-index=\"2\" alt=\"\"\/><\/span><\/a><a href=\"https:\/\/tacuarembo.gub.uy\/wp-content\/uploads\/IMG-20240420-WA0020.jpg\" rel=\"noopener\" data-fslightbox=\"gallery\" data-type=\"image\" class=\"eb-gallery-img-content eb-filter-img-\"><span class=\"eb-gallery-link-wrapper\"><img decoding=\"async\" class=\"eb-gallery-img\" src=\"https:\/\/tacuarembo.gub.uy\/wp-content\/uploads\/IMG-20240420-WA0020.jpg\" image-index=\"3\" alt=\"\"\/><\/span><\/a><a href=\"https:\/\/tacuarembo.gub.uy\/wp-content\/uploads\/IMG-20240420-WA0019.jpg\" rel=\"noopener\" data-fslightbox=\"gallery\" data-type=\"image\" class=\"eb-gallery-img-content eb-filter-img-\"><span class=\"eb-gallery-link-wrapper\"><img decoding=\"async\" class=\"eb-gallery-img\" src=\"https:\/\/tacuarembo.gub.uy\/wp-content\/uploads\/IMG-20240420-WA0019.jpg\" image-index=\"4\" alt=\"\"\/><\/span><\/a><a href=\"https:\/\/tacuarembo.gub.uy\/wp-content\/uploads\/IMG-20240420-WA0010.jpg\" rel=\"noopener\" data-fslightbox=\"gallery\" data-type=\"image\" class=\"eb-gallery-img-content eb-filter-img-\"><span class=\"eb-gallery-link-wrapper\"><img decoding=\"async\" class=\"eb-gallery-img\" src=\"https:\/\/tacuarembo.gub.uy\/wp-content\/uploads\/IMG-20240420-WA0010.jpg\" image-index=\"5\" alt=\"\"\/><\/span><\/a><a href=\"https:\/\/tacuarembo.gub.uy\/wp-content\/uploads\/IMG-20240420-WA0017.jpg\" rel=\"noopener\" data-fslightbox=\"gallery\" data-type=\"image\" class=\"eb-gallery-img-content eb-filter-img-\"><span class=\"eb-gallery-link-wrapper\"><img decoding=\"async\" class=\"eb-gallery-img\" src=\"https:\/\/tacuarembo.gub.uy\/wp-content\/uploads\/IMG-20240420-WA0017.jpg\" image-index=\"6\" alt=\"\"\/><\/span><\/a><a href=\"https:\/\/tacuarembo.gub.uy\/wp-content\/uploads\/IMG-20240420-WA0016.jpg\" rel=\"noopener\" data-fslightbox=\"gallery\" data-type=\"image\" class=\"eb-gallery-img-content eb-filter-img-\"><span class=\"eb-gallery-link-wrapper\"><img decoding=\"async\" class=\"eb-gallery-img\" src=\"https:\/\/tacuarembo.gub.uy\/wp-content\/uploads\/IMG-20240420-WA0016.jpg\" image-index=\"7\" alt=\"\"\/><\/span><\/a><a href=\"https:\/\/tacuarembo.gub.uy\/wp-content\/uploads\/IMG-20240420-WA0015.jpg\" rel=\"noopener\" data-fslightbox=\"gallery\" data-type=\"image\" class=\"eb-gallery-img-content eb-filter-img-\"><span class=\"eb-gallery-link-wrapper\"><img decoding=\"async\" class=\"eb-gallery-img\" src=\"https:\/\/tacuarembo.gub.uy\/wp-content\/uploads\/IMG-20240420-WA0015.jpg\" image-index=\"8\" alt=\"\"\/><\/span><\/a><a href=\"https:\/\/tacuarembo.gub.uy\/wp-content\/uploads\/IMG-20240420-WA0014.jpg\" rel=\"noopener\" data-fslightbox=\"gallery\" data-type=\"image\" class=\"eb-gallery-img-content eb-filter-img-\"><span class=\"eb-gallery-link-wrapper\"><img decoding=\"async\" class=\"eb-gallery-img\" src=\"https:\/\/tacuarembo.gub.uy\/wp-content\/uploads\/IMG-20240420-WA0014.jpg\" image-index=\"9\" alt=\"\"\/><\/span><\/a><a href=\"https:\/\/tacuarembo.gub.uy\/wp-content\/uploads\/IMG-20240420-WA0013.jpg\" rel=\"noopener\" data-fslightbox=\"gallery\" data-type=\"image\" class=\"eb-gallery-img-content eb-filter-img-\"><span class=\"eb-gallery-link-wrapper\"><img decoding=\"async\" class=\"eb-gallery-img\" src=\"https:\/\/tacuarembo.gub.uy\/wp-content\/uploads\/IMG-20240420-WA0013.jpg\" image-index=\"10\" alt=\"\"\/><\/span><\/a><a href=\"https:\/\/tacuarembo.gub.uy\/wp-content\/uploads\/IMG-20240420-WA0012.jpg\" rel=\"noopener\" data-fslightbox=\"gallery\" data-type=\"image\" class=\"eb-gallery-img-content eb-filter-img-\"><span class=\"eb-gallery-link-wrapper\"><img decoding=\"async\" class=\"eb-gallery-img\" src=\"https:\/\/tacuarembo.gub.uy\/wp-content\/uploads\/IMG-20240420-WA0012.jpg\" image-index=\"11\" alt=\"\"\/><\/span><\/a><a href=\"https:\/\/tacuarembo.gub.uy\/wp-content\/uploads\/IMG-20240420-WA0011.jpg\" rel=\"noopener\" data-fslightbox=\"gallery\" data-type=\"image\" class=\"eb-gallery-img-content eb-filter-img-\"><span class=\"eb-gallery-link-wrapper\"><img decoding=\"async\" class=\"eb-gallery-img\" src=\"https:\/\/tacuarembo.gub.uy\/wp-content\/uploads\/IMG-20240420-WA0011.jpg\" image-index=\"12\" alt=\"\"\/><\/span><\/a><\/div><\/div><\/div>\n","protected":false},"excerpt":{"rendered":"<p>En una ceremonia cargada de emoci\u00f3n y orgullo, el Teatro Escayola de Tacuaremb\u00f3 reabri\u00f3 sus puertas tras una obra de recuperaci\u00f3n que revitaliz\u00f3 este \u00edcono cultural. El Intendente Wilson Ezquerra destac\u00f3 su importancia, enfatizando que el teatro une al Museo de Arte y al Museo del Gaucho que son espacios fundamentales para la identidad y la vida cultural<\/p>\n","protected":false},"author":3,"featured_media":25300,"comment_status":"open","ping_status":"open","sticky":false,"template":"","format":"standard","meta":{"_eb_attr":"","footnotes":""},"categories":[16,23],"tags":[],"class_list":{"0":"post-25293","1":"post","2":"type-post","3":"status-publish","4":"format-standard","5":"has-post-thumbnail","7":"category-noticias","8":"category-obras-en-construccion"},"_links":{"self":[{"href":"https:\/\/tacuarembo.gub.uy\/index.php?rest_route=\/wp\/v2\/posts\/25293","targetHints":{"allow":["GET"]}}],"collection":[{"href":"https:\/\/tacuarembo.gub.uy\/index.php?rest_route=\/wp\/v2\/posts"}],"about":[{"href":"https:\/\/tacuarembo.gub.uy\/index.php?rest_route=\/wp\/v2\/types\/post"}],"author":[{"embeddable":true,"href":"https:\/\/tacuarembo.gub.uy\/index.php?rest_route=\/wp\/v2\/users\/3"}],"replies":[{"embeddable":true,"href":"https:\/\/tacuarembo.gub.uy\/index.php?rest_route=%2Fwp%2Fv2%2Fcomments&post=25293"}],"version-history":[{"count":2,"href":"https:\/\/tacuarembo.gub.uy\/index.php?rest_route=\/wp\/v2\/posts\/25293\/revisions"}],"predecessor-version":[{"id":25308,"href":"https:\/\/tacuarembo.gub.uy\/index.php?rest_route=\/wp\/v2\/posts\/25293\/revisions\/25308"}],"wp:featuredmedia":[{"embeddable":true,"href":"https:\/\/tacuarembo.gub.uy\/index.php?rest_route=\/wp\/v2\/media\/25300"}],"wp:attachment":[{"href":"https:\/\/tacuarembo.gub.uy\/index.php?rest_route=%2Fwp%2Fv2%2Fmedia&parent=25293"}],"wp:term":[{"taxonomy":"category","embeddable":true,"href":"https:\/\/tacuarembo.gub.uy\/index.php?rest_route=%2Fwp%2Fv2%2Fcategories&post=25293"},{"taxonomy":"post_tag","embeddable":true,"href":"https:\/\/tacuarembo.gub.uy\/index.php?rest_route=%2Fwp%2Fv2%2Ftags&post=25293"}],"curies":[{"name":"wp","href":"https:\/\/api.w.org\/{rel}","templated":true}]}}