{"id":25287,"date":"2024-04-18T19:18:06","date_gmt":"2024-04-18T22:18:06","guid":{"rendered":"https:\/\/tacuarembo.gub.uy\/?p=25287"},"modified":"2024-04-18T19:22:01","modified_gmt":"2024-04-18T22:22:01","slug":"desembarco-de-los-treinta-y-tres-orientales-tendra-su-acto-recordatorio-en-la-plaza-19-de-abril","status":"publish","type":"post","link":"https:\/\/tacuarembo.gub.uy\/?p=25287","title":{"rendered":"Desembarco de los Treinta y Tres Orientales tendr\u00e1 su acto recordatorio en la Plaza 19 de Abril"},"content":{"rendered":"\n<figure class=\"wp-block-image size-large\"><img loading=\"lazy\" decoding=\"async\" width=\"800\" height=\"420\" src=\"https:\/\/tacuarembo.gub.uy\/wp-content\/uploads\/1000095727-800x420.jpg\" alt=\"\" class=\"wp-image-25288\"\/><\/figure>\n\n\n\n<p>En conmemoraci\u00f3n del 199\u00b0 aniversario del Desembarco de los Treinta y Tres Orientales, hecho que tuvo lugar el 19 de abril de 1825 en la Playa de la Agraciada, se llevar\u00e1 a cabo el acto recordatorio.<\/p>\n\n\n\n<p>Se invita a participar de la instancia central que tendr\u00e1 lugar este viernes 19 de abril, a las 10 horas, en la Plaza 19 de Abril.<\/p>\n\n\n\n<p>El programa elaborado por la Comisi\u00f3n Patri\u00f3tica de Tacuaremb\u00f3 se desarrollar\u00e1 de acuerdo al siguiente detalle:<\/p>\n\n\n\n<p>Salida del sol<\/p>\n\n\n\n<p>-A las 07.08 horas, en la Plaza 19 de Abril se har\u00e1 el izamiento de pabellones patrios con honores a cargo de Jefatura de Polic\u00eda.<\/p>\n\n\n\n<p>-A las 10 horas: Concentraci\u00f3n c\u00edvico militar de abanderados y escoltas de instituciones y organismos p\u00fablicos y privados de ense\u00f1anza y clubes de servicio, en la Plaza 19 de Abril.<\/p>\n\n\n\n<p>-Entonaci\u00f3n del Himno Nacional.<\/p>\n\n\n\n<p>-Danza a cargo de alumnos de la Escuela N.\u00ba 157, grupo Los Gauchitos de los Molles.<\/p>\n\n\n\n<p>-Oratoria: mensaje alusivo a la fecha a cargo de Instituto de Formaci\u00f3n Docente de Tacuaremb\u00f3, por parte de la estudiante de profesorado de Historia, Juliana Pedrozo Vigneaux.<\/p>\n\n\n\n<p>-Entrega de ofrenda floral a cargo de la Comisi\u00f3n Patri\u00f3tica, seguido de toque de silencio por parte del Trompa del Regimiento \u201cMisiones\u201d de Caballer\u00eda Blindado N\u00ba 5.<\/p>\n\n\n\n<p>-Marcha Mi Bandera, en primera instancia coreada por los presentes, y una segunda interpretaci\u00f3n para retiro de las delegaciones de abanderados y escoltas.<\/p>\n\n\n\n<p>Entrada del sol<\/p>\n\n\n\n<p>-A las 18:16 horas: arriar Pabellones Patrios con honores por parte de la Jefatura de Polic\u00eda.<\/p>\n\n\n\n<p>Adem\u00e1s, a las 15 horas est\u00e1 prevista la inauguraci\u00f3n del Centro de atenci\u00f3n de adicciones \u201cSue\u00f1o de Libertad\u201d, Ruta 26 casi Ruta 5. En tanto, a la hora 17 se har\u00e1 la reinauguraci\u00f3n del Teatro Escayola, 25 de Mayo 157.<\/p>\n","protected":false},"excerpt":{"rendered":"<p>En conmemoraci\u00f3n del 199\u00b0 aniversario del Desembarco de los Treinta y Tres Orientales, hecho que tuvo lugar el 19 de abril de 1825 en la Playa de la Agraciada, se llevar\u00e1 a cabo el acto recordatorio.<\/p>\n","protected":false},"author":3,"featured_media":25288,"comment_status":"open","ping_status":"open","sticky":false,"template":"","format":"standard","meta":{"_eb_attr":"","footnotes":""},"categories":[16],"tags":[],"class_list":{"0":"post-25287","1":"post","2":"type-post","3":"status-publish","4":"format-standard","5":"has-post-thumbnail","7":"category-noticias"},"_links":{"self":[{"href":"https:\/\/tacuarembo.gub.uy\/index.php?rest_route=\/wp\/v2\/posts\/25287","targetHints":{"allow":["GET"]}}],"collection":[{"href":"https:\/\/tacuarembo.gub.uy\/index.php?rest_route=\/wp\/v2\/posts"}],"about":[{"href":"https:\/\/tacuarembo.gub.uy\/index.php?rest_route=\/wp\/v2\/types\/post"}],"author":[{"embeddable":true,"href":"https:\/\/tacuarembo.gub.uy\/index.php?rest_route=\/wp\/v2\/users\/3"}],"replies":[{"embeddable":true,"href":"https:\/\/tacuarembo.gub.uy\/index.php?rest_route=%2Fwp%2Fv2%2Fcomments&post=25287"}],"version-history":[{"count":2,"href":"https:\/\/tacuarembo.gub.uy\/index.php?rest_route=\/wp\/v2\/posts\/25287\/revisions"}],"predecessor-version":[{"id":25291,"href":"https:\/\/tacuarembo.gub.uy\/index.php?rest_route=\/wp\/v2\/posts\/25287\/revisions\/25291"}],"wp:featuredmedia":[{"embeddable":true,"href":"https:\/\/tacuarembo.gub.uy\/index.php?rest_route=\/wp\/v2\/media\/25288"}],"wp:attachment":[{"href":"https:\/\/tacuarembo.gub.uy\/index.php?rest_route=%2Fwp%2Fv2%2Fmedia&parent=25287"}],"wp:term":[{"taxonomy":"category","embeddable":true,"href":"https:\/\/tacuarembo.gub.uy\/index.php?rest_route=%2Fwp%2Fv2%2Fcategories&post=25287"},{"taxonomy":"post_tag","embeddable":true,"href":"https:\/\/tacuarembo.gub.uy\/index.php?rest_route=%2Fwp%2Fv2%2Ftags&post=25287"}],"curies":[{"name":"wp","href":"https:\/\/api.w.org\/{rel}","templated":true}]}}