{"id":25259,"date":"2024-04-18T08:40:33","date_gmt":"2024-04-18T11:40:33","guid":{"rendered":"https:\/\/tacuarembo.gub.uy\/?p=25259"},"modified":"2024-04-18T21:37:44","modified_gmt":"2024-04-19T00:37:44","slug":"destacan-funcionamiento-y-rendimiento-de-omnibus-electricos-en-el-transporte-urbano-departamental","status":"publish","type":"post","link":"https:\/\/tacuarembo.gub.uy\/?p=25259","title":{"rendered":"Destacan funcionamiento y rendimiento de \u00f3mnibus el\u00e9ctricos en el transporte urbano departamental"},"content":{"rendered":"\n<p>El secretario general de la IDT, Jos\u00e9 Omar Men\u00e9ndez, el asesor del Ministerio de Industria, Energ\u00eda y Miner\u00eda (MIEM), Sebasti\u00e1n Lattanzio, y el director de Paleson, Manuel Delucchi, resaltaron el \u00e9xito y el rendimiento de los \u00f3mnibus el\u00e9ctricos en el transporte urbano departamental de Tacuaremb\u00f3.<\/p>\n\n\n\n<p>Men\u00e9ndez elogi\u00f3 la colaboraci\u00f3n sostenida con el MIEM a lo largo del tiempo, especialmente enfocada en el Proyecto Subite Buses, que ha permitido la adquisici\u00f3n de dos \u00f3mnibus el\u00e9ctricos por parte de la Intendencia de Tacuaremb\u00f3. Destac\u00f3 que los primeros 10 mil kil\u00f3metros de funcionamiento demuestran un ahorro significativo en combustible, adem\u00e1s de un correcto funcionamiento y bajo costo de mantenimiento.<\/p>\n\n\n\n<figure class=\"wp-block-embed is-provider-youtube wp-block-embed-youtube\"><div class=\"wp-block-embed__wrapper\">\n<iframe loading=\"lazy\" title=\"Rendimiento de los Omnibus El\u00e9ctricos en Tacuaremb\u00f3\" width=\"1080\" height=\"608\" src=\"https:\/\/www.youtube.com\/embed\/SruMKvf9K44?feature=oembed\" frameborder=\"0\" allow=\"accelerometer; autoplay; clipboard-write; encrypted-media; gyroscope; picture-in-picture; web-share\" referrerpolicy=\"strict-origin-when-cross-origin\" allowfullscreen><\/iframe>\n<\/div><\/figure>\n\n\n\n<p>Por su parte, Lattanzio felicit\u00f3 al gobierno departamental por la iniciativa y anunci\u00f3 la llegada de un tercer veh\u00edculo el\u00e9ctrico como parte del Programa Subite Buses. Asimismo, remarc\u00f3 otros proyectos colaborativos, como la implementaci\u00f3n de iluminaci\u00f3n LED y tecnolog\u00eda solar en el Museo de las Huellas de los Dinosaurios, la mejora de garitas de \u00f3mnibus con tecnolog\u00eda fotovoltaica, y el apoyo en la instalaci\u00f3n de calefones de tecnolog\u00eda combinada en el Hogar Estudiantil.<\/p>\n\n\n\n<p>Delucchi, representante de Paleson (proveedora de la marca Ankai) comparti\u00f3 su satisfacci\u00f3n por la implementaci\u00f3n exitosa del proyecto en Tacuaremb\u00f3, resaltando el compromiso y la capacitaci\u00f3n del personal involucrado. Adem\u00e1s, proporcion\u00f3 datos sobre el costo operativo, indicando que circular con un \u00f3mnibus el\u00e9ctrico tiene un costo de alrededor de 4 pesos por kil\u00f3metro, en comparaci\u00f3n con los 17 pesos por kil\u00f3metro de un veh\u00edculo a combusti\u00f3n, evidenciando as\u00ed la eficiencia y econom\u00eda de la tecnolog\u00eda el\u00e9ctrica en el transporte p\u00fablico.<\/p>\n\n\n\n<div class=\"wp-block-image-gallery-block-image-gallery-block\"><div class=\"eb-parent-wrapper eb-parent-eb-image-gallery-53vpu \"><div class=\"eb-gallery-img-wrapper eb-image-gallery-53vpu grid overlay-bottom caption-style-0   no-isotope \" data-id=\"eb-image-gallery-53vpu\"><a href=\"https:\/\/tacuarembo.gub.uy\/wp-content\/uploads\/WhatsApp-Image-2024-04-17-at-23.03.392.jpeg\" rel=\"noopener\" data-fslightbox=\"gallery\" data-type=\"image\" class=\"eb-gallery-img-content eb-filter-img-\"><span class=\"eb-gallery-link-wrapper\"><img decoding=\"async\" class=\"eb-gallery-img\" src=\"https:\/\/tacuarembo.gub.uy\/wp-content\/uploads\/WhatsApp-Image-2024-04-17-at-23.03.392.jpeg\" image-index=\"0\" alt=\"\"\/><\/span><\/a><a href=\"https:\/\/tacuarembo.gub.uy\/wp-content\/uploads\/WhatsApp-Image-2024-04-17-at-23.03.391.jpeg\" rel=\"noopener\" data-fslightbox=\"gallery\" data-type=\"image\" class=\"eb-gallery-img-content eb-filter-img-\"><span class=\"eb-gallery-link-wrapper\"><img decoding=\"async\" class=\"eb-gallery-img\" src=\"https:\/\/tacuarembo.gub.uy\/wp-content\/uploads\/WhatsApp-Image-2024-04-17-at-23.03.391.jpeg\" image-index=\"1\" alt=\"\"\/><\/span><\/a><a href=\"https:\/\/tacuarembo.gub.uy\/wp-content\/uploads\/WhatsApp-Image-2024-04-17-at-23.03.39.jpeg\" rel=\"noopener\" data-fslightbox=\"gallery\" data-type=\"image\" class=\"eb-gallery-img-content eb-filter-img-\"><span class=\"eb-gallery-link-wrapper\"><img decoding=\"async\" class=\"eb-gallery-img\" src=\"https:\/\/tacuarembo.gub.uy\/wp-content\/uploads\/WhatsApp-Image-2024-04-17-at-23.03.39.jpeg\" image-index=\"2\" alt=\"\"\/><\/span><\/a><a href=\"https:\/\/tacuarembo.gub.uy\/wp-content\/uploads\/WhatsApp-Image-2024-04-17-at-23.03.384.jpeg\" rel=\"noopener\" data-fslightbox=\"gallery\" data-type=\"image\" class=\"eb-gallery-img-content eb-filter-img-\"><span class=\"eb-gallery-link-wrapper\"><img decoding=\"async\" class=\"eb-gallery-img\" src=\"https:\/\/tacuarembo.gub.uy\/wp-content\/uploads\/WhatsApp-Image-2024-04-17-at-23.03.384.jpeg\" image-index=\"3\" alt=\"\"\/><\/span><\/a><a href=\"https:\/\/tacuarembo.gub.uy\/wp-content\/uploads\/WhatsApp-Image-2024-04-17-at-23.03.383.jpeg\" rel=\"noopener\" data-fslightbox=\"gallery\" data-type=\"image\" class=\"eb-gallery-img-content eb-filter-img-\"><span class=\"eb-gallery-link-wrapper\"><img decoding=\"async\" class=\"eb-gallery-img\" src=\"https:\/\/tacuarembo.gub.uy\/wp-content\/uploads\/WhatsApp-Image-2024-04-17-at-23.03.383.jpeg\" image-index=\"4\" alt=\"\"\/><\/span><\/a><a href=\"https:\/\/tacuarembo.gub.uy\/wp-content\/uploads\/WhatsApp-Image-2024-04-17-at-23.03.382.jpeg\" rel=\"noopener\" data-fslightbox=\"gallery\" data-type=\"image\" class=\"eb-gallery-img-content eb-filter-img-\"><span class=\"eb-gallery-link-wrapper\"><img decoding=\"async\" class=\"eb-gallery-img\" src=\"https:\/\/tacuarembo.gub.uy\/wp-content\/uploads\/WhatsApp-Image-2024-04-17-at-23.03.382.jpeg\" image-index=\"5\" alt=\"\"\/><\/span><\/a><a href=\"https:\/\/tacuarembo.gub.uy\/wp-content\/uploads\/WhatsApp-Image-2024-04-17-at-23.03.381.jpeg\" rel=\"noopener\" data-fslightbox=\"gallery\" data-type=\"image\" class=\"eb-gallery-img-content eb-filter-img-\"><span class=\"eb-gallery-link-wrapper\"><img decoding=\"async\" class=\"eb-gallery-img\" src=\"https:\/\/tacuarembo.gub.uy\/wp-content\/uploads\/WhatsApp-Image-2024-04-17-at-23.03.381.jpeg\" image-index=\"6\" alt=\"\"\/><\/span><\/a><a href=\"https:\/\/tacuarembo.gub.uy\/wp-content\/uploads\/WhatsApp-Image-2024-04-17-at-23.03.38.jpeg\" rel=\"noopener\" data-fslightbox=\"gallery\" data-type=\"image\" class=\"eb-gallery-img-content eb-filter-img-\"><span class=\"eb-gallery-link-wrapper\"><img decoding=\"async\" class=\"eb-gallery-img\" src=\"https:\/\/tacuarembo.gub.uy\/wp-content\/uploads\/WhatsApp-Image-2024-04-17-at-23.03.38.jpeg\" image-index=\"7\" alt=\"\"\/><\/span><\/a><\/div><\/div><\/div>\n","protected":false},"excerpt":{"rendered":"<p>El secretario general de la IDT, Jos\u00e9 Omar Men\u00e9ndez, el asesor del Ministerio de Industria, Energ\u00eda y Miner\u00eda (MIEM), Sebasti\u00e1n Lattanzio, y el director de Paleson, Manuel Delucchi, resaltaron el \u00e9xito y el rendimiento de los \u00f3mnibus el\u00e9ctricos en el transporte urbano departamental de Tacuaremb\u00f3<\/p>\n","protected":false},"author":3,"featured_media":25262,"comment_status":"open","ping_status":"open","sticky":false,"template":"","format":"standard","meta":{"_eb_attr":"","footnotes":""},"categories":[16],"tags":[],"class_list":{"0":"post-25259","1":"post","2":"type-post","3":"status-publish","4":"format-standard","5":"has-post-thumbnail","7":"category-noticias"},"_links":{"self":[{"href":"https:\/\/tacuarembo.gub.uy\/index.php?rest_route=\/wp\/v2\/posts\/25259","targetHints":{"allow":["GET"]}}],"collection":[{"href":"https:\/\/tacuarembo.gub.uy\/index.php?rest_route=\/wp\/v2\/posts"}],"about":[{"href":"https:\/\/tacuarembo.gub.uy\/index.php?rest_route=\/wp\/v2\/types\/post"}],"author":[{"embeddable":true,"href":"https:\/\/tacuarembo.gub.uy\/index.php?rest_route=\/wp\/v2\/users\/3"}],"replies":[{"embeddable":true,"href":"https:\/\/tacuarembo.gub.uy\/index.php?rest_route=%2Fwp%2Fv2%2Fcomments&post=25259"}],"version-history":[{"count":2,"href":"https:\/\/tacuarembo.gub.uy\/index.php?rest_route=\/wp\/v2\/posts\/25259\/revisions"}],"predecessor-version":[{"id":25292,"href":"https:\/\/tacuarembo.gub.uy\/index.php?rest_route=\/wp\/v2\/posts\/25259\/revisions\/25292"}],"wp:featuredmedia":[{"embeddable":true,"href":"https:\/\/tacuarembo.gub.uy\/index.php?rest_route=\/wp\/v2\/media\/25262"}],"wp:attachment":[{"href":"https:\/\/tacuarembo.gub.uy\/index.php?rest_route=%2Fwp%2Fv2%2Fmedia&parent=25259"}],"wp:term":[{"taxonomy":"category","embeddable":true,"href":"https:\/\/tacuarembo.gub.uy\/index.php?rest_route=%2Fwp%2Fv2%2Fcategories&post=25259"},{"taxonomy":"post_tag","embeddable":true,"href":"https:\/\/tacuarembo.gub.uy\/index.php?rest_route=%2Fwp%2Fv2%2Ftags&post=25259"}],"curies":[{"name":"wp","href":"https:\/\/api.w.org\/{rel}","templated":true}]}}