{"id":25250,"date":"2024-04-17T15:59:20","date_gmt":"2024-04-17T18:59:20","guid":{"rendered":"https:\/\/tacuarembo.gub.uy\/?p=25250"},"modified":"2024-04-17T15:59:22","modified_gmt":"2024-04-17T18:59:22","slug":"cierre-del-proyecto-que-permitio-celebrar-los-30-anos-del-museo-abierto-de-artes-iberoamericano-de-san-gregorio-de-polanco","status":"publish","type":"post","link":"https:\/\/tacuarembo.gub.uy\/?p=25250","title":{"rendered":"Cierre del proyecto que permiti\u00f3 celebrar los 30 a\u00f1os del Museo Abierto de Artes Iberoamericano de San Gregorio de Polanco"},"content":{"rendered":"\n<p>Con una conferencia de prensa en la Casa de la Cultura, se llev\u00f3 a cabo el cierre del Proyecto \u00ab30 a\u00f1os del MAAIS &#8211; Una Oportunidad para Todos\u00bb, una iniciativa conjunta de la Oficina de Planeamiento y Presupuesto (OPP) y la Intendencia de Tacuaremb\u00f3 a trav\u00e9s de la Direcci\u00f3n de Turismo y la Direcci\u00f3n de Proyectos.<\/p>\n\n\n\n<p>Este proyecto, respaldado por el Municipio de San Gregorio de Polanco, la Asociaci\u00f3n ExpresArte y PRISMA, se celebr\u00f3 sumando 30 nuevas obras al Museo Abierto de Artes Iberoamericanas de San Gregorio de Polanco (MAAIS). Entre ellas, se encuentra en el tanque de OSE, as\u00ed como un circuito auto guiado mediante c\u00f3digos QR, permitiendo a los visitantes explorar las diversas pinturas y esculturas del museo directamente desde sus tel\u00e9fonos celulares.<\/p>\n\n\n\n<p>La ceremonia de cierre cont\u00f3 con la presencia del Intendente Wilson Ezquerra, la coordinadora general del \u00c1rea de Descentralizaci\u00f3n y Cohesi\u00f3n de la OPP, Mar\u00eda de Lima, el alcalde del Municipio de San Gregorio de Polanco, Asdr\u00fabal Rodr\u00edguez, el director de Turismo, Marcelo Crespi, el director general de Cultura, Carlos Arezo, y la secretaria general del Municipio Jimena Garrido. Tambi\u00e9n asisti\u00f3 la profesora Gianella Canevesi en representaci\u00f3n de la Asociaci\u00f3n ExpresArte.<\/p>\n\n\n\n<p>El MAAIS, ubicado en San Gregorio de Polanco a 140 kil\u00f3metros de la ciudad de Tacuaremb\u00f3, se estableci\u00f3 como el primer Museo Abierto de Artes Visuales de Uruguay y Am\u00e9rica en 1993. En 1997, fue reconocido como de Inter\u00e9s Nacional y, a lo largo de los a\u00f1os, recibi\u00f3 a numerosos artistas nacionales e internacionales que contribuyeron con su arte.<\/p>\n\n\n\n<div class=\"wp-block-image-gallery-block-image-gallery-block\"><div class=\"eb-parent-wrapper eb-parent-eb-image-gallery-b3l1a \"><div class=\"eb-gallery-img-wrapper eb-image-gallery-b3l1a grid overlay-bottom caption-style-0   no-isotope \" data-id=\"eb-image-gallery-b3l1a\"><a href=\"https:\/\/tacuarembo.gub.uy\/wp-content\/uploads\/WhatsApp-Image-2024-04-17-at-15.56.54.jpeg\" rel=\"noopener\" data-fslightbox=\"gallery\" data-type=\"image\" class=\"eb-gallery-img-content eb-filter-img-\"><span class=\"eb-gallery-link-wrapper\"><img decoding=\"async\" class=\"eb-gallery-img\" src=\"https:\/\/tacuarembo.gub.uy\/wp-content\/uploads\/WhatsApp-Image-2024-04-17-at-15.56.54.jpeg\" image-index=\"0\" alt=\"\"\/><\/span><\/a><a href=\"https:\/\/tacuarembo.gub.uy\/wp-content\/uploads\/WhatsApp-Image-2024-04-17-at-15.56.55.jpeg\" rel=\"noopener\" data-fslightbox=\"gallery\" data-type=\"image\" class=\"eb-gallery-img-content eb-filter-img-\"><span class=\"eb-gallery-link-wrapper\"><img decoding=\"async\" class=\"eb-gallery-img\" src=\"https:\/\/tacuarembo.gub.uy\/wp-content\/uploads\/WhatsApp-Image-2024-04-17-at-15.56.55.jpeg\" image-index=\"1\" alt=\"\"\/><\/span><\/a><a href=\"https:\/\/tacuarembo.gub.uy\/wp-content\/uploads\/WhatsApp-Image-2024-04-17-at-15.56.551.jpeg\" rel=\"noopener\" data-fslightbox=\"gallery\" data-type=\"image\" class=\"eb-gallery-img-content eb-filter-img-\"><span class=\"eb-gallery-link-wrapper\"><img decoding=\"async\" class=\"eb-gallery-img\" src=\"https:\/\/tacuarembo.gub.uy\/wp-content\/uploads\/WhatsApp-Image-2024-04-17-at-15.56.551.jpeg\" image-index=\"2\" alt=\"\"\/><\/span><\/a><a href=\"https:\/\/tacuarembo.gub.uy\/wp-content\/uploads\/WhatsApp-Image-2024-04-17-at-15.56.552.jpeg\" rel=\"noopener\" data-fslightbox=\"gallery\" data-type=\"image\" class=\"eb-gallery-img-content eb-filter-img-\"><span class=\"eb-gallery-link-wrapper\"><img decoding=\"async\" class=\"eb-gallery-img\" src=\"https:\/\/tacuarembo.gub.uy\/wp-content\/uploads\/WhatsApp-Image-2024-04-17-at-15.56.552.jpeg\" image-index=\"3\" alt=\"\"\/><\/span><\/a><a href=\"https:\/\/tacuarembo.gub.uy\/wp-content\/uploads\/WhatsApp-Image-2024-04-17-at-15.56.553.jpeg\" rel=\"noopener\" data-fslightbox=\"gallery\" data-type=\"image\" class=\"eb-gallery-img-content eb-filter-img-\"><span class=\"eb-gallery-link-wrapper\"><img decoding=\"async\" class=\"eb-gallery-img\" src=\"https:\/\/tacuarembo.gub.uy\/wp-content\/uploads\/WhatsApp-Image-2024-04-17-at-15.56.553.jpeg\" image-index=\"4\" alt=\"\"\/><\/span><\/a><a href=\"https:\/\/tacuarembo.gub.uy\/wp-content\/uploads\/WhatsApp-Image-2024-04-17-at-15.58.16.jpeg\" rel=\"noopener\" data-fslightbox=\"gallery\" data-type=\"image\" class=\"eb-gallery-img-content eb-filter-img-\"><span class=\"eb-gallery-link-wrapper\"><img decoding=\"async\" class=\"eb-gallery-img\" src=\"https:\/\/tacuarembo.gub.uy\/wp-content\/uploads\/WhatsApp-Image-2024-04-17-at-15.58.16.jpeg\" image-index=\"5\" alt=\"\"\/><\/span><\/a><\/div><\/div><\/div>\n","protected":false},"excerpt":{"rendered":"<p>Con una conferencia de prensa en la Casa de la Cultura, se llev\u00f3 a cabo el cierre del Proyecto \u00ab30 a\u00f1os del MAAIS &#8211; Una Oportunidad para Todos\u00bb, una iniciativa conjunta de la Oficina de Planeamiento y Presupuesto (OPP) y la Intendencia de Tacuaremb\u00f3 a trav\u00e9s de la Direcci\u00f3n de Turismo y la Direcci\u00f3n de Proyectos.<\/p>\n","protected":false},"author":3,"featured_media":25255,"comment_status":"open","ping_status":"open","sticky":false,"template":"","format":"standard","meta":{"_eb_attr":"","footnotes":""},"categories":[16],"tags":[],"class_list":{"0":"post-25250","1":"post","2":"type-post","3":"status-publish","4":"format-standard","5":"has-post-thumbnail","7":"category-noticias"},"_links":{"self":[{"href":"https:\/\/tacuarembo.gub.uy\/index.php?rest_route=\/wp\/v2\/posts\/25250","targetHints":{"allow":["GET"]}}],"collection":[{"href":"https:\/\/tacuarembo.gub.uy\/index.php?rest_route=\/wp\/v2\/posts"}],"about":[{"href":"https:\/\/tacuarembo.gub.uy\/index.php?rest_route=\/wp\/v2\/types\/post"}],"author":[{"embeddable":true,"href":"https:\/\/tacuarembo.gub.uy\/index.php?rest_route=\/wp\/v2\/users\/3"}],"replies":[{"embeddable":true,"href":"https:\/\/tacuarembo.gub.uy\/index.php?rest_route=%2Fwp%2Fv2%2Fcomments&post=25250"}],"version-history":[{"count":1,"href":"https:\/\/tacuarembo.gub.uy\/index.php?rest_route=\/wp\/v2\/posts\/25250\/revisions"}],"predecessor-version":[{"id":25258,"href":"https:\/\/tacuarembo.gub.uy\/index.php?rest_route=\/wp\/v2\/posts\/25250\/revisions\/25258"}],"wp:featuredmedia":[{"embeddable":true,"href":"https:\/\/tacuarembo.gub.uy\/index.php?rest_route=\/wp\/v2\/media\/25255"}],"wp:attachment":[{"href":"https:\/\/tacuarembo.gub.uy\/index.php?rest_route=%2Fwp%2Fv2%2Fmedia&parent=25250"}],"wp:term":[{"taxonomy":"category","embeddable":true,"href":"https:\/\/tacuarembo.gub.uy\/index.php?rest_route=%2Fwp%2Fv2%2Fcategories&post=25250"},{"taxonomy":"post_tag","embeddable":true,"href":"https:\/\/tacuarembo.gub.uy\/index.php?rest_route=%2Fwp%2Fv2%2Ftags&post=25250"}],"curies":[{"name":"wp","href":"https:\/\/api.w.org\/{rel}","templated":true}]}}