{"id":25234,"date":"2024-04-16T14:34:31","date_gmt":"2024-04-16T17:34:31","guid":{"rendered":"https:\/\/tacuarembo.gub.uy\/?p=25234"},"modified":"2024-04-16T14:34:33","modified_gmt":"2024-04-16T17:34:33","slug":"reinauguracion-teatro-escayola","status":"publish","type":"post","link":"https:\/\/tacuarembo.gub.uy\/?p=25234","title":{"rendered":"Reinauguraci\u00f3n \u201cTeatro Escayola\u201d"},"content":{"rendered":"\n<p><br>La Intendencia de Tacuaremb\u00f3 invita para el acto de reinauguraci\u00f3n del \u201cTeatro Escayola\u201d (25 de Mayo 157), el cual se llevar\u00e1 a cabo el viernes 19 de abril a las 17:00 horas, con la presencia del Presidente de la Rep\u00fablica Luis Lacalle Pou acompa\u00f1ando al Intendente Wilson Ezquerra y autoridades del Correo Uruguayo, quienes presentar\u00e1n en el marco de este acto, el sello conmemorativo por los 100 a\u00f1os del Teatro Escayola; donde se matasellar\u00e1 el \u201csobre primer d\u00eda de emisi\u00f3n\u201d quedando as\u00ed oficialmente autorizada la puesta en circulaci\u00f3n del citado sello.<\/p>\n","protected":false},"excerpt":{"rendered":"<p>La Intendencia de Tacuaremb\u00f3 invita para el acto de reinauguraci\u00f3n del \u201cTeatro Escayola\u201d (25 de Mayo 157), el cual se llevar\u00e1 a cabo el viernes 19 de abril a las 17:00 horas, con la presencia del Presidente de la Rep\u00fablica Luis Lacalle Pou acompa\u00f1ando al Intendente Wilson Ezquerra y autoridades del Correo Uruguayo, quienes presentar\u00e1n en el marco de este acto, el sello conmemorativo por los 100 a\u00f1os del Teatro Escayola; donde se matasellar\u00e1 el \u201csobre primer d\u00eda de emisi\u00f3n\u201d quedando as\u00ed oficialmente autorizada la puesta en circulaci\u00f3n del citado sello.<\/p>\n","protected":false},"author":3,"featured_media":25235,"comment_status":"open","ping_status":"open","sticky":false,"template":"","format":"standard","meta":{"_eb_attr":"","footnotes":""},"categories":[38],"tags":[],"class_list":{"0":"post-25234","1":"post","2":"type-post","3":"status-publish","4":"format-standard","5":"has-post-thumbnail","7":"category-comunicados-de-prensa"},"_links":{"self":[{"href":"https:\/\/tacuarembo.gub.uy\/index.php?rest_route=\/wp\/v2\/posts\/25234","targetHints":{"allow":["GET"]}}],"collection":[{"href":"https:\/\/tacuarembo.gub.uy\/index.php?rest_route=\/wp\/v2\/posts"}],"about":[{"href":"https:\/\/tacuarembo.gub.uy\/index.php?rest_route=\/wp\/v2\/types\/post"}],"author":[{"embeddable":true,"href":"https:\/\/tacuarembo.gub.uy\/index.php?rest_route=\/wp\/v2\/users\/3"}],"replies":[{"embeddable":true,"href":"https:\/\/tacuarembo.gub.uy\/index.php?rest_route=%2Fwp%2Fv2%2Fcomments&post=25234"}],"version-history":[{"count":1,"href":"https:\/\/tacuarembo.gub.uy\/index.php?rest_route=\/wp\/v2\/posts\/25234\/revisions"}],"predecessor-version":[{"id":25236,"href":"https:\/\/tacuarembo.gub.uy\/index.php?rest_route=\/wp\/v2\/posts\/25234\/revisions\/25236"}],"wp:featuredmedia":[{"embeddable":true,"href":"https:\/\/tacuarembo.gub.uy\/index.php?rest_route=\/wp\/v2\/media\/25235"}],"wp:attachment":[{"href":"https:\/\/tacuarembo.gub.uy\/index.php?rest_route=%2Fwp%2Fv2%2Fmedia&parent=25234"}],"wp:term":[{"taxonomy":"category","embeddable":true,"href":"https:\/\/tacuarembo.gub.uy\/index.php?rest_route=%2Fwp%2Fv2%2Fcategories&post=25234"},{"taxonomy":"post_tag","embeddable":true,"href":"https:\/\/tacuarembo.gub.uy\/index.php?rest_route=%2Fwp%2Fv2%2Ftags&post=25234"}],"curies":[{"name":"wp","href":"https:\/\/api.w.org\/{rel}","templated":true}]}}