{"id":25203,"date":"2024-04-16T11:26:30","date_gmt":"2024-04-16T14:26:30","guid":{"rendered":"https:\/\/tacuarembo.gub.uy\/?p=25203"},"modified":"2024-04-16T12:01:00","modified_gmt":"2024-04-16T15:01:00","slug":"intendente-wilson-ezquerra-continua-gira-por-caraguata","status":"publish","type":"post","link":"https:\/\/tacuarembo.gub.uy\/?p=25203","title":{"rendered":"Intendente Wilson Ezquerra contin\u00faa gira por Caraguat\u00e1"},"content":{"rendered":"\n<p>El Intendente de Tacuaremb\u00f3, Wilson Ezquerra, retomar\u00e1 este mi\u00e9rcoles 17 de abril la recorrida iniciada la semana pasada en diferentes zonas de Caraguat\u00e1.<\/p>\n\n\n\n<p>El objetivo acercarse a los vecinos y referentes locales, conocer sus inquietudes y necesidades, y fortalecer el contacto directo con la comunidad.<\/p>\n\n\n<p><img loading=\"lazy\" decoding=\"async\" width=\"1600\" height=\"1200\" class=\"alignnone size-full wp-image-25204\" src=\"https:\/\/tacuarembo.gub.uy\/wp-content\/uploads\/WhatsApp-Image-2024-04-16-at-11.23.35.jpeg\" alt=\"\" srcset=\"https:\/\/tacuarembo.gub.uy\/wp-content\/uploads\/WhatsApp-Image-2024-04-16-at-11.23.35.jpeg 1600w, https:\/\/tacuarembo.gub.uy\/wp-content\/uploads\/WhatsApp-Image-2024-04-16-at-11.23.35-768x576.jpeg 768w, https:\/\/tacuarembo.gub.uy\/wp-content\/uploads\/WhatsApp-Image-2024-04-16-at-11.23.35-1536x1152.jpeg 1536w\" sizes=\"auto, (max-width: 1600px) 100vw, 1600px\" \/><\/p>\n\n\n<p>Durante la jornada cumplir\u00e1 con el siguiente cronograma:<\/p>\n\n\n\n<pre class=\"wp-block-code\"><code>\u2022 8.30 horas: Pueblo del Charco, frente al tanque de agua. \n\u2022 9.30 horas: La Octava, frente a la Escuela N.\u00ba 38. \n\u2022 10.30 horas: Poblado Laura, frente a la Escuela N.\u00ba 115.\n\u2022 11.30 horas: Pueblo Tres Guitarra, frente a la garita ubicada en la entrada. \n\u2022 12.30 horas: Pueblo Clavijo, frente a la Escuela N.\u00ba 126.\n\u2022 13.30 horas: Cerro Pereira, frente a la Escuela N.\u00ba 114.\n\u2022 14.30 horas: Pago Lindo, frente a la Escuela N.\u00ba 49.\n\u2022 15.30 horas: Rinc\u00f3n del Pereira, sal\u00f3n de MEVIR<\/code><\/pre>\n\n\n\n<div class=\"wp-block-image-gallery-block-image-gallery-block\"><div class=\"eb-parent-wrapper eb-parent-eb-image-gallery-tb5qc \"><div class=\"eb-gallery-img-wrapper eb-image-gallery-tb5qc grid overlay-bottom caption-style-0   no-isotope \" data-id=\"eb-image-gallery-tb5qc\"><a href=\"https:\/\/tacuarembo.gub.uy\/wp-content\/uploads\/WhatsApp-Image-2024-04-16-at-11.32.39.jpeg\" rel=\"noopener\" data-fslightbox=\"gallery\" data-type=\"image\" class=\"eb-gallery-img-content eb-filter-img-\"><span class=\"eb-gallery-link-wrapper\"><img decoding=\"async\" class=\"eb-gallery-img\" src=\"https:\/\/tacuarembo.gub.uy\/wp-content\/uploads\/WhatsApp-Image-2024-04-16-at-11.32.39.jpeg\" image-index=\"0\" alt=\"\"\/><\/span><\/a><a href=\"https:\/\/tacuarembo.gub.uy\/wp-content\/uploads\/WhatsApp-Image-2024-04-16-at-11.32.391.jpeg\" rel=\"noopener\" data-fslightbox=\"gallery\" data-type=\"image\" class=\"eb-gallery-img-content eb-filter-img-\"><span class=\"eb-gallery-link-wrapper\"><img decoding=\"async\" class=\"eb-gallery-img\" src=\"https:\/\/tacuarembo.gub.uy\/wp-content\/uploads\/WhatsApp-Image-2024-04-16-at-11.32.391.jpeg\" image-index=\"1\" alt=\"\"\/><\/span><\/a><a href=\"https:\/\/tacuarembo.gub.uy\/wp-content\/uploads\/WhatsApp-Image-2024-04-16-at-11.32.392.jpeg\" rel=\"noopener\" data-fslightbox=\"gallery\" data-type=\"image\" class=\"eb-gallery-img-content eb-filter-img-\"><span class=\"eb-gallery-link-wrapper\"><img decoding=\"async\" class=\"eb-gallery-img\" src=\"https:\/\/tacuarembo.gub.uy\/wp-content\/uploads\/WhatsApp-Image-2024-04-16-at-11.32.392.jpeg\" image-index=\"2\" alt=\"\"\/><\/span><\/a><a href=\"https:\/\/tacuarembo.gub.uy\/wp-content\/uploads\/WhatsApp-Image-2024-04-16-at-11.32.393.jpeg\" rel=\"noopener\" data-fslightbox=\"gallery\" data-type=\"image\" class=\"eb-gallery-img-content eb-filter-img-\"><span class=\"eb-gallery-link-wrapper\"><img decoding=\"async\" class=\"eb-gallery-img\" src=\"https:\/\/tacuarembo.gub.uy\/wp-content\/uploads\/WhatsApp-Image-2024-04-16-at-11.32.393.jpeg\" image-index=\"3\" alt=\"\"\/><\/span><\/a><a href=\"https:\/\/tacuarembo.gub.uy\/wp-content\/uploads\/WhatsApp-Image-2024-04-16-at-11.32.394.jpeg\" rel=\"noopener\" data-fslightbox=\"gallery\" data-type=\"image\" class=\"eb-gallery-img-content eb-filter-img-\"><span class=\"eb-gallery-link-wrapper\"><img decoding=\"async\" class=\"eb-gallery-img\" src=\"https:\/\/tacuarembo.gub.uy\/wp-content\/uploads\/WhatsApp-Image-2024-04-16-at-11.32.394.jpeg\" image-index=\"4\" alt=\"\"\/><\/span><\/a><a href=\"https:\/\/tacuarembo.gub.uy\/wp-content\/uploads\/WhatsApp-Image-2024-04-16-at-11.32.395.jpeg\" rel=\"noopener\" data-fslightbox=\"gallery\" data-type=\"image\" class=\"eb-gallery-img-content eb-filter-img-\"><span class=\"eb-gallery-link-wrapper\"><img decoding=\"async\" class=\"eb-gallery-img\" src=\"https:\/\/tacuarembo.gub.uy\/wp-content\/uploads\/WhatsApp-Image-2024-04-16-at-11.32.395.jpeg\" image-index=\"5\" alt=\"\"\/><\/span><\/a><a href=\"https:\/\/tacuarembo.gub.uy\/wp-content\/uploads\/WhatsApp-Image-2024-04-16-at-11.32.396.jpeg\" rel=\"noopener\" data-fslightbox=\"gallery\" data-type=\"image\" class=\"eb-gallery-img-content eb-filter-img-\"><span class=\"eb-gallery-link-wrapper\"><img decoding=\"async\" class=\"eb-gallery-img\" src=\"https:\/\/tacuarembo.gub.uy\/wp-content\/uploads\/WhatsApp-Image-2024-04-16-at-11.32.396.jpeg\" image-index=\"6\" alt=\"\"\/><\/span><\/a><\/div><\/div><\/div>\n","protected":false},"excerpt":{"rendered":"<p>El Intendente de Tacuaremb\u00f3, Wilson Ezquerra, retomar\u00e1 este mi\u00e9rcoles 17 de abril la recorrida iniciada la semana pasada en diferentes zonas de Caraguat\u00e1.<\/p>\n","protected":false},"author":3,"featured_media":25218,"comment_status":"open","ping_status":"open","sticky":false,"template":"","format":"standard","meta":{"_eb_attr":"","footnotes":""},"categories":[16],"tags":[],"class_list":{"0":"post-25203","1":"post","2":"type-post","3":"status-publish","4":"format-standard","5":"has-post-thumbnail","7":"category-noticias"},"_links":{"self":[{"href":"https:\/\/tacuarembo.gub.uy\/index.php?rest_route=\/wp\/v2\/posts\/25203","targetHints":{"allow":["GET"]}}],"collection":[{"href":"https:\/\/tacuarembo.gub.uy\/index.php?rest_route=\/wp\/v2\/posts"}],"about":[{"href":"https:\/\/tacuarembo.gub.uy\/index.php?rest_route=\/wp\/v2\/types\/post"}],"author":[{"embeddable":true,"href":"https:\/\/tacuarembo.gub.uy\/index.php?rest_route=\/wp\/v2\/users\/3"}],"replies":[{"embeddable":true,"href":"https:\/\/tacuarembo.gub.uy\/index.php?rest_route=%2Fwp%2Fv2%2Fcomments&post=25203"}],"version-history":[{"count":8,"href":"https:\/\/tacuarembo.gub.uy\/index.php?rest_route=\/wp\/v2\/posts\/25203\/revisions"}],"predecessor-version":[{"id":25229,"href":"https:\/\/tacuarembo.gub.uy\/index.php?rest_route=\/wp\/v2\/posts\/25203\/revisions\/25229"}],"wp:featuredmedia":[{"embeddable":true,"href":"https:\/\/tacuarembo.gub.uy\/index.php?rest_route=\/wp\/v2\/media\/25218"}],"wp:attachment":[{"href":"https:\/\/tacuarembo.gub.uy\/index.php?rest_route=%2Fwp%2Fv2%2Fmedia&parent=25203"}],"wp:term":[{"taxonomy":"category","embeddable":true,"href":"https:\/\/tacuarembo.gub.uy\/index.php?rest_route=%2Fwp%2Fv2%2Fcategories&post=25203"},{"taxonomy":"post_tag","embeddable":true,"href":"https:\/\/tacuarembo.gub.uy\/index.php?rest_route=%2Fwp%2Fv2%2Ftags&post=25203"}],"curies":[{"name":"wp","href":"https:\/\/api.w.org\/{rel}","templated":true}]}}