{"id":25199,"date":"2024-04-15T16:23:42","date_gmt":"2024-04-15T19:23:42","guid":{"rendered":"https:\/\/tacuarembo.gub.uy\/?p=25199"},"modified":"2024-04-15T16:32:15","modified_gmt":"2024-04-15T19:32:15","slug":"comision-patriotica-de-tacuarembo1825-19-de-abril-2024desembarco-de-los-treinta-y-tres-orientales","status":"publish","type":"post","link":"https:\/\/tacuarembo.gub.uy\/?p=25199","title":{"rendered":"Comisi\u00f3n Patri\u00f3tica de Tacuaremb\u00f31825 \u2013 19 de Abril &#8211; 2024. Desembarco de los Treinta y Tres Orientales"},"content":{"rendered":"\n<p><\/p>\n\n\n\n<p>PROGRAMA<\/p>\n\n\n\n<p>VIERNES 19 DE ABRIL<\/p>\n\n\n\n<p>SALIDA DEL SOL:<\/p>\n\n\n\n<ul class=\"wp-block-list\">\n<li>HORA 07:08: PLAZA 19 DE ABRIL<br>IZAMIENTO DE PABELLONES PATRIOS CON HONORES A CARGO DE JEFATURA DE POLIC\u00cdA.<\/li>\n<\/ul>\n\n\n\n<p>HORA 10:00: CONCENTRACI\u00d3N C\u00cdVICO MILITAR DE ABANDERADOS Y ESCOLTAS DE INSTITUCIONES Y ORGANISMOS P\u00daBLICOS Y PRIVADOS, ENSE\u00d1ANZA, CLUBES DE SERVICIO EN PLAZA 19 DE ABRIL.<br>HIMNO NACIONAL COREADO POR LOS PRESENTES.<br>DANZA A CARGO DE ALUMNOS ESC. 157, GRUPO LOS GAUCHITOS DE LOS MOLLES<br>ORATORIA: MENSAJE ALUSIVO A LA FECHA A CARGO DE INSTITUTO DE FORMACI\u00d3N DOCENTE DE TACUAREMB\u00d3, POR LA DOCENTE MILAGROS BLANC CABRERA<br>OFRENDA FLORAL: COMISI\u00d3N PATRI\u00d3TICA SEGUIDO DE TOQUE DE SILENCIO POR PARTE DEL TROMPA DEL REGIMIENTO \u201cMISIONES\u201d DE CABALLER\u00cdA BLINDADO N\u00ba 5.<\/p>\n\n\n\n<p>MARCHA MI BANDERA, EN PRIMERA INSTANCIA COREADA POR LOS PRESENTES, Y UNA SEGUNDA INTERPRETACI\u00d3N PARA RETIRO DE DELEGACIONES DE ABANDERADOS Y ESCOLTAS.<\/p>\n\n\n\n<p>ENTRADA DEL SOL:<br>HORA 18:16: ARRIAR PABELLONES PATRIOS CON HONORES POR PARTE DE JEFATURA DE POLIC\u00cdA.<\/p>\n\n\n\n<p>HORA 15:00 INAUGURACI\u00d3N CENTRO DE ATENCI\u00d3N DE ADICCIONES \u201cSUE\u00d1O DE LIBERTAD\u201d, RUTA 26 CASI RUTA 5.<\/p>\n\n\n\n<p>HORA 17:00: REINAUGURACI\u00d3N DEL \u201cTEATRO ESCAYOLA\u201d, 25 DE MAYO 157<\/p>\n\n\n\n<p>LA COMISI\u00d3N PATRI\u00d3TICA DE TACUAREMB\u00d3 INVITA A LA POBLACI\u00d3N A PRESTIGIAR LOS ACTOS CON SU PRESENCIA, Y AL EMBANDERAMIENTO DE LA CIUDAD.<\/p>\n","protected":false},"excerpt":{"rendered":"<p>Programa viernes 19 de abril<\/p>\n","protected":false},"author":3,"featured_media":25200,"comment_status":"open","ping_status":"open","sticky":false,"template":"","format":"standard","meta":{"_eb_attr":"","footnotes":""},"categories":[38],"tags":[],"class_list":{"0":"post-25199","1":"post","2":"type-post","3":"status-publish","4":"format-standard","5":"has-post-thumbnail","7":"category-comunicados-de-prensa"},"_links":{"self":[{"href":"https:\/\/tacuarembo.gub.uy\/index.php?rest_route=\/wp\/v2\/posts\/25199","targetHints":{"allow":["GET"]}}],"collection":[{"href":"https:\/\/tacuarembo.gub.uy\/index.php?rest_route=\/wp\/v2\/posts"}],"about":[{"href":"https:\/\/tacuarembo.gub.uy\/index.php?rest_route=\/wp\/v2\/types\/post"}],"author":[{"embeddable":true,"href":"https:\/\/tacuarembo.gub.uy\/index.php?rest_route=\/wp\/v2\/users\/3"}],"replies":[{"embeddable":true,"href":"https:\/\/tacuarembo.gub.uy\/index.php?rest_route=%2Fwp%2Fv2%2Fcomments&post=25199"}],"version-history":[{"count":2,"href":"https:\/\/tacuarembo.gub.uy\/index.php?rest_route=\/wp\/v2\/posts\/25199\/revisions"}],"predecessor-version":[{"id":25202,"href":"https:\/\/tacuarembo.gub.uy\/index.php?rest_route=\/wp\/v2\/posts\/25199\/revisions\/25202"}],"wp:featuredmedia":[{"embeddable":true,"href":"https:\/\/tacuarembo.gub.uy\/index.php?rest_route=\/wp\/v2\/media\/25200"}],"wp:attachment":[{"href":"https:\/\/tacuarembo.gub.uy\/index.php?rest_route=%2Fwp%2Fv2%2Fmedia&parent=25199"}],"wp:term":[{"taxonomy":"category","embeddable":true,"href":"https:\/\/tacuarembo.gub.uy\/index.php?rest_route=%2Fwp%2Fv2%2Fcategories&post=25199"},{"taxonomy":"post_tag","embeddable":true,"href":"https:\/\/tacuarembo.gub.uy\/index.php?rest_route=%2Fwp%2Fv2%2Ftags&post=25199"}],"curies":[{"name":"wp","href":"https:\/\/api.w.org\/{rel}","templated":true}]}}