{"id":25192,"date":"2024-04-15T15:49:16","date_gmt":"2024-04-15T18:49:16","guid":{"rendered":"https:\/\/tacuarembo.gub.uy\/?p=25192"},"modified":"2024-04-15T15:52:28","modified_gmt":"2024-04-15T18:52:28","slug":"cierre-del-proyecto-30-anos-del-maais","status":"publish","type":"post","link":"https:\/\/tacuarembo.gub.uy\/?p=25192","title":{"rendered":"Cierre del Proyecto \u201c30 a\u00f1os del Maais\u201d"},"content":{"rendered":"\n<p>La Intendencia de Tacuaremb\u00f3 informa que el Municipio de San Gregorio de Polanco y Asociaci\u00f3n Expresarte est\u00e1n invitando a toda la poblaci\u00f3n para el cierre del Proyecto \u201c30 a\u00f1os del Maais\u201d ma\u00f1ana martes 16 de abril a las 14:30 horas, una oportunidad para todos; proyecto financiado por OPP (Oficina de Planeamiento y Presupuesto) y coordinado por la Direcci\u00f3n de Turismo de la Intendencia<\/p>\n","protected":false},"excerpt":{"rendered":"<p>La Intendencia de Tacuaremb\u00f3 informa que el Municipio de San Gregorio de Polanco y Asociaci\u00f3n Expresarte est\u00e1n invitando a toda la poblaci\u00f3n para el cierre del Proyecto \u201c30 a\u00f1os del Maais\u201d ma\u00f1ana martes 16 de abril a las 14:30 horas, una oportunidad para todos; proyecto financiado por OPP (Oficina de Planeamiento y Presupuesto) y coordinado por la Direcci\u00f3n de Turismo de la Intendencia<\/p>\n","protected":false},"author":3,"featured_media":25193,"comment_status":"open","ping_status":"open","sticky":false,"template":"","format":"standard","meta":{"_eb_attr":"","footnotes":""},"categories":[38],"tags":[],"class_list":{"0":"post-25192","1":"post","2":"type-post","3":"status-publish","4":"format-standard","5":"has-post-thumbnail","7":"category-comunicados-de-prensa"},"_links":{"self":[{"href":"https:\/\/tacuarembo.gub.uy\/index.php?rest_route=\/wp\/v2\/posts\/25192","targetHints":{"allow":["GET"]}}],"collection":[{"href":"https:\/\/tacuarembo.gub.uy\/index.php?rest_route=\/wp\/v2\/posts"}],"about":[{"href":"https:\/\/tacuarembo.gub.uy\/index.php?rest_route=\/wp\/v2\/types\/post"}],"author":[{"embeddable":true,"href":"https:\/\/tacuarembo.gub.uy\/index.php?rest_route=\/wp\/v2\/users\/3"}],"replies":[{"embeddable":true,"href":"https:\/\/tacuarembo.gub.uy\/index.php?rest_route=%2Fwp%2Fv2%2Fcomments&post=25192"}],"version-history":[{"count":2,"href":"https:\/\/tacuarembo.gub.uy\/index.php?rest_route=\/wp\/v2\/posts\/25192\/revisions"}],"predecessor-version":[{"id":25195,"href":"https:\/\/tacuarembo.gub.uy\/index.php?rest_route=\/wp\/v2\/posts\/25192\/revisions\/25195"}],"wp:featuredmedia":[{"embeddable":true,"href":"https:\/\/tacuarembo.gub.uy\/index.php?rest_route=\/wp\/v2\/media\/25193"}],"wp:attachment":[{"href":"https:\/\/tacuarembo.gub.uy\/index.php?rest_route=%2Fwp%2Fv2%2Fmedia&parent=25192"}],"wp:term":[{"taxonomy":"category","embeddable":true,"href":"https:\/\/tacuarembo.gub.uy\/index.php?rest_route=%2Fwp%2Fv2%2Fcategories&post=25192"},{"taxonomy":"post_tag","embeddable":true,"href":"https:\/\/tacuarembo.gub.uy\/index.php?rest_route=%2Fwp%2Fv2%2Ftags&post=25192"}],"curies":[{"name":"wp","href":"https:\/\/api.w.org\/{rel}","templated":true}]}}