{"id":25178,"date":"2024-04-10T18:57:20","date_gmt":"2024-04-10T21:57:20","guid":{"rendered":"https:\/\/tacuarembo.gub.uy\/?p=25178"},"modified":"2024-04-10T18:57:22","modified_gmt":"2024-04-10T21:57:22","slug":"casa-de-la-cultura-de-tacuarembo-ofrece-multiples-cursos-en-forma-gratuita","status":"publish","type":"post","link":"https:\/\/tacuarembo.gub.uy\/?p=25178","title":{"rendered":"Casa de la Cultura de Tacuaremb\u00f3 ofrece m\u00faltiples cursos en forma gratuita"},"content":{"rendered":"\n<p>El director general de Cultura, Carlos Arezo, confirm\u00f3 que el \u00e1rea ya est\u00e1 funcionando en el nuevo local del ex Colegio Jes\u00fas Sacramentado, ubicado en Sarand\u00ed casi Treinta y Tres, donde se impartir\u00e1n m\u00faltiples capacitaciones a lo largo de este a\u00f1o.<\/p>\n\n\n<p><img loading=\"lazy\" decoding=\"async\" width=\"1080\" height=\"810\" class=\"alignnone size-full wp-image-25179\" src=\"https:\/\/tacuarembo.gub.uy\/wp-content\/uploads\/IMG-20240410-WA0015.jpg\" alt=\"\" srcset=\"https:\/\/tacuarembo.gub.uy\/wp-content\/uploads\/IMG-20240410-WA0015.jpg 1080w, https:\/\/tacuarembo.gub.uy\/wp-content\/uploads\/IMG-20240410-WA0015-768x576.jpg 768w\" sizes=\"auto, (max-width: 1080px) 100vw, 1080px\" \/><\/p>\n\n\n<p>En total se dictar\u00e1n alrededor de 18 cursos, destac\u00e1ndose la formaci\u00f3n en fotograf\u00eda; dibujo y pintura; guitarra y murga; cer\u00e1mica y alfarer\u00eda; teatro; viol\u00edn; guitarra y bandas juveniles; t\u00e9cnica vocal y coro; dise\u00f1o y creaci\u00f3n de prendas; piano; danzas folcl\u00f3ricas; caricatura, ajedrez; periodismo, acorde\u00f3n a piano; solfeo; e inform\u00e1tica.<\/p>\n\n\n\n<p>Comenzar\u00e1n a partir del 2 de mayo y los alumnos ser\u00e1n contactados para ajustar los detalles previos al inicio de las clases.<\/p>\n\n\n\n<p>De todas maneras, Arezo aclar\u00f3 que los cursos de t\u00e9cnica vocal y coro, solfeo, piano e inform\u00e1tica ya se est\u00e1n desarrollando y todav\u00eda funcionan en la calle Ituzaing\u00f3, pero la semana que viene ser\u00e1n trasladados a la nueva locaci\u00f3n.<\/p>\n\n\n\n<p>Puntualiz\u00f3 que el archivo departamental se traslad\u00f3 a la nueva Casa de la Cultura y la sala inform\u00e1tica tambi\u00e9n pasar\u00e1 a funcionar en este lugar.<\/p>\n","protected":false},"excerpt":{"rendered":"<p>El director general de Cultura, Carlos Arezo, confirm\u00f3 que el \u00e1rea ya est\u00e1 funcionando en el nuevo local del ex Colegio Jes\u00fas Sacramentado, ubicado en Sarand\u00ed casi Treinta y Tres, donde se impartir\u00e1n m\u00faltiples capacitaciones a lo largo de este a\u00f1o.<\/p>\n","protected":false},"author":3,"featured_media":25179,"comment_status":"open","ping_status":"open","sticky":false,"template":"","format":"standard","meta":{"_eb_attr":"","footnotes":""},"categories":[16],"tags":[],"class_list":{"0":"post-25178","1":"post","2":"type-post","3":"status-publish","4":"format-standard","5":"has-post-thumbnail","7":"category-noticias"},"_links":{"self":[{"href":"https:\/\/tacuarembo.gub.uy\/index.php?rest_route=\/wp\/v2\/posts\/25178","targetHints":{"allow":["GET"]}}],"collection":[{"href":"https:\/\/tacuarembo.gub.uy\/index.php?rest_route=\/wp\/v2\/posts"}],"about":[{"href":"https:\/\/tacuarembo.gub.uy\/index.php?rest_route=\/wp\/v2\/types\/post"}],"author":[{"embeddable":true,"href":"https:\/\/tacuarembo.gub.uy\/index.php?rest_route=\/wp\/v2\/users\/3"}],"replies":[{"embeddable":true,"href":"https:\/\/tacuarembo.gub.uy\/index.php?rest_route=%2Fwp%2Fv2%2Fcomments&post=25178"}],"version-history":[{"count":1,"href":"https:\/\/tacuarembo.gub.uy\/index.php?rest_route=\/wp\/v2\/posts\/25178\/revisions"}],"predecessor-version":[{"id":25180,"href":"https:\/\/tacuarembo.gub.uy\/index.php?rest_route=\/wp\/v2\/posts\/25178\/revisions\/25180"}],"wp:featuredmedia":[{"embeddable":true,"href":"https:\/\/tacuarembo.gub.uy\/index.php?rest_route=\/wp\/v2\/media\/25179"}],"wp:attachment":[{"href":"https:\/\/tacuarembo.gub.uy\/index.php?rest_route=%2Fwp%2Fv2%2Fmedia&parent=25178"}],"wp:term":[{"taxonomy":"category","embeddable":true,"href":"https:\/\/tacuarembo.gub.uy\/index.php?rest_route=%2Fwp%2Fv2%2Fcategories&post=25178"},{"taxonomy":"post_tag","embeddable":true,"href":"https:\/\/tacuarembo.gub.uy\/index.php?rest_route=%2Fwp%2Fv2%2Ftags&post=25178"}],"curies":[{"name":"wp","href":"https:\/\/api.w.org\/{rel}","templated":true}]}}