{"id":25151,"date":"2024-04-08T22:54:47","date_gmt":"2024-04-09T01:54:47","guid":{"rendered":"https:\/\/tacuarembo.gub.uy\/?p=25151"},"modified":"2024-04-08T22:54:49","modified_gmt":"2024-04-09T01:54:49","slug":"se-conocieron-los-ganadores-del-primer-festival-de-la-empanada-y-el-pastel","status":"publish","type":"post","link":"https:\/\/tacuarembo.gub.uy\/?p=25151","title":{"rendered":"Se conocieron los ganadores del Primer Festival de la Empanada y el Pastel"},"content":{"rendered":"\n<p>El cierre del Turistac 2024 se vivi\u00f3 con alegr\u00eda y emoci\u00f3n al anunciar los ganadores del Primer Festival de la Empanada y el Pastel. En ese marco, el Intendente de Tacuaremb\u00f3, Wilson Ezquerra, le dedic\u00f3 c\u00e1lidas palabras a los participantes y reconoci\u00f3 la calidad presentada, adem\u00e1s de felicitarlos y anunciar el crecimiento de esta propuesta en pr\u00f3ximas ediciones.<\/p>\n\n\n\n<p>Por su parte, el director de Turismo, Marcleo Crespi, acompa\u00f1\u00f3 al Intendente en la entrega de premios y mostr\u00f3 su orgullo por el crecimiento que tiene a\u00f1o a a\u00f1o Turistac y el cari\u00f1o que demuestran los tacuaremboenses en cada edici\u00f3n. Tambi\u00e9n resalt\u00f3 la repercusi\u00f3n que tuvo la incorporaci\u00f3n del Primer Festival de la Empanada y el Pastel que se realiz\u00f3 en el predio de Laguna de las Lavanderas, sorprendiendo al p\u00fablico y al jurado por la originalidad de las propuestas y la amplia variedad de sabores y opciones que ofrecieron los participantes.<\/p>\n\n\n\n<p><em>Premios<\/em><\/p>\n\n\n\n<p><em>EMPANADAS<\/em><\/p>\n\n\n\n<p><em>La m\u00e1s rica<\/em>: primer puesto para el stand N\u00ba 8 \u201cPiGu\u00e1\u201d con su empanada de pollo. El jurado resalt\u00f3 el \u201cexcelente punto de cocci\u00f3n, color ideal, sabor muy bien logrado, correcto repulgue, muy bien rellena y la excelente presentaci\u00f3n\u201d. Segundo lugar para el stand N\u00ba 5 \u201cMG Servicios\u201d, con su empanada de carne y pasas. En este caso, se destac\u00f3 por \u201csu masa crocante, cocci\u00f3n uniforme, sabor agridulce muy bien<br>logrado, bien rellena, y excelente presentaci\u00f3n\u201d.<\/p>\n\n\n\n<p><em>La m\u00e1s original<\/em>: primer lugar para el stand N\u00ba4 \u201cLo Sabrocito\u201d, con la empanada de carne cortada a cuchillo. Su elecci\u00f3n se debi\u00f3 a que \u201cfue original para este festival, ning\u00fan otro puesto present\u00f3 esta opci\u00f3n que para ac\u00e1 es poco com\u00fan y estuvo muy bien lograda, buena cocci\u00f3n y textura de la masa, relleno jugoso y la ternura de la carne fue fundamental\u201d.<\/p>\n\n\n\n<p><em>PASTELES<\/em><\/p>\n\n\n\n<p><em>El m\u00e1s rico<\/em>: Primer puesto para el stand N\u00ba 13 \u201cLas DyD\u201d por su pastel de membrillo. El jurado se\u00f1al\u00f3 el \u201chojaldre perfecto y el relleno muy bien logrado con la consistencia esperada, cumpliendo con todas las cualidades sensoriales esperadas en un buen pastel\u201d.<\/p>\n\n\n\n<p>Segundo puesto para el stand N\u00ba 2 \u201cLo de Vero\u201d, el cual present\u00f3 un pastel de manzana y canela: \u201cExquisito sabor logrado, muy buena apariencia, aroma y sabor excelentes. No logr\u00f3 el primer puesto ya que no fue elaborado en el lugar\u201d.<\/p>\n\n\n\n<p><em>El m\u00e1s original<\/em>: fue para el stand N\u00ba 1 \u201cGS Taller de elaboraci\u00f3n artesanal\u201d por su pastel de lemon pie. Fue la opci\u00f3n m\u00e1s original presentada en el festival. El jurado expres\u00f3 que \u201cestuvo muy bien lograda y cumpli\u00f3 con todas las caracter\u00edsticas esperadas\u201d.<\/p>\n\n\n\n<p><em>STANDS<\/em><\/p>\n\n\n\n<p>El primer puesto se lo llev\u00f3 el stand N\u00ba 8 \u201cPiGu\u00e1\u201d, destac\u00e1ndose la \u201chermosa decoraci\u00f3n, buena atenci\u00f3n al p\u00fablico, present\u00f3 servicios extras (t\u00e9 y sillones), excelente presentaci\u00f3n del equipo de trabajo (uniformes), y correcta manipulaci\u00f3n de alimentos\u201d.<\/p>\n\n\n\n<p>El segundo puesto en esta categor\u00eda fue para el stand n\u00famero 4A \u201cCibeles\u201d. En la evaluaci\u00f3n se resalt\u00f3 que \u201csupieron sacar lo mejor de un lugar que no los favorec\u00eda mucho, la disposici\u00f3n del flujo<br>de trabajo fue excelente, uso correcto de uniformes y correcta manipulaci\u00f3n de alimentos.<\/p>\n\n\n\n<p>El jurado estuvo integrado por el chef franc\u00e9s y jurado del programa de televisi\u00f3n Masterchef, Laurent Lain\u00e9, la licenciada en Nutrici\u00f3n, Mar\u00eda Pintos, la profesora de Gastronom\u00eda, Karla Freitas y la t\u00e9cnica en Alimentos, Vanesa Dollanart. Cada uno de ellos recibi\u00f3 un obsequio a modo de reconocimiento por su aporte durante la actividad.<\/p>\n\n\n\n<p>Todos se llevaron premios en efectivo y trofeos.<\/p>\n\n\n\n\t\t<style type=\"text\/css\">\n\t\t\t#gallery-1 {\n\t\t\t\tmargin: auto;\n\t\t\t}\n\t\t\t#gallery-1 .gallery-item {\n\t\t\t\tfloat: left;\n\t\t\t\tmargin-top: 10px;\n\t\t\t\ttext-align: center;\n\t\t\t\twidth: 33%;\n\t\t\t}\n\t\t\t#gallery-1 img {\n\t\t\t\tborder: 2px solid #cfcfcf;\n\t\t\t}\n\t\t\t#gallery-1 .gallery-caption {\n\t\t\t\tmargin-left: 0;\n\t\t\t}\n\t\t\t\/* see gallery_shortcode() in wp-includes\/media.php *\/\n\t\t<\/style>\n\t\t<div id='gallery-1' class='gallery galleryid-25151 gallery-columns-3 gallery-size-thumbnail'><dl class='gallery-item'>\n\t\t\t<dt class='gallery-icon landscape'>\n\t\t\t\t<a href='https:\/\/tacuarembo.gub.uy\/?attachment_id=25152'><img loading=\"lazy\" decoding=\"async\" width=\"200\" height=\"140\" src=\"https:\/\/tacuarembo.gub.uy\/wp-content\/uploads\/IMG-20240408-WA0059-200x140.jpg\" class=\"attachment-thumbnail size-thumbnail\" alt=\"\" \/><\/a>\n\t\t\t<\/dt><\/dl><dl class='gallery-item'>\n\t\t\t<dt class='gallery-icon landscape'>\n\t\t\t\t<a href='https:\/\/tacuarembo.gub.uy\/?attachment_id=25153'><img loading=\"lazy\" decoding=\"async\" width=\"200\" height=\"140\" src=\"https:\/\/tacuarembo.gub.uy\/wp-content\/uploads\/IMG-20240408-WA0060-200x140.jpg\" class=\"attachment-thumbnail size-thumbnail\" alt=\"\" \/><\/a>\n\t\t\t<\/dt><\/dl><dl class='gallery-item'>\n\t\t\t<dt class='gallery-icon landscape'>\n\t\t\t\t<a href='https:\/\/tacuarembo.gub.uy\/?attachment_id=25154'><img loading=\"lazy\" decoding=\"async\" width=\"200\" height=\"140\" src=\"https:\/\/tacuarembo.gub.uy\/wp-content\/uploads\/IMG-20240408-WA0058-200x140.jpg\" class=\"attachment-thumbnail size-thumbnail\" alt=\"\" \/><\/a>\n\t\t\t<\/dt><\/dl><br style=\"clear: both\" \/><dl class='gallery-item'>\n\t\t\t<dt class='gallery-icon landscape'>\n\t\t\t\t<a href='https:\/\/tacuarembo.gub.uy\/?attachment_id=25155'><img loading=\"lazy\" decoding=\"async\" width=\"200\" height=\"140\" src=\"https:\/\/tacuarembo.gub.uy\/wp-content\/uploads\/IMG-20240408-WA0061-200x140.jpg\" class=\"attachment-thumbnail size-thumbnail\" alt=\"\" \/><\/a>\n\t\t\t<\/dt><\/dl><dl class='gallery-item'>\n\t\t\t<dt class='gallery-icon landscape'>\n\t\t\t\t<a href='https:\/\/tacuarembo.gub.uy\/?attachment_id=25156'><img loading=\"lazy\" decoding=\"async\" width=\"200\" height=\"140\" src=\"https:\/\/tacuarembo.gub.uy\/wp-content\/uploads\/IMG-20240408-WA0057-200x140.jpg\" class=\"attachment-thumbnail size-thumbnail\" alt=\"\" \/><\/a>\n\t\t\t<\/dt><\/dl><dl class='gallery-item'>\n\t\t\t<dt class='gallery-icon landscape'>\n\t\t\t\t<a href='https:\/\/tacuarembo.gub.uy\/?attachment_id=25157'><img loading=\"lazy\" decoding=\"async\" width=\"200\" height=\"140\" src=\"https:\/\/tacuarembo.gub.uy\/wp-content\/uploads\/IMG-20240408-WA0063-200x140.jpg\" class=\"attachment-thumbnail size-thumbnail\" alt=\"\" \/><\/a>\n\t\t\t<\/dt><\/dl><br style=\"clear: both\" \/><dl class='gallery-item'>\n\t\t\t<dt class='gallery-icon landscape'>\n\t\t\t\t<a href='https:\/\/tacuarembo.gub.uy\/?attachment_id=25158'><img loading=\"lazy\" decoding=\"async\" width=\"200\" height=\"140\" src=\"https:\/\/tacuarembo.gub.uy\/wp-content\/uploads\/IMG-20240408-WA0062-200x140.jpg\" class=\"attachment-thumbnail size-thumbnail\" alt=\"\" \/><\/a>\n\t\t\t<\/dt><\/dl><dl class='gallery-item'>\n\t\t\t<dt class='gallery-icon landscape'>\n\t\t\t\t<a href='https:\/\/tacuarembo.gub.uy\/?attachment_id=25159'><img loading=\"lazy\" decoding=\"async\" width=\"200\" height=\"140\" src=\"https:\/\/tacuarembo.gub.uy\/wp-content\/uploads\/IMG-20240408-WA0065-200x140.jpg\" class=\"attachment-thumbnail size-thumbnail\" alt=\"\" \/><\/a>\n\t\t\t<\/dt><\/dl><dl class='gallery-item'>\n\t\t\t<dt class='gallery-icon landscape'>\n\t\t\t\t<a href='https:\/\/tacuarembo.gub.uy\/?attachment_id=25160'><img loading=\"lazy\" decoding=\"async\" width=\"200\" height=\"140\" src=\"https:\/\/tacuarembo.gub.uy\/wp-content\/uploads\/IMG-20240408-WA0067-200x140.jpg\" class=\"attachment-thumbnail size-thumbnail\" alt=\"\" \/><\/a>\n\t\t\t<\/dt><\/dl><br style=\"clear: both\" \/><dl class='gallery-item'>\n\t\t\t<dt class='gallery-icon landscape'>\n\t\t\t\t<a href='https:\/\/tacuarembo.gub.uy\/?attachment_id=25161'><img loading=\"lazy\" decoding=\"async\" width=\"200\" height=\"140\" src=\"https:\/\/tacuarembo.gub.uy\/wp-content\/uploads\/IMG-20240408-WA0056-200x140.jpg\" class=\"attachment-thumbnail size-thumbnail\" alt=\"\" \/><\/a>\n\t\t\t<\/dt><\/dl><dl class='gallery-item'>\n\t\t\t<dt class='gallery-icon landscape'>\n\t\t\t\t<a href='https:\/\/tacuarembo.gub.uy\/?attachment_id=25162'><img loading=\"lazy\" decoding=\"async\" width=\"200\" height=\"140\" src=\"https:\/\/tacuarembo.gub.uy\/wp-content\/uploads\/IMG-20240408-WA0070-200x140.jpg\" class=\"attachment-thumbnail size-thumbnail\" alt=\"\" \/><\/a>\n\t\t\t<\/dt><\/dl><dl class='gallery-item'>\n\t\t\t<dt class='gallery-icon landscape'>\n\t\t\t\t<a href='https:\/\/tacuarembo.gub.uy\/?attachment_id=25163'><img loading=\"lazy\" decoding=\"async\" width=\"200\" height=\"140\" src=\"https:\/\/tacuarembo.gub.uy\/wp-content\/uploads\/IMG-20240408-WA0068-200x140.jpg\" class=\"attachment-thumbnail size-thumbnail\" alt=\"\" \/><\/a>\n\t\t\t<\/dt><\/dl><br style=\"clear: both\" \/><dl class='gallery-item'>\n\t\t\t<dt class='gallery-icon landscape'>\n\t\t\t\t<a href='https:\/\/tacuarembo.gub.uy\/?attachment_id=25164'><img loading=\"lazy\" decoding=\"async\" width=\"200\" height=\"140\" src=\"https:\/\/tacuarembo.gub.uy\/wp-content\/uploads\/IMG-20240408-WA0071-200x140.jpg\" class=\"attachment-thumbnail size-thumbnail\" alt=\"\" \/><\/a>\n\t\t\t<\/dt><\/dl><dl class='gallery-item'>\n\t\t\t<dt class='gallery-icon landscape'>\n\t\t\t\t<a href='https:\/\/tacuarembo.gub.uy\/?attachment_id=25165'><img loading=\"lazy\" decoding=\"async\" width=\"200\" height=\"140\" src=\"https:\/\/tacuarembo.gub.uy\/wp-content\/uploads\/IMG-20240408-WA0072-200x140.jpg\" class=\"attachment-thumbnail size-thumbnail\" alt=\"\" \/><\/a>\n\t\t\t<\/dt><\/dl><dl class='gallery-item'>\n\t\t\t<dt class='gallery-icon landscape'>\n\t\t\t\t<a href='https:\/\/tacuarembo.gub.uy\/?attachment_id=25166'><img loading=\"lazy\" decoding=\"async\" width=\"200\" height=\"140\" src=\"https:\/\/tacuarembo.gub.uy\/wp-content\/uploads\/IMG-20240408-WA0074-200x140.jpg\" class=\"attachment-thumbnail size-thumbnail\" alt=\"\" \/><\/a>\n\t\t\t<\/dt><\/dl><br style=\"clear: both\" \/><dl class='gallery-item'>\n\t\t\t<dt class='gallery-icon landscape'>\n\t\t\t\t<a href='https:\/\/tacuarembo.gub.uy\/?attachment_id=25167'><img loading=\"lazy\" decoding=\"async\" width=\"200\" height=\"140\" src=\"https:\/\/tacuarembo.gub.uy\/wp-content\/uploads\/IMG-20240408-WA0075-200x140.jpg\" class=\"attachment-thumbnail size-thumbnail\" alt=\"\" \/><\/a>\n\t\t\t<\/dt><\/dl><dl class='gallery-item'>\n\t\t\t<dt class='gallery-icon landscape'>\n\t\t\t\t<a href='https:\/\/tacuarembo.gub.uy\/?attachment_id=25168'><img loading=\"lazy\" decoding=\"async\" width=\"200\" height=\"140\" src=\"https:\/\/tacuarembo.gub.uy\/wp-content\/uploads\/IMG-20240408-WA0055-200x140.jpg\" class=\"attachment-thumbnail size-thumbnail\" alt=\"\" \/><\/a>\n\t\t\t<\/dt><\/dl>\n\t\t\t<br style='clear: both' \/>\n\t\t<\/div>\n","protected":false},"excerpt":{"rendered":"<p>El cierre del Turistac 2024 se vivi\u00f3 con alegr\u00eda y emoci\u00f3n al anunciar los ganadores del Primer Festival de la Empanada y el Pastel. En ese marco, el Intendente de Tacuaremb\u00f3, Wilson Ezquerra, le dedic\u00f3 c\u00e1lidas palabras a los participantes y reconoci\u00f3 la calidad presentada, adem\u00e1s de felicitarlos y anunciar el crecimiento de esta propuesta en pr\u00f3ximas ediciones<\/p>\n","protected":false},"author":3,"featured_media":25160,"comment_status":"open","ping_status":"open","sticky":false,"template":"","format":"standard","meta":{"_eb_attr":"","footnotes":""},"categories":[16],"tags":[],"class_list":{"0":"post-25151","1":"post","2":"type-post","3":"status-publish","4":"format-standard","5":"has-post-thumbnail","7":"category-noticias"},"_links":{"self":[{"href":"https:\/\/tacuarembo.gub.uy\/index.php?rest_route=\/wp\/v2\/posts\/25151","targetHints":{"allow":["GET"]}}],"collection":[{"href":"https:\/\/tacuarembo.gub.uy\/index.php?rest_route=\/wp\/v2\/posts"}],"about":[{"href":"https:\/\/tacuarembo.gub.uy\/index.php?rest_route=\/wp\/v2\/types\/post"}],"author":[{"embeddable":true,"href":"https:\/\/tacuarembo.gub.uy\/index.php?rest_route=\/wp\/v2\/users\/3"}],"replies":[{"embeddable":true,"href":"https:\/\/tacuarembo.gub.uy\/index.php?rest_route=%2Fwp%2Fv2%2Fcomments&post=25151"}],"version-history":[{"count":1,"href":"https:\/\/tacuarembo.gub.uy\/index.php?rest_route=\/wp\/v2\/posts\/25151\/revisions"}],"predecessor-version":[{"id":25169,"href":"https:\/\/tacuarembo.gub.uy\/index.php?rest_route=\/wp\/v2\/posts\/25151\/revisions\/25169"}],"wp:featuredmedia":[{"embeddable":true,"href":"https:\/\/tacuarembo.gub.uy\/index.php?rest_route=\/wp\/v2\/media\/25160"}],"wp:attachment":[{"href":"https:\/\/tacuarembo.gub.uy\/index.php?rest_route=%2Fwp%2Fv2%2Fmedia&parent=25151"}],"wp:term":[{"taxonomy":"category","embeddable":true,"href":"https:\/\/tacuarembo.gub.uy\/index.php?rest_route=%2Fwp%2Fv2%2Fcategories&post=25151"},{"taxonomy":"post_tag","embeddable":true,"href":"https:\/\/tacuarembo.gub.uy\/index.php?rest_route=%2Fwp%2Fv2%2Ftags&post=25151"}],"curies":[{"name":"wp","href":"https:\/\/api.w.org\/{rel}","templated":true}]}}