{"id":25092,"date":"2024-04-04T18:02:47","date_gmt":"2024-04-04T21:02:47","guid":{"rendered":"https:\/\/tacuarembo.gub.uy\/?p=25092"},"modified":"2024-04-06T14:33:11","modified_gmt":"2024-04-06T17:33:11","slug":"turistac-domingo-7-laguna-de-las-lavanderas","status":"publish","type":"post","link":"https:\/\/tacuarembo.gub.uy\/?p=25092","title":{"rendered":"Turistac, domingo 7, Laguna de las Lavanderas"},"content":{"rendered":"\n<p>La Intendencia de Tacuaremb\u00f3 informa que dentro programa de Turistac, \u201cTacuaremb\u00f3 canta en la Laguna de las Lavanderas\u201d, este pr\u00f3ximo domingo 7 de abril se llevar\u00e1 a cabo el cierre del mismo con el siguiente programa:<br>-Hora 16:30, Grupo Itat\u00ed y Flor Nativa, danza<br>-Hora 17:05, Antuan DJ<br>-Hora 17:40, Grupo Miel<br>-Hora 18:15, Sembrando en el Hormig\u00f3n, folklore<br>-Hora 18:45, Entrega de premios \u201c1er. Festival de la Empanada y el Pastel\u201d<br>-Hora 19:20, Cumbia Clave<br>-Hora 18:55, D\u00fao Los 3, folklore<br>-Hora 20:20, Munay, rock<br>-Hora 20:55, Puro Chamuyo, folklore<br>-Hora 21:30, S\u00faper Hobby<\/p>\n","protected":false},"excerpt":{"rendered":"<p>La Intendencia de Tacuaremb\u00f3 informa que dentro programa de Turistac, \u201cTacuaremb\u00f3 canta en la Laguna de las Lavanderas\u201d, este pr\u00f3ximo domingo 7 de abril se llevar\u00e1 a cabo el cierre del mismo con el siguiente programa<\/p>\n","protected":false},"author":3,"featured_media":25093,"comment_status":"open","ping_status":"open","sticky":false,"template":"","format":"standard","meta":{"_eb_attr":"","footnotes":""},"categories":[38],"tags":[],"class_list":{"0":"post-25092","1":"post","2":"type-post","3":"status-publish","4":"format-standard","5":"has-post-thumbnail","7":"category-comunicados-de-prensa"},"_links":{"self":[{"href":"https:\/\/tacuarembo.gub.uy\/index.php?rest_route=\/wp\/v2\/posts\/25092","targetHints":{"allow":["GET"]}}],"collection":[{"href":"https:\/\/tacuarembo.gub.uy\/index.php?rest_route=\/wp\/v2\/posts"}],"about":[{"href":"https:\/\/tacuarembo.gub.uy\/index.php?rest_route=\/wp\/v2\/types\/post"}],"author":[{"embeddable":true,"href":"https:\/\/tacuarembo.gub.uy\/index.php?rest_route=\/wp\/v2\/users\/3"}],"replies":[{"embeddable":true,"href":"https:\/\/tacuarembo.gub.uy\/index.php?rest_route=%2Fwp%2Fv2%2Fcomments&post=25092"}],"version-history":[{"count":2,"href":"https:\/\/tacuarembo.gub.uy\/index.php?rest_route=\/wp\/v2\/posts\/25092\/revisions"}],"predecessor-version":[{"id":25122,"href":"https:\/\/tacuarembo.gub.uy\/index.php?rest_route=\/wp\/v2\/posts\/25092\/revisions\/25122"}],"wp:featuredmedia":[{"embeddable":true,"href":"https:\/\/tacuarembo.gub.uy\/index.php?rest_route=\/wp\/v2\/media\/25093"}],"wp:attachment":[{"href":"https:\/\/tacuarembo.gub.uy\/index.php?rest_route=%2Fwp%2Fv2%2Fmedia&parent=25092"}],"wp:term":[{"taxonomy":"category","embeddable":true,"href":"https:\/\/tacuarembo.gub.uy\/index.php?rest_route=%2Fwp%2Fv2%2Fcategories&post=25092"},{"taxonomy":"post_tag","embeddable":true,"href":"https:\/\/tacuarembo.gub.uy\/index.php?rest_route=%2Fwp%2Fv2%2Ftags&post=25092"}],"curies":[{"name":"wp","href":"https:\/\/api.w.org\/{rel}","templated":true}]}}