{"id":25072,"date":"2024-04-02T22:45:30","date_gmt":"2024-04-03T01:45:30","guid":{"rendered":"https:\/\/tacuarembo.gub.uy\/?p=25072"},"modified":"2024-04-02T22:45:33","modified_gmt":"2024-04-03T01:45:33","slug":"jornada-de-concientizacion-por-el-dia-mundial-del-autismo-en-la-plaza-colon","status":"publish","type":"post","link":"https:\/\/tacuarembo.gub.uy\/?p=25072","title":{"rendered":"Jornada de concientizaci\u00f3n por el D\u00eda Mundial del Autismo en la Plaza Col\u00f3n"},"content":{"rendered":"\n<p>El D\u00eda Mundial de la Concientizaci\u00f3n sobre el Autismo cont\u00f3 con la adhesi\u00f3n de la Intendencia de Tacuaremb\u00f3, durante este lunes 2 de abril, en la Plaza Col\u00f3n.<\/p>\n\n\n\n<p>Organizada por COMTA, la Intendencia, APADISTA, ATATEA y EMPATEA, la actividad tuvo como objetivo principal difundir informaci\u00f3n, aumentar la visibilidad y sensibilizar a la comunidad sobre el autismo. Adem\u00e1s, durante la ma\u00f1ana, estudiantes disfrutaron de un espect\u00e1culo a cargo de Fernando Lorenzo.<\/p>\n\n\n\n<p>El director de Discapacidad de la IDT, dependiente de la Direcci\u00f3n General de Desarrollo Social, Daniel Ignacio, destac\u00f3 la importancia del evento y agradeci\u00f3 a las personas e instituciones que apoyaron la iniciativa.<\/p>\n\n\n\n<p>Uno de los puntos destacados fue la promoci\u00f3n del uso del \u00abcord\u00f3n de girasoles\u00bb, un s\u00edmbolo que ayuda a identificar a personas con discapacidades invisibles, facilitando as\u00ed una atenci\u00f3n m\u00e1s adecuada para sus necesidades. Ignacio subray\u00f3 la existencia de instituciones tanto p\u00fablicas como privadas en el departamento que brindan atenci\u00f3n y contenci\u00f3n a aquellos que tienen esta condici\u00f3n, destacando el compromiso de la comunidad en esta importante causa.<\/p>\n\n\n\n\t\t<style type=\"text\/css\">\n\t\t\t#gallery-1 {\n\t\t\t\tmargin: auto;\n\t\t\t}\n\t\t\t#gallery-1 .gallery-item {\n\t\t\t\tfloat: left;\n\t\t\t\tmargin-top: 10px;\n\t\t\t\ttext-align: center;\n\t\t\t\twidth: 33%;\n\t\t\t}\n\t\t\t#gallery-1 img {\n\t\t\t\tborder: 2px solid #cfcfcf;\n\t\t\t}\n\t\t\t#gallery-1 .gallery-caption {\n\t\t\t\tmargin-left: 0;\n\t\t\t}\n\t\t\t\/* see gallery_shortcode() in wp-includes\/media.php *\/\n\t\t<\/style>\n\t\t<div id='gallery-1' class='gallery galleryid-25072 gallery-columns-3 gallery-size-full'><dl class='gallery-item'>\n\t\t\t<dt class='gallery-icon landscape'>\n\t\t\t\t<a href='https:\/\/tacuarembo.gub.uy\/?attachment_id=25073'><img loading=\"lazy\" decoding=\"async\" width=\"2000\" height=\"1126\" src=\"https:\/\/tacuarembo.gub.uy\/wp-content\/uploads\/IMG-20240402-WA0053.jpg\" class=\"attachment-full size-full\" alt=\"\" srcset=\"https:\/\/tacuarembo.gub.uy\/wp-content\/uploads\/IMG-20240402-WA0053.jpg 2000w, https:\/\/tacuarembo.gub.uy\/wp-content\/uploads\/IMG-20240402-WA0053-768x432.jpg 768w, https:\/\/tacuarembo.gub.uy\/wp-content\/uploads\/IMG-20240402-WA0053-1536x865.jpg 1536w\" sizes=\"auto, (max-width: 2000px) 100vw, 2000px\" \/><\/a>\n\t\t\t<\/dt><\/dl><dl class='gallery-item'>\n\t\t\t<dt class='gallery-icon landscape'>\n\t\t\t\t<a href='https:\/\/tacuarembo.gub.uy\/?attachment_id=25074'><img loading=\"lazy\" decoding=\"async\" width=\"2000\" height=\"1126\" src=\"https:\/\/tacuarembo.gub.uy\/wp-content\/uploads\/IMG-20240402-WA0054.jpg\" class=\"attachment-full size-full\" alt=\"\" srcset=\"https:\/\/tacuarembo.gub.uy\/wp-content\/uploads\/IMG-20240402-WA0054.jpg 2000w, https:\/\/tacuarembo.gub.uy\/wp-content\/uploads\/IMG-20240402-WA0054-768x432.jpg 768w, https:\/\/tacuarembo.gub.uy\/wp-content\/uploads\/IMG-20240402-WA0054-1536x865.jpg 1536w\" sizes=\"auto, (max-width: 2000px) 100vw, 2000px\" \/><\/a>\n\t\t\t<\/dt><\/dl><dl class='gallery-item'>\n\t\t\t<dt class='gallery-icon landscape'>\n\t\t\t\t<a href='https:\/\/tacuarembo.gub.uy\/?attachment_id=25075'><img loading=\"lazy\" decoding=\"async\" width=\"2000\" height=\"1126\" src=\"https:\/\/tacuarembo.gub.uy\/wp-content\/uploads\/IMG-20240402-WA0052.jpg\" class=\"attachment-full size-full\" alt=\"\" srcset=\"https:\/\/tacuarembo.gub.uy\/wp-content\/uploads\/IMG-20240402-WA0052.jpg 2000w, https:\/\/tacuarembo.gub.uy\/wp-content\/uploads\/IMG-20240402-WA0052-768x432.jpg 768w, https:\/\/tacuarembo.gub.uy\/wp-content\/uploads\/IMG-20240402-WA0052-1536x865.jpg 1536w\" sizes=\"auto, (max-width: 2000px) 100vw, 2000px\" \/><\/a>\n\t\t\t<\/dt><\/dl><br style=\"clear: both\" \/><dl class='gallery-item'>\n\t\t\t<dt class='gallery-icon landscape'>\n\t\t\t\t<a href='https:\/\/tacuarembo.gub.uy\/?attachment_id=25076'><img loading=\"lazy\" decoding=\"async\" width=\"2000\" height=\"1126\" src=\"https:\/\/tacuarembo.gub.uy\/wp-content\/uploads\/IMG-20240402-WA0055.jpg\" class=\"attachment-full size-full\" alt=\"\" srcset=\"https:\/\/tacuarembo.gub.uy\/wp-content\/uploads\/IMG-20240402-WA0055.jpg 2000w, https:\/\/tacuarembo.gub.uy\/wp-content\/uploads\/IMG-20240402-WA0055-768x432.jpg 768w, https:\/\/tacuarembo.gub.uy\/wp-content\/uploads\/IMG-20240402-WA0055-1536x865.jpg 1536w\" sizes=\"auto, (max-width: 2000px) 100vw, 2000px\" \/><\/a>\n\t\t\t<\/dt><\/dl><dl class='gallery-item'>\n\t\t\t<dt class='gallery-icon landscape'>\n\t\t\t\t<a href='https:\/\/tacuarembo.gub.uy\/?attachment_id=25077'><img loading=\"lazy\" decoding=\"async\" width=\"1076\" height=\"835\" src=\"https:\/\/tacuarembo.gub.uy\/wp-content\/uploads\/IMG-20240402-WA0056.jpg\" class=\"attachment-full size-full\" alt=\"\" srcset=\"https:\/\/tacuarembo.gub.uy\/wp-content\/uploads\/IMG-20240402-WA0056.jpg 1076w, https:\/\/tacuarembo.gub.uy\/wp-content\/uploads\/IMG-20240402-WA0056-768x596.jpg 768w\" sizes=\"auto, (max-width: 1076px) 100vw, 1076px\" \/><\/a>\n\t\t\t<\/dt><\/dl><dl class='gallery-item'>\n\t\t\t<dt class='gallery-icon landscape'>\n\t\t\t\t<a href='https:\/\/tacuarembo.gub.uy\/?attachment_id=25078'><img loading=\"lazy\" decoding=\"async\" width=\"2000\" height=\"1126\" src=\"https:\/\/tacuarembo.gub.uy\/wp-content\/uploads\/IMG-20240402-WA0051.jpg\" class=\"attachment-full size-full\" alt=\"\" srcset=\"https:\/\/tacuarembo.gub.uy\/wp-content\/uploads\/IMG-20240402-WA0051.jpg 2000w, https:\/\/tacuarembo.gub.uy\/wp-content\/uploads\/IMG-20240402-WA0051-768x432.jpg 768w, https:\/\/tacuarembo.gub.uy\/wp-content\/uploads\/IMG-20240402-WA0051-1536x865.jpg 1536w\" sizes=\"auto, (max-width: 2000px) 100vw, 2000px\" \/><\/a>\n\t\t\t<\/dt><\/dl><br style=\"clear: both\" \/><dl class='gallery-item'>\n\t\t\t<dt class='gallery-icon landscape'>\n\t\t\t\t<a href='https:\/\/tacuarembo.gub.uy\/?attachment_id=25079'><img loading=\"lazy\" decoding=\"async\" width=\"1600\" height=\"757\" src=\"https:\/\/tacuarembo.gub.uy\/wp-content\/uploads\/IMG-20240402-WA0050.jpg\" class=\"attachment-full size-full\" alt=\"\" srcset=\"https:\/\/tacuarembo.gub.uy\/wp-content\/uploads\/IMG-20240402-WA0050.jpg 1600w, https:\/\/tacuarembo.gub.uy\/wp-content\/uploads\/IMG-20240402-WA0050-768x363.jpg 768w, https:\/\/tacuarembo.gub.uy\/wp-content\/uploads\/IMG-20240402-WA0050-1536x727.jpg 1536w\" sizes=\"auto, (max-width: 1600px) 100vw, 1600px\" \/><\/a>\n\t\t\t<\/dt><\/dl><dl class='gallery-item'>\n\t\t\t<dt class='gallery-icon landscape'>\n\t\t\t\t<a href='https:\/\/tacuarembo.gub.uy\/?attachment_id=25080'><img loading=\"lazy\" decoding=\"async\" width=\"1600\" height=\"1201\" src=\"https:\/\/tacuarembo.gub.uy\/wp-content\/uploads\/IMG-20240402-WA0049.jpg\" class=\"attachment-full size-full\" alt=\"\" srcset=\"https:\/\/tacuarembo.gub.uy\/wp-content\/uploads\/IMG-20240402-WA0049.jpg 1600w, https:\/\/tacuarembo.gub.uy\/wp-content\/uploads\/IMG-20240402-WA0049-768x576.jpg 768w, https:\/\/tacuarembo.gub.uy\/wp-content\/uploads\/IMG-20240402-WA0049-1536x1153.jpg 1536w\" sizes=\"auto, (max-width: 1600px) 100vw, 1600px\" \/><\/a>\n\t\t\t<\/dt><\/dl>\n\t\t\t<br style='clear: both' \/>\n\t\t<\/div>\n","protected":false},"excerpt":{"rendered":"<p>El D\u00eda Mundial de la Concientizaci\u00f3n sobre el Autismo cont\u00f3 con la adhesi\u00f3n de la Intendencia de Tacuaremb\u00f3, durante este lunes 2 de abril, en la Plaza Col\u00f3n<\/p>\n","protected":false},"author":3,"featured_media":25080,"comment_status":"open","ping_status":"open","sticky":false,"template":"","format":"standard","meta":{"_eb_attr":"","footnotes":""},"categories":[16],"tags":[],"class_list":{"0":"post-25072","1":"post","2":"type-post","3":"status-publish","4":"format-standard","5":"has-post-thumbnail","7":"category-noticias"},"_links":{"self":[{"href":"https:\/\/tacuarembo.gub.uy\/index.php?rest_route=\/wp\/v2\/posts\/25072","targetHints":{"allow":["GET"]}}],"collection":[{"href":"https:\/\/tacuarembo.gub.uy\/index.php?rest_route=\/wp\/v2\/posts"}],"about":[{"href":"https:\/\/tacuarembo.gub.uy\/index.php?rest_route=\/wp\/v2\/types\/post"}],"author":[{"embeddable":true,"href":"https:\/\/tacuarembo.gub.uy\/index.php?rest_route=\/wp\/v2\/users\/3"}],"replies":[{"embeddable":true,"href":"https:\/\/tacuarembo.gub.uy\/index.php?rest_route=%2Fwp%2Fv2%2Fcomments&post=25072"}],"version-history":[{"count":1,"href":"https:\/\/tacuarembo.gub.uy\/index.php?rest_route=\/wp\/v2\/posts\/25072\/revisions"}],"predecessor-version":[{"id":25081,"href":"https:\/\/tacuarembo.gub.uy\/index.php?rest_route=\/wp\/v2\/posts\/25072\/revisions\/25081"}],"wp:featuredmedia":[{"embeddable":true,"href":"https:\/\/tacuarembo.gub.uy\/index.php?rest_route=\/wp\/v2\/media\/25080"}],"wp:attachment":[{"href":"https:\/\/tacuarembo.gub.uy\/index.php?rest_route=%2Fwp%2Fv2%2Fmedia&parent=25072"}],"wp:term":[{"taxonomy":"category","embeddable":true,"href":"https:\/\/tacuarembo.gub.uy\/index.php?rest_route=%2Fwp%2Fv2%2Fcategories&post=25072"},{"taxonomy":"post_tag","embeddable":true,"href":"https:\/\/tacuarembo.gub.uy\/index.php?rest_route=%2Fwp%2Fv2%2Ftags&post=25072"}],"curies":[{"name":"wp","href":"https:\/\/api.w.org\/{rel}","templated":true}]}}