{"id":24864,"date":"2024-03-25T12:40:59","date_gmt":"2024-03-25T15:40:59","guid":{"rendered":"https:\/\/tacuarembo.gub.uy\/?p=24864"},"modified":"2024-03-25T12:41:01","modified_gmt":"2024-03-25T15:41:01","slug":"turistac-2024-comienza-con-la-presentacion-de-la-banda-argentina-volcan-en-la-laguna-de-las-lavanderas","status":"publish","type":"post","link":"https:\/\/tacuarembo.gub.uy\/?p=24864","title":{"rendered":"Turistac 2024 comienza con la presentaci\u00f3n de la banda argentina \u201cVolc\u00e1n\u201d en la Laguna de las Lavanderas"},"content":{"rendered":"\n<p>El Festival de Turismo se desarrollar\u00e1 desde este mi\u00e9rcoles 27 hasta el domingo 31 de marzo en la Laguna de las Lavanderas y del 29 al 31 de marzo en Valle Ed\u00e9n.<\/p>\n\n\n\n<p>Los espect\u00e1culos musicales son la esencia de esta propuesta que se instala en Semana de Turismo y constituye una oportunidad para los m\u00fasicos de Tacuaremb\u00f3 de difundir su arte y atraer visitantes.<\/p>\n\n\n\n<p>Se destaca la participaci\u00f3n de m\u00e1s de 100 artistas locales y cierres musicales a cargo artistas y bandas, como invitados especiales.<\/p>\n\n\n\n<p>Programaci\u00f3n en la Laguna de las Lavanderas<\/p>\n\n\n\n<p>Mi\u00e9rcoles 27, a las 23 horas: Volc\u00e1n<br>Jueves 28, a las 23 horas: Mart\u00edn Pi\u00f1a<br>Viernes 29, a las 23 horas: Meta Fuelle<br>S\u00e1bado 30, a las 22 y 23 horas respectivamente: Antillano y Bola 8<br>Domingo 31, a las 22.15 horas: S\u00faper Hobby<\/p>\n\n\n<p><img loading=\"lazy\" decoding=\"async\" width=\"850\" height=\"480\" class=\"alignnone size-full wp-image-24865\" src=\"https:\/\/tacuarembo.gub.uy\/wp-content\/uploads\/IMG-20240325-WA0010.jpg\" alt=\"\" srcset=\"https:\/\/tacuarembo.gub.uy\/wp-content\/uploads\/IMG-20240325-WA0010.jpg 850w, https:\/\/tacuarembo.gub.uy\/wp-content\/uploads\/IMG-20240325-WA0010-768x434.jpg 768w\" sizes=\"auto, (max-width: 850px) 100vw, 850px\" \/><\/p>","protected":false},"excerpt":{"rendered":"<p>El Festival de Turismo se desarrollar\u00e1 desde este mi\u00e9rcoles 27 hasta el domingo 31 de marzo en la Laguna de las Lavanderas y del 29 al 31 de marzo en Valle Ed\u00e9n<\/p>\n","protected":false},"author":3,"featured_media":24865,"comment_status":"open","ping_status":"open","sticky":false,"template":"","format":"standard","meta":{"_eb_attr":"","footnotes":""},"categories":[16],"tags":[],"class_list":{"0":"post-24864","1":"post","2":"type-post","3":"status-publish","4":"format-standard","5":"has-post-thumbnail","7":"category-noticias"},"_links":{"self":[{"href":"https:\/\/tacuarembo.gub.uy\/index.php?rest_route=\/wp\/v2\/posts\/24864","targetHints":{"allow":["GET"]}}],"collection":[{"href":"https:\/\/tacuarembo.gub.uy\/index.php?rest_route=\/wp\/v2\/posts"}],"about":[{"href":"https:\/\/tacuarembo.gub.uy\/index.php?rest_route=\/wp\/v2\/types\/post"}],"author":[{"embeddable":true,"href":"https:\/\/tacuarembo.gub.uy\/index.php?rest_route=\/wp\/v2\/users\/3"}],"replies":[{"embeddable":true,"href":"https:\/\/tacuarembo.gub.uy\/index.php?rest_route=%2Fwp%2Fv2%2Fcomments&post=24864"}],"version-history":[{"count":1,"href":"https:\/\/tacuarembo.gub.uy\/index.php?rest_route=\/wp\/v2\/posts\/24864\/revisions"}],"predecessor-version":[{"id":24866,"href":"https:\/\/tacuarembo.gub.uy\/index.php?rest_route=\/wp\/v2\/posts\/24864\/revisions\/24866"}],"wp:featuredmedia":[{"embeddable":true,"href":"https:\/\/tacuarembo.gub.uy\/index.php?rest_route=\/wp\/v2\/media\/24865"}],"wp:attachment":[{"href":"https:\/\/tacuarembo.gub.uy\/index.php?rest_route=%2Fwp%2Fv2%2Fmedia&parent=24864"}],"wp:term":[{"taxonomy":"category","embeddable":true,"href":"https:\/\/tacuarembo.gub.uy\/index.php?rest_route=%2Fwp%2Fv2%2Fcategories&post=24864"},{"taxonomy":"post_tag","embeddable":true,"href":"https:\/\/tacuarembo.gub.uy\/index.php?rest_route=%2Fwp%2Fv2%2Ftags&post=24864"}],"curies":[{"name":"wp","href":"https:\/\/api.w.org\/{rel}","templated":true}]}}