{"id":24819,"date":"2024-03-21T16:01:48","date_gmt":"2024-03-21T19:01:48","guid":{"rendered":"https:\/\/tacuarembo.gub.uy\/?p=24819"},"modified":"2024-03-21T16:01:56","modified_gmt":"2024-03-21T19:01:56","slug":"se-postergaron-las-actividades-por-el-dia-mundial-del-sindrome-de-down","status":"publish","type":"post","link":"https:\/\/tacuarembo.gub.uy\/?p=24819","title":{"rendered":"Se postergaron las actividades por el D\u00eda Mundial del S\u00edndrome de Down"},"content":{"rendered":"\n<p>La asociaci\u00f3n civil Amigos y Padres del Discapacitado de Tacuaremb\u00f3 (Apadista) informa que se suspendieron las actividades previstas para esta jornada, con motivo del D\u00eda Mundial del S\u00edndrome de Down.<\/p>\n\n\n\n<p>Las mismas cuentan con el apoyo de la Intendencia de Tacuaremb\u00f3 y se reprogramaron para el viernes 22, a las 15 horas, en la Plaza de Deportes.<\/p>\n","protected":false},"excerpt":{"rendered":"<p>La asociaci\u00f3n civil Amigos y Padres del Discapacitado de Tacuaremb\u00f3 (Apadista) informa que se suspendieron las actividades previstas para esta jornada, con motivo del D\u00eda Mundial del S\u00edndrome de Down<\/p>\n","protected":false},"author":3,"featured_media":24820,"comment_status":"open","ping_status":"open","sticky":false,"template":"","format":"standard","meta":{"_eb_attr":"","footnotes":""},"categories":[16],"tags":[],"class_list":{"0":"post-24819","1":"post","2":"type-post","3":"status-publish","4":"format-standard","5":"has-post-thumbnail","7":"category-noticias"},"_links":{"self":[{"href":"https:\/\/tacuarembo.gub.uy\/index.php?rest_route=\/wp\/v2\/posts\/24819","targetHints":{"allow":["GET"]}}],"collection":[{"href":"https:\/\/tacuarembo.gub.uy\/index.php?rest_route=\/wp\/v2\/posts"}],"about":[{"href":"https:\/\/tacuarembo.gub.uy\/index.php?rest_route=\/wp\/v2\/types\/post"}],"author":[{"embeddable":true,"href":"https:\/\/tacuarembo.gub.uy\/index.php?rest_route=\/wp\/v2\/users\/3"}],"replies":[{"embeddable":true,"href":"https:\/\/tacuarembo.gub.uy\/index.php?rest_route=%2Fwp%2Fv2%2Fcomments&post=24819"}],"version-history":[{"count":1,"href":"https:\/\/tacuarembo.gub.uy\/index.php?rest_route=\/wp\/v2\/posts\/24819\/revisions"}],"predecessor-version":[{"id":24821,"href":"https:\/\/tacuarembo.gub.uy\/index.php?rest_route=\/wp\/v2\/posts\/24819\/revisions\/24821"}],"wp:featuredmedia":[{"embeddable":true,"href":"https:\/\/tacuarembo.gub.uy\/index.php?rest_route=\/wp\/v2\/media\/24820"}],"wp:attachment":[{"href":"https:\/\/tacuarembo.gub.uy\/index.php?rest_route=%2Fwp%2Fv2%2Fmedia&parent=24819"}],"wp:term":[{"taxonomy":"category","embeddable":true,"href":"https:\/\/tacuarembo.gub.uy\/index.php?rest_route=%2Fwp%2Fv2%2Fcategories&post=24819"},{"taxonomy":"post_tag","embeddable":true,"href":"https:\/\/tacuarembo.gub.uy\/index.php?rest_route=%2Fwp%2Fv2%2Ftags&post=24819"}],"curies":[{"name":"wp","href":"https:\/\/api.w.org\/{rel}","templated":true}]}}