{"id":24811,"date":"2024-03-20T18:53:40","date_gmt":"2024-03-20T21:53:40","guid":{"rendered":"https:\/\/tacuarembo.gub.uy\/?p=24811"},"modified":"2024-03-20T18:53:42","modified_gmt":"2024-03-20T21:53:42","slug":"rige-alerta-roja-por-tormentas-fuertes-y-severas","status":"publish","type":"post","link":"https:\/\/tacuarembo.gub.uy\/?p=24811","title":{"rendered":"Rige alerta roja por tormentas fuertes y severas"},"content":{"rendered":"\n<p>El Instituto Uruguayo de Meteorolog\u00eda (Inumet) emiti\u00f3 una alerta roja y otra de color naranja. Se advierte por tormentas fuertes y severas.<\/p>\n\n\n\n<p>La Intendencia de Tacuaremb\u00f3 comparte el aviso del organismo que hace referencia al ingreso de una perturbaci\u00f3n atmosf\u00e9rica asociada a masa de aire h\u00fameda y muy inestable que afecta el pa\u00eds, generando tormentas fuertes, algunas puntualmente severas.<\/p>\n\n\n<p><img loading=\"lazy\" decoding=\"async\" width=\"1170\" height=\"923\" class=\"alignnone size-full wp-image-24812\" src=\"https:\/\/tacuarembo.gub.uy\/wp-content\/uploads\/IMG-20240320-WA0037.jpg\" alt=\"\" srcset=\"https:\/\/tacuarembo.gub.uy\/wp-content\/uploads\/IMG-20240320-WA0037.jpg 1170w, https:\/\/tacuarembo.gub.uy\/wp-content\/uploads\/IMG-20240320-WA0037-768x606.jpg 768w\" sizes=\"auto, (max-width: 1170px) 100vw, 1170px\" \/><\/p>\n\n\n<p>Cabe destacar que en zonas de tormentas se podr\u00e1n registrar lluvias torrenciales, ca\u00edda de granizo, intensa actividad el\u00e9ctrica y rachas de viento muy fuertes.<\/p>\n\n\n\n<p>Se continuar\u00e1 monitoreando la situaci\u00f3n y se informar\u00e1 ante eventuales cambios.<\/p>\n\n\n\n<p>En Tacuaremb\u00f3 se encuentran bajo <em>alerta roja<\/em> las zonas de Achar, Caraguata, Cerro Chato, Clara, Cuchilla de Peralta, Paso de los Toros, Rinc\u00f3n del Bonete y San Gregorio de Polanco.<\/p>\n\n\n\n<p>En tanto, bajo <em>alerta naranja<\/em> permanecen Ansina, Balneario Ipor\u00e1, Curtina, La Hilera, La Pedrera, Paso Bonilla, Piedra Sola, Pueblo de Arriba, Pueblo de Barro, Punta de Carretera, Sauce de Batov\u00ed, Tacuaremb\u00f3 y Tambores.<\/p>\n","protected":false},"excerpt":{"rendered":"<p>El Instituto Uruguayo de Meteorolog\u00eda (Inumet) emiti\u00f3 una alerta roja y otra de color naranja. Se advierte por tormentas fuertes y severas<\/p>\n","protected":false},"author":3,"featured_media":24812,"comment_status":"open","ping_status":"open","sticky":false,"template":"","format":"standard","meta":{"_eb_attr":"","footnotes":""},"categories":[16],"tags":[],"class_list":{"0":"post-24811","1":"post","2":"type-post","3":"status-publish","4":"format-standard","5":"has-post-thumbnail","7":"category-noticias"},"_links":{"self":[{"href":"https:\/\/tacuarembo.gub.uy\/index.php?rest_route=\/wp\/v2\/posts\/24811","targetHints":{"allow":["GET"]}}],"collection":[{"href":"https:\/\/tacuarembo.gub.uy\/index.php?rest_route=\/wp\/v2\/posts"}],"about":[{"href":"https:\/\/tacuarembo.gub.uy\/index.php?rest_route=\/wp\/v2\/types\/post"}],"author":[{"embeddable":true,"href":"https:\/\/tacuarembo.gub.uy\/index.php?rest_route=\/wp\/v2\/users\/3"}],"replies":[{"embeddable":true,"href":"https:\/\/tacuarembo.gub.uy\/index.php?rest_route=%2Fwp%2Fv2%2Fcomments&post=24811"}],"version-history":[{"count":1,"href":"https:\/\/tacuarembo.gub.uy\/index.php?rest_route=\/wp\/v2\/posts\/24811\/revisions"}],"predecessor-version":[{"id":24813,"href":"https:\/\/tacuarembo.gub.uy\/index.php?rest_route=\/wp\/v2\/posts\/24811\/revisions\/24813"}],"wp:featuredmedia":[{"embeddable":true,"href":"https:\/\/tacuarembo.gub.uy\/index.php?rest_route=\/wp\/v2\/media\/24812"}],"wp:attachment":[{"href":"https:\/\/tacuarembo.gub.uy\/index.php?rest_route=%2Fwp%2Fv2%2Fmedia&parent=24811"}],"wp:term":[{"taxonomy":"category","embeddable":true,"href":"https:\/\/tacuarembo.gub.uy\/index.php?rest_route=%2Fwp%2Fv2%2Fcategories&post=24811"},{"taxonomy":"post_tag","embeddable":true,"href":"https:\/\/tacuarembo.gub.uy\/index.php?rest_route=%2Fwp%2Fv2%2Ftags&post=24811"}],"curies":[{"name":"wp","href":"https:\/\/api.w.org\/{rel}","templated":true}]}}