{"id":24809,"date":"2024-03-20T17:11:39","date_gmt":"2024-03-20T20:11:39","guid":{"rendered":"https:\/\/tacuarembo.gub.uy\/?p=24809"},"modified":"2024-03-22T15:23:36","modified_gmt":"2024-03-22T18:23:36","slug":"primer-festival-de-la-empanada-y-el-pastel-2","status":"publish","type":"post","link":"https:\/\/tacuarembo.gub.uy\/?p=24809","title":{"rendered":"Primer festival de la empanada y el pastel"},"content":{"rendered":"\n<p>El primer Festival de la Empanada y el Pastel es organizado por la Intendencia Departamental de Tacuaremb\u00f3 en el marco de Turistac, el cual se realizar\u00e1 en el predio de Laguna de las Lavanderas entre los d\u00edas 27 al 31 de marzo de 2024. Los aspirantes a participar del mismo, deber\u00e1n leer y aceptar las condiciones y completar el formulario en tiempo y forma hasta el 25 de marzo del 2024, inclusive<\/p>\n\n\n\n<div class=\"wpcf7 no-js\" id=\"wpcf7-f24807-o1\" lang=\"es-ES\" dir=\"ltr\" data-wpcf7-id=\"24807\">\n<div class=\"screen-reader-response\"><p role=\"status\" aria-live=\"polite\" aria-atomic=\"true\"><\/p> <ul><\/ul><\/div>\n<form action=\"\/index.php?rest_route=%2Fwp%2Fv2%2Fposts%2F24809#wpcf7-f24807-o1\" method=\"post\" class=\"wpcf7-form init\" aria-label=\"Formulario de contacto\" novalidate=\"novalidate\" data-status=\"init\">\n<fieldset class=\"hidden-fields-container\"><input type=\"hidden\" name=\"_wpcf7\" value=\"24807\" \/><input type=\"hidden\" name=\"_wpcf7_version\" value=\"6.1.5\" \/><input type=\"hidden\" name=\"_wpcf7_locale\" value=\"es_ES\" \/><input type=\"hidden\" name=\"_wpcf7_unit_tag\" value=\"wpcf7-f24807-o1\" \/><input type=\"hidden\" name=\"_wpcf7_container_post\" value=\"0\" \/><input type=\"hidden\" name=\"_wpcf7_posted_data_hash\" value=\"\" \/>\n<\/fieldset>\n<p><label> Nombre completo<br \/>\n<span class=\"wpcf7-form-control-wrap\" data-name=\"nombre\"><input size=\"40\" maxlength=\"400\" class=\"wpcf7-form-control wpcf7-text wpcf7-validates-as-required\" aria-required=\"true\" aria-invalid=\"false\" value=\"\" type=\"text\" name=\"nombre\" \/><\/span> <\/label>\n<\/p>\n<p><label> C\u00e9dula de Identidad<br \/>\n<span class=\"wpcf7-form-control-wrap\" data-name=\"ci\"><input size=\"40\" maxlength=\"400\" class=\"wpcf7-form-control wpcf7-text wpcf7-validates-as-required\" aria-required=\"true\" aria-invalid=\"false\" value=\"\" type=\"text\" name=\"ci\" \/><\/span> <\/label>\n<\/p>\n<p><label> Direcci\u00f3n<br \/>\n<span class=\"wpcf7-form-control-wrap\" data-name=\"direccion\"><input size=\"40\" maxlength=\"400\" class=\"wpcf7-form-control wpcf7-text wpcf7-validates-as-required\" aria-required=\"true\" aria-invalid=\"false\" value=\"\" type=\"text\" name=\"direccion\" \/><\/span> <\/label>\n<\/p>\n<p><label> Celular<br \/>\n<span class=\"wpcf7-form-control-wrap\" data-name=\"celular\"><input size=\"40\" maxlength=\"400\" class=\"wpcf7-form-control wpcf7-text wpcf7-validates-as-required\" aria-required=\"true\" aria-invalid=\"false\" value=\"\" type=\"text\" name=\"celular\" \/><\/span> <\/label>\n<\/p>\n<p><label> Nombre del puesto<br \/>\n<span class=\"wpcf7-form-control-wrap\" data-name=\"nombre-puesto\"><input size=\"40\" maxlength=\"400\" class=\"wpcf7-form-control wpcf7-text wpcf7-validates-as-required\" aria-required=\"true\" aria-invalid=\"false\" value=\"\" type=\"text\" name=\"nombre-puesto\" \/><\/span> <\/label>\n<\/p>\n<p><label> Especialidad en empanadas<br \/>\n<span class=\"wpcf7-form-control-wrap\" data-name=\"especialidad-empanadas\"><input size=\"40\" maxlength=\"400\" class=\"wpcf7-form-control wpcf7-text\" aria-invalid=\"false\" value=\"\" type=\"text\" name=\"especialidad-empanadas\" \/><\/span> <\/label>\n<\/p>\n<p><label> Especialidad en pasteles<br \/>\n<span class=\"wpcf7-form-control-wrap\" data-name=\"especialidad-pasteles\"><input size=\"40\" maxlength=\"400\" class=\"wpcf7-form-control wpcf7-text\" aria-invalid=\"false\" value=\"\" type=\"text\" name=\"especialidad-pasteles\" \/><\/span> <\/label>\n<\/p>\n<p><label> Personas que trabajar\u00e1n en el puesto<br \/>\n<span class=\"wpcf7-form-control-wrap\" data-name=\"personas\"><input size=\"40\" maxlength=\"400\" class=\"wpcf7-form-control wpcf7-text\" aria-invalid=\"false\" value=\"\" type=\"text\" name=\"personas\" \/><\/span> <\/label>\n<\/p>\n<p><label> Trabaja con alguna marca en particular?<br \/>\n<span class=\"wpcf7-form-control-wrap\" data-name=\"marca\"><input size=\"40\" maxlength=\"400\" class=\"wpcf7-form-control wpcf7-text wpcf7-validates-as-required\" aria-required=\"true\" aria-invalid=\"false\" value=\"\" type=\"text\" name=\"marca\" \/><\/span> <\/label>\n<\/p>\n<p><label> Tiene carnet de manipulaci\u00f3n de alimentos?<br \/>\n<span class=\"wpcf7-form-control-wrap\" data-name=\"marca\"><input size=\"40\" maxlength=\"400\" class=\"wpcf7-form-control wpcf7-text wpcf7-validates-as-required\" aria-required=\"true\" aria-invalid=\"false\" value=\"\" type=\"text\" name=\"marca\" \/><\/span> <\/label>\n<\/p>\n<p><label> Requerimientos especiales<br \/>\n<span class=\"wpcf7-form-control-wrap\" data-name=\"requerimientos\"><textarea cols=\"40\" rows=\"10\" maxlength=\"2000\" class=\"wpcf7-form-control wpcf7-textarea\" aria-invalid=\"false\" name=\"requerimientos\"><\/textarea><\/span> <\/label>\n<\/p>\n<p><input class=\"wpcf7-form-control wpcf7-submit has-spinner\" type=\"submit\" value=\"Enviar\" \/>\n<\/p><div class=\"wpcf7-response-output\" aria-hidden=\"true\"><\/div>\n<\/form>\n<\/div>\n\n\n\n\n<div data-wp-interactive=\"core\/file\" class=\"wp-block-file\"><object data-wp-bind--hidden=\"!state.hasPdfPreview\" hidden class=\"wp-block-file__embed\" data=\"https:\/\/tacuarembo.gub.uy\/wp-content\/uploads\/bases-concurso-empanada-y-el-pastel-24.pdf\" type=\"application\/pdf\" style=\"width:100%;height:600px\" aria-label=\"PDF incrustado\"><\/object><a href=\"https:\/\/tacuarembo.gub.uy\/wp-content\/uploads\/bases-concurso-empanada-y-el-pastel-24.pdf\" class=\"wp-block-file__button wp-element-button\" download><strong>Descargar<\/strong><\/a><\/div>\n","protected":false},"excerpt":{"rendered":"<p>El primer Festival de la Empanada y el Pastel es organizado por la Intendencia Departamental de Tacuaremb\u00f3 en el marco de Turistac, el cual se realizar\u00e1 en el predio de Laguna de las Lavanderas entre los d\u00edas 27 al 31 de marzo de 2024<\/p>\n","protected":false},"author":3,"featured_media":24805,"comment_status":"open","ping_status":"open","sticky":false,"template":"","format":"standard","meta":{"_eb_attr":"","footnotes":""},"categories":[16],"tags":[],"class_list":{"0":"post-24809","1":"post","2":"type-post","3":"status-publish","4":"format-standard","5":"has-post-thumbnail","7":"category-noticias"},"_links":{"self":[{"href":"https:\/\/tacuarembo.gub.uy\/index.php?rest_route=\/wp\/v2\/posts\/24809","targetHints":{"allow":["GET"]}}],"collection":[{"href":"https:\/\/tacuarembo.gub.uy\/index.php?rest_route=\/wp\/v2\/posts"}],"about":[{"href":"https:\/\/tacuarembo.gub.uy\/index.php?rest_route=\/wp\/v2\/types\/post"}],"author":[{"embeddable":true,"href":"https:\/\/tacuarembo.gub.uy\/index.php?rest_route=\/wp\/v2\/users\/3"}],"replies":[{"embeddable":true,"href":"https:\/\/tacuarembo.gub.uy\/index.php?rest_route=%2Fwp%2Fv2%2Fcomments&post=24809"}],"version-history":[{"count":2,"href":"https:\/\/tacuarembo.gub.uy\/index.php?rest_route=\/wp\/v2\/posts\/24809\/revisions"}],"predecessor-version":[{"id":24832,"href":"https:\/\/tacuarembo.gub.uy\/index.php?rest_route=\/wp\/v2\/posts\/24809\/revisions\/24832"}],"wp:featuredmedia":[{"embeddable":true,"href":"https:\/\/tacuarembo.gub.uy\/index.php?rest_route=\/wp\/v2\/media\/24805"}],"wp:attachment":[{"href":"https:\/\/tacuarembo.gub.uy\/index.php?rest_route=%2Fwp%2Fv2%2Fmedia&parent=24809"}],"wp:term":[{"taxonomy":"category","embeddable":true,"href":"https:\/\/tacuarembo.gub.uy\/index.php?rest_route=%2Fwp%2Fv2%2Fcategories&post=24809"},{"taxonomy":"post_tag","embeddable":true,"href":"https:\/\/tacuarembo.gub.uy\/index.php?rest_route=%2Fwp%2Fv2%2Ftags&post=24809"}],"curies":[{"name":"wp","href":"https:\/\/api.w.org\/{rel}","templated":true}]}}