{"id":24804,"date":"2024-03-20T16:55:41","date_gmt":"2024-03-20T19:55:41","guid":{"rendered":"https:\/\/tacuarembo.gub.uy\/?p=24804"},"modified":"2024-03-20T17:09:07","modified_gmt":"2024-03-20T20:09:07","slug":"primer-festival-de-la-empanada-y-el-pastel","status":"publish","type":"post","link":"https:\/\/tacuarembo.gub.uy\/?p=24804","title":{"rendered":"Primer Festival de la empanada y el pastel"},"content":{"rendered":"\n<p><br>La Intendencia de Tacuaremb\u00f3 convoca a todos los interesados en participar del Primer Festival de la empanada y el pastel 2024, que se realizar\u00e1 en el predio de Laguna de las Lavanderas entre los d\u00edas 27 al 31 de marzo de 2024. Los aspirantes deber\u00e1n inscribirse hasta el pr\u00f3ximo lunes 25 de marzo, inclusive. Las inscripciones se reciben en porter\u00eda de la Intendencia hasta el d\u00eda viernes 22 a las 18:30 horas o v\u00eda web <a href=\"https:\/\/tacuarembo.gub.uy\" data-type=\"link\" data-id=\"https:\/\/tacuarembo.gub.uy\">www.tacuarembo.gub.uy<\/a> hasta el lunes 25 de marzo.<\/p>\n","protected":false},"excerpt":{"rendered":"<p>La Intendencia de Tacuaremb\u00f3 convoca a todos los interesados en participar del Primer Festival de la empanada y el pastel 2024, que se realizar\u00e1 en el predio de Laguna de las Lavanderas entre los d\u00edas 27 al 31 de marzo de 2024.<\/p>\n","protected":false},"author":3,"featured_media":24805,"comment_status":"open","ping_status":"open","sticky":false,"template":"","format":"standard","meta":{"_eb_attr":"","footnotes":""},"categories":[38],"tags":[],"class_list":{"0":"post-24804","1":"post","2":"type-post","3":"status-publish","4":"format-standard","5":"has-post-thumbnail","7":"category-comunicados-de-prensa"},"_links":{"self":[{"href":"https:\/\/tacuarembo.gub.uy\/index.php?rest_route=\/wp\/v2\/posts\/24804","targetHints":{"allow":["GET"]}}],"collection":[{"href":"https:\/\/tacuarembo.gub.uy\/index.php?rest_route=\/wp\/v2\/posts"}],"about":[{"href":"https:\/\/tacuarembo.gub.uy\/index.php?rest_route=\/wp\/v2\/types\/post"}],"author":[{"embeddable":true,"href":"https:\/\/tacuarembo.gub.uy\/index.php?rest_route=\/wp\/v2\/users\/3"}],"replies":[{"embeddable":true,"href":"https:\/\/tacuarembo.gub.uy\/index.php?rest_route=%2Fwp%2Fv2%2Fcomments&post=24804"}],"version-history":[{"count":2,"href":"https:\/\/tacuarembo.gub.uy\/index.php?rest_route=\/wp\/v2\/posts\/24804\/revisions"}],"predecessor-version":[{"id":24808,"href":"https:\/\/tacuarembo.gub.uy\/index.php?rest_route=\/wp\/v2\/posts\/24804\/revisions\/24808"}],"wp:featuredmedia":[{"embeddable":true,"href":"https:\/\/tacuarembo.gub.uy\/index.php?rest_route=\/wp\/v2\/media\/24805"}],"wp:attachment":[{"href":"https:\/\/tacuarembo.gub.uy\/index.php?rest_route=%2Fwp%2Fv2%2Fmedia&parent=24804"}],"wp:term":[{"taxonomy":"category","embeddable":true,"href":"https:\/\/tacuarembo.gub.uy\/index.php?rest_route=%2Fwp%2Fv2%2Fcategories&post=24804"},{"taxonomy":"post_tag","embeddable":true,"href":"https:\/\/tacuarembo.gub.uy\/index.php?rest_route=%2Fwp%2Fv2%2Ftags&post=24804"}],"curies":[{"name":"wp","href":"https:\/\/api.w.org\/{rel}","templated":true}]}}