{"id":24801,"date":"2024-03-20T16:30:30","date_gmt":"2024-03-20T19:30:30","guid":{"rendered":"https:\/\/tacuarembo.gub.uy\/?p=24801"},"modified":"2024-03-20T18:58:28","modified_gmt":"2024-03-20T21:58:28","slug":"idt-sa-adhiere-dia-internacional-del-sindrome-de-down-junto-a-apadista","status":"publish","type":"post","link":"https:\/\/tacuarembo.gub.uy\/?p=24801","title":{"rendered":"IDT sa adhiere D\u00eda internacional del S\u00edndrome de Down junto a Apadista"},"content":{"rendered":"\n<p>Este 21 de marzo, en conmemoraci\u00f3n del D\u00eda Mundial del S\u00edndrome de Down, la asociaci\u00f3n civil Amigos y Padres del Discapacitado de Tacuaremb\u00f3<br>(Apadista) har\u00e1 un actividad para concientizar sobre esta condici\u00f3n gen\u00e9tica.<\/p>\n\n\n\n<p>Se llevar\u00e1 a cabo a partir de las 15 horas en la Plaza de Deportes, con el apoyo la Direcci\u00f3n General de Desarrollo Social y la Oficina de Discapacidad.<\/p>\n\n\n\n<p>La fecha del 21 de marzo fue designada por la Asamblea General de las Naciones Unidas en 2011 para destacar la importancia de la inclusi\u00f3n y el respeto hacia las personas con s\u00edndrome de Down.<\/p>\n\n\n\n<p>Esta elecci\u00f3n tiene un simbolismo especial, ya que el 21 de marzo representa el d\u00eda 21 del tercer mes, haciendo alusi\u00f3n a la trisom\u00eda del cromosoma 21, que es la caracter\u00edstica distintiva de esta condici\u00f3n gen\u00e9tica.<\/p>\n\n\n\n<p>Se invita a toda la poblaci\u00f3n a sumarse a esta celebraci\u00f3n en apoyo a la inclusi\u00f3n y el respeto por la diversidad.<\/p>\n\n\n<p><img loading=\"lazy\" decoding=\"async\" class=\"alignnone wp-image-24814 size-full\" src=\"https:\/\/tacuarembo.gub.uy\/wp-content\/uploads\/IMG-20240320-WA0038.jpg\" alt=\"\" width=\"2048\" height=\"1753\" srcset=\"https:\/\/tacuarembo.gub.uy\/wp-content\/uploads\/IMG-20240320-WA0038.jpg 2048w, https:\/\/tacuarembo.gub.uy\/wp-content\/uploads\/IMG-20240320-WA0038-768x657.jpg 768w, https:\/\/tacuarembo.gub.uy\/wp-content\/uploads\/IMG-20240320-WA0038-1536x1315.jpg 1536w\" sizes=\"auto, (max-width: 2048px) 100vw, 2048px\" \/><\/p>","protected":false},"excerpt":{"rendered":"<p>Este 21 de marzo, en conmemoraci\u00f3n del D\u00eda Mundial del S\u00edndrome de Down, la asociaci\u00f3n civil Amigos y Padres del Discapacitado de Tacuaremb\u00f3<br \/>\n(Apadista) har\u00e1 un actividad para concientizar sobre esta condici\u00f3n gen\u00e9tica<\/p>\n","protected":false},"author":3,"featured_media":24814,"comment_status":"open","ping_status":"open","sticky":false,"template":"","format":"standard","meta":{"_eb_attr":"","footnotes":""},"categories":[16],"tags":[],"class_list":{"0":"post-24801","1":"post","2":"type-post","3":"status-publish","4":"format-standard","5":"has-post-thumbnail","7":"category-noticias"},"_links":{"self":[{"href":"https:\/\/tacuarembo.gub.uy\/index.php?rest_route=\/wp\/v2\/posts\/24801","targetHints":{"allow":["GET"]}}],"collection":[{"href":"https:\/\/tacuarembo.gub.uy\/index.php?rest_route=\/wp\/v2\/posts"}],"about":[{"href":"https:\/\/tacuarembo.gub.uy\/index.php?rest_route=\/wp\/v2\/types\/post"}],"author":[{"embeddable":true,"href":"https:\/\/tacuarembo.gub.uy\/index.php?rest_route=\/wp\/v2\/users\/3"}],"replies":[{"embeddable":true,"href":"https:\/\/tacuarembo.gub.uy\/index.php?rest_route=%2Fwp%2Fv2%2Fcomments&post=24801"}],"version-history":[{"count":2,"href":"https:\/\/tacuarembo.gub.uy\/index.php?rest_route=\/wp\/v2\/posts\/24801\/revisions"}],"predecessor-version":[{"id":24815,"href":"https:\/\/tacuarembo.gub.uy\/index.php?rest_route=\/wp\/v2\/posts\/24801\/revisions\/24815"}],"wp:featuredmedia":[{"embeddable":true,"href":"https:\/\/tacuarembo.gub.uy\/index.php?rest_route=\/wp\/v2\/media\/24814"}],"wp:attachment":[{"href":"https:\/\/tacuarembo.gub.uy\/index.php?rest_route=%2Fwp%2Fv2%2Fmedia&parent=24801"}],"wp:term":[{"taxonomy":"category","embeddable":true,"href":"https:\/\/tacuarembo.gub.uy\/index.php?rest_route=%2Fwp%2Fv2%2Fcategories&post=24801"},{"taxonomy":"post_tag","embeddable":true,"href":"https:\/\/tacuarembo.gub.uy\/index.php?rest_route=%2Fwp%2Fv2%2Ftags&post=24801"}],"curies":[{"name":"wp","href":"https:\/\/api.w.org\/{rel}","templated":true}]}}