{"id":24796,"date":"2024-03-20T16:06:01","date_gmt":"2024-03-20T19:06:01","guid":{"rendered":"https:\/\/tacuarembo.gub.uy\/?p=24796"},"modified":"2024-03-20T16:06:48","modified_gmt":"2024-03-20T19:06:48","slug":"turistac-2024-contara-con-escenarios-en-la-laguna-de-las-lavanderas-y-valle-eden","status":"publish","type":"post","link":"https:\/\/tacuarembo.gub.uy\/?p=24796","title":{"rendered":"Turistac 2024 contar\u00e1 con escenarios en la Laguna de las Lavanderas y Valle Ed\u00e9n"},"content":{"rendered":"\n<p>El Festival de Turismo se desarrollar\u00e1 del 27 al 31 de marzo en la Laguna de las Lavanderas y del 29 al 31 de marzo en Valle Ed\u00e9n.<\/p>\n\n\n\n<p>El Intendente Wilson Ezquerra destac\u00f3 la oferta que se prepara para Semana de Turismo. Al respecto, adelant\u00f3 que como novedad se realizar\u00e1 el Primer Festival de la Empanada y el Pastel en la Laguna de las Lavanderas, junto con el Turistac, donde cerca de 100 artistas locales tendr\u00e1n la oportunidad de actuar en el escenario.<\/p>\n\n\n\n<p>\u201cEste a\u00f1o habr\u00e1 un impronta diferente con una sana competencia para elegir el pastel y la empanada m\u00e1s rica y el pastel y la empanada m\u00e1s novedosa. Tambi\u00e9n habr\u00e1 premios para el mejor stand y algunas otras sorpresas\u201d, dijo el Intendente.<\/p>\n\n\n<p><img loading=\"lazy\" decoding=\"async\" width=\"2048\" height=\"1367\" class=\"alignnone size-full wp-image-24797\" src=\"https:\/\/tacuarembo.gub.uy\/wp-content\/uploads\/WhatsApp-Image-2024-03-20-at-16.03.47.jpeg\" alt=\"\" srcset=\"https:\/\/tacuarembo.gub.uy\/wp-content\/uploads\/WhatsApp-Image-2024-03-20-at-16.03.47.jpeg 2048w, https:\/\/tacuarembo.gub.uy\/wp-content\/uploads\/WhatsApp-Image-2024-03-20-at-16.03.47-768x513.jpeg 768w, https:\/\/tacuarembo.gub.uy\/wp-content\/uploads\/WhatsApp-Image-2024-03-20-at-16.03.47-1536x1025.jpeg 1536w\" sizes=\"auto, (max-width: 2048px) 100vw, 2048px\" \/><\/p>\n\n\n<p>A\u00f1adi\u00f3 que es una forma de premiar el trabajo y el esfuerzo artesanal de mucha gente.<\/p>\n\n\n\n<p>Durante el d\u00eda habr\u00e1 castillos inflables, cama el\u00e1stica y espect\u00e1culos musicales con artistas locales, nacionales e internacionales.<\/p>\n\n\n\n<p>La invitaci\u00f3n se hace extensiva para que la gente tambi\u00e9n se sume a todas las propuestas gratuitas que tendr\u00e1n lugar en Valle Ed\u00e9n, Paso de los Toros, y San Gregorio de Polanco.<\/p>\n\n\n\n<p>\u201cTendremos una Semana de Turismo a pleno\u201d, finaliz\u00f3.<\/p>\n\n\n\n<figure class=\"wp-block-embed is-provider-youtube wp-block-embed-youtube\"><div class=\"wp-block-embed__wrapper\">\n<iframe loading=\"lazy\" title=\"Turistac 2024 y primer Festival de la Empanada y el Pastel en Tacuaremb\u00f3.\" width=\"1080\" height=\"608\" src=\"https:\/\/www.youtube.com\/embed\/q2YCMrRJzUQ?feature=oembed\" frameborder=\"0\" allow=\"accelerometer; autoplay; clipboard-write; encrypted-media; gyroscope; picture-in-picture; web-share\" referrerpolicy=\"strict-origin-when-cross-origin\" allowfullscreen><\/iframe>\n<\/div><\/figure>\n","protected":false},"excerpt":{"rendered":"<p>El Festival de Turismo se desarrollar\u00e1 del 27 al 31 de marzo en la Laguna de las Lavanderas y del 29 al 31 de marzo en Valle Ed\u00e9n.<\/p>\n","protected":false},"author":3,"featured_media":24797,"comment_status":"open","ping_status":"open","sticky":false,"template":"","format":"standard","meta":{"_eb_attr":"","footnotes":""},"categories":[16],"tags":[],"class_list":{"0":"post-24796","1":"post","2":"type-post","3":"status-publish","4":"format-standard","5":"has-post-thumbnail","7":"category-noticias"},"_links":{"self":[{"href":"https:\/\/tacuarembo.gub.uy\/index.php?rest_route=\/wp\/v2\/posts\/24796","targetHints":{"allow":["GET"]}}],"collection":[{"href":"https:\/\/tacuarembo.gub.uy\/index.php?rest_route=\/wp\/v2\/posts"}],"about":[{"href":"https:\/\/tacuarembo.gub.uy\/index.php?rest_route=\/wp\/v2\/types\/post"}],"author":[{"embeddable":true,"href":"https:\/\/tacuarembo.gub.uy\/index.php?rest_route=\/wp\/v2\/users\/3"}],"replies":[{"embeddable":true,"href":"https:\/\/tacuarembo.gub.uy\/index.php?rest_route=%2Fwp%2Fv2%2Fcomments&post=24796"}],"version-history":[{"count":2,"href":"https:\/\/tacuarembo.gub.uy\/index.php?rest_route=\/wp\/v2\/posts\/24796\/revisions"}],"predecessor-version":[{"id":24800,"href":"https:\/\/tacuarembo.gub.uy\/index.php?rest_route=\/wp\/v2\/posts\/24796\/revisions\/24800"}],"wp:featuredmedia":[{"embeddable":true,"href":"https:\/\/tacuarembo.gub.uy\/index.php?rest_route=\/wp\/v2\/media\/24797"}],"wp:attachment":[{"href":"https:\/\/tacuarembo.gub.uy\/index.php?rest_route=%2Fwp%2Fv2%2Fmedia&parent=24796"}],"wp:term":[{"taxonomy":"category","embeddable":true,"href":"https:\/\/tacuarembo.gub.uy\/index.php?rest_route=%2Fwp%2Fv2%2Fcategories&post=24796"},{"taxonomy":"post_tag","embeddable":true,"href":"https:\/\/tacuarembo.gub.uy\/index.php?rest_route=%2Fwp%2Fv2%2Ftags&post=24796"}],"curies":[{"name":"wp","href":"https:\/\/api.w.org\/{rel}","templated":true}]}}