{"id":24760,"date":"2024-03-19T21:31:29","date_gmt":"2024-03-20T00:31:29","guid":{"rendered":"https:\/\/tacuarembo.gub.uy\/?p=24760"},"modified":"2024-03-26T14:47:05","modified_gmt":"2024-03-26T17:47:05","slug":"intendente-participo-del-congreso-de-intendentes-y-la-expoactiva-en-soriano","status":"publish","type":"post","link":"https:\/\/tacuarembo.gub.uy\/?p=24760","title":{"rendered":"Intendente particip\u00f3 del Congreso de Intendentes y la Expoactiva en Soriano"},"content":{"rendered":"\n<p>El Intendente de Tacuaremb\u00f3, Wilson de Ezquerra, particip\u00f3 de la 43\u00aa Sesi\u00f3n Plenaria del Congreso de Intendentes que se llev\u00f3 a cabo durante la ma\u00f1ana de este martes 19 de marzo en el marco de la Expoactiva, evento que tuvo lugar en Soriano y que cont\u00f3 con la participaci\u00f3n de destacadas autoridades y representantes del \u00e1mbito agroindustrial.<\/p>\n\n\n\n<p>All\u00ed acompa\u00f1\u00f3 a su par de Soriano y anfitri\u00f3n del evento, Guillermo Besozzi. Adem\u00e1s, tuvo la oportunidad de recorrer la muestra agroindustrial junto al presidente de la Rep\u00fablica, Luis Lacalle Pou, en una jornada que estuvo marcada por importantes encuentros y discusiones sobre temas clave para el desarrollo del sector.<\/p>\n\n\n\n<p>Durante el evento, se recibi\u00f3 a autoridades y representantes de la Asociaci\u00f3n Rural de Soriano, organizadores de la Expoactiva, quienes dieron la bienvenida a los presentes y brindaron informaci\u00f3n detallada sobre las actividades programadas para la muestra. Asimismo, se cont\u00f3 con la presencia de autoridades del Ministerio de Ganader\u00eda, Agricultura y Pesca que expusieron sobre la Gu\u00eda de propiedad y tr\u00e1nsito de ganado, destacando los avances en la digitalizaci\u00f3n de estos procesos en Uruguay.<\/p>\n\n\n\n<p>En otro orden de temas, el ministro (I) de Industria, Energ\u00eda y Miner\u00eda, Walter Verri, comparti\u00f3 actualizaciones sobre la Hoja de Ruta del Hidr\u00f3geno Verde y propuso la formaci\u00f3n de Comisiones de Promoci\u00f3n y Seguimiento en cada intendencia para impulsar inversiones y dar seguimiento a proyectos espec\u00edficos en cada departamento.<\/p>\n\n\n\n<p>El Intendente de Tacuaremb\u00f3 aprovech\u00f3 la oportunidad para visitar la Expoactiva en Soriano junto al presidente Lacalle Pou y otras autoridades, destacando la importancia de este evento que re\u00fane a m\u00e1s de 350 empresas y m\u00e1s de 700 marcas, convirti\u00e9ndola en la muestra agroindustrial m\u00e1s grande del pa\u00eds.<\/p>\n\n\n\n<p>En el marco de estas actividades, el presidente Lacalle Pou valor\u00f3 el trabajo conjunto entre el gobierno y el sector agroindustrial, destacando la importancia de pol\u00edticas a largo plazo y medidas coyunturales para el desarrollo sostenible del pa\u00eds. Adem\u00e1s, resalt\u00f3 la presencia de embajadores de pa\u00edses clave en el comercio exterior, como Estados Unidos, China y Argentina, se\u00f1alando un motivo de optimismo en las relaciones bilaterales, especialmente en lo que respecta al futuro dragado del puerto de Montevideo.<\/p>\n\n\n\n<p>En sus palabras finales, el presidente inst\u00f3 a superar la divisi\u00f3n entre el campo y la ciudad, enfatizando que \u00abEl Uruguay es uno\u00bb y que \u201ctodos, de alguna manera, vivimos del campo\u201d.<\/p>\n\n\n\n\t\t<style type=\"text\/css\">\n\t\t\t#gallery-1 {\n\t\t\t\tmargin: auto;\n\t\t\t}\n\t\t\t#gallery-1 .gallery-item {\n\t\t\t\tfloat: left;\n\t\t\t\tmargin-top: 10px;\n\t\t\t\ttext-align: center;\n\t\t\t\twidth: 33%;\n\t\t\t}\n\t\t\t#gallery-1 img {\n\t\t\t\tborder: 2px solid #cfcfcf;\n\t\t\t}\n\t\t\t#gallery-1 .gallery-caption {\n\t\t\t\tmargin-left: 0;\n\t\t\t}\n\t\t\t\/* see gallery_shortcode() in wp-includes\/media.php *\/\n\t\t<\/style>\n\t\t<div id='gallery-1' class='gallery galleryid-24760 gallery-columns-3 gallery-size-thumbnail'><dl class='gallery-item'>\n\t\t\t<dt class='gallery-icon landscape'>\n\t\t\t\t<a href='https:\/\/tacuarembo.gub.uy\/?attachment_id=24761'><img loading=\"lazy\" decoding=\"async\" width=\"200\" height=\"140\" src=\"https:\/\/tacuarembo.gub.uy\/wp-content\/uploads\/IMG-20240319-WA0036-200x140.jpg\" class=\"attachment-thumbnail size-thumbnail\" alt=\"\" \/><\/a>\n\t\t\t<\/dt><\/dl><dl class='gallery-item'>\n\t\t\t<dt class='gallery-icon landscape'>\n\t\t\t\t<a href='https:\/\/tacuarembo.gub.uy\/?attachment_id=24762'><img loading=\"lazy\" decoding=\"async\" width=\"200\" height=\"140\" src=\"https:\/\/tacuarembo.gub.uy\/wp-content\/uploads\/IMG-20240319-WA0035-200x140.jpg\" class=\"attachment-thumbnail size-thumbnail\" alt=\"\" \/><\/a>\n\t\t\t<\/dt><\/dl><dl class='gallery-item'>\n\t\t\t<dt class='gallery-icon landscape'>\n\t\t\t\t<a href='https:\/\/tacuarembo.gub.uy\/?attachment_id=24763'><img loading=\"lazy\" decoding=\"async\" width=\"200\" height=\"140\" src=\"https:\/\/tacuarembo.gub.uy\/wp-content\/uploads\/IMG-20240319-WA0034-200x140.jpg\" class=\"attachment-thumbnail size-thumbnail\" alt=\"\" \/><\/a>\n\t\t\t<\/dt><\/dl><br style=\"clear: both\" \/><dl class='gallery-item'>\n\t\t\t<dt class='gallery-icon landscape'>\n\t\t\t\t<a href='https:\/\/tacuarembo.gub.uy\/?attachment_id=24764'><img loading=\"lazy\" decoding=\"async\" width=\"200\" height=\"140\" src=\"https:\/\/tacuarembo.gub.uy\/wp-content\/uploads\/IMG-20240319-WA0033-200x140.jpg\" class=\"attachment-thumbnail size-thumbnail\" alt=\"\" \/><\/a>\n\t\t\t<\/dt><\/dl><dl class='gallery-item'>\n\t\t\t<dt class='gallery-icon landscape'>\n\t\t\t\t<a href='https:\/\/tacuarembo.gub.uy\/?attachment_id=24766'><img loading=\"lazy\" decoding=\"async\" width=\"200\" height=\"140\" src=\"https:\/\/tacuarembo.gub.uy\/wp-content\/uploads\/IMG-20240319-WA0032-200x140.jpg\" class=\"attachment-thumbnail size-thumbnail\" alt=\"\" \/><\/a>\n\t\t\t<\/dt><\/dl>\n\t\t\t<br style='clear: both' \/>\n\t\t<\/div>\n","protected":false},"excerpt":{"rendered":"<p>El Intendente de Tacuaremb\u00f3, Wilson de Ezquerra, particip\u00f3 de la 43\u00aa Sesi\u00f3n Plenaria del Congreso de Intendentes que se llev\u00f3 a cabo durante la ma\u00f1ana de este martes 19 de marzo en el marco de la Expoactiva, evento que tuvo lugar en Soriano y que cont\u00f3 con la participaci\u00f3n de destacadas autoridades y representantes del \u00e1mbito agroindustrial<\/p>\n","protected":false},"author":3,"featured_media":24767,"comment_status":"open","ping_status":"open","sticky":false,"template":"","format":"standard","meta":{"_eb_attr":"","footnotes":""},"categories":[16],"tags":[],"class_list":{"0":"post-24760","1":"post","2":"type-post","3":"status-publish","4":"format-standard","5":"has-post-thumbnail","7":"category-noticias"},"_links":{"self":[{"href":"https:\/\/tacuarembo.gub.uy\/index.php?rest_route=\/wp\/v2\/posts\/24760","targetHints":{"allow":["GET"]}}],"collection":[{"href":"https:\/\/tacuarembo.gub.uy\/index.php?rest_route=\/wp\/v2\/posts"}],"about":[{"href":"https:\/\/tacuarembo.gub.uy\/index.php?rest_route=\/wp\/v2\/types\/post"}],"author":[{"embeddable":true,"href":"https:\/\/tacuarembo.gub.uy\/index.php?rest_route=\/wp\/v2\/users\/3"}],"replies":[{"embeddable":true,"href":"https:\/\/tacuarembo.gub.uy\/index.php?rest_route=%2Fwp%2Fv2%2Fcomments&post=24760"}],"version-history":[{"count":1,"href":"https:\/\/tacuarembo.gub.uy\/index.php?rest_route=\/wp\/v2\/posts\/24760\/revisions"}],"predecessor-version":[{"id":24768,"href":"https:\/\/tacuarembo.gub.uy\/index.php?rest_route=\/wp\/v2\/posts\/24760\/revisions\/24768"}],"wp:featuredmedia":[{"embeddable":true,"href":"https:\/\/tacuarembo.gub.uy\/index.php?rest_route=\/wp\/v2\/media\/24767"}],"wp:attachment":[{"href":"https:\/\/tacuarembo.gub.uy\/index.php?rest_route=%2Fwp%2Fv2%2Fmedia&parent=24760"}],"wp:term":[{"taxonomy":"category","embeddable":true,"href":"https:\/\/tacuarembo.gub.uy\/index.php?rest_route=%2Fwp%2Fv2%2Fcategories&post=24760"},{"taxonomy":"post_tag","embeddable":true,"href":"https:\/\/tacuarembo.gub.uy\/index.php?rest_route=%2Fwp%2Fv2%2Ftags&post=24760"}],"curies":[{"name":"wp","href":"https:\/\/api.w.org\/{rel}","templated":true}]}}