{"id":24658,"date":"2024-03-09T16:23:27","date_gmt":"2024-03-09T19:23:27","guid":{"rendered":"https:\/\/tacuarembo.gub.uy\/?p=24658"},"modified":"2024-03-09T16:23:30","modified_gmt":"2024-03-09T19:23:30","slug":"tacuarembo-reconocio-a-lacalle-pou-por-su-apoyo-y-participacion-durante-tres-dias-en-la-patria-gaucha","status":"publish","type":"post","link":"https:\/\/tacuarembo.gub.uy\/?p=24658","title":{"rendered":"Tacuaremb\u00f3 reconoci\u00f3 a Lacalle Pou por su apoyo y participaci\u00f3n durante tres d\u00edas en la Patria Gaucha"},"content":{"rendered":"\n<p>El presidente de la Rep\u00fablica, Luis Lacalle Pou, particip\u00f3 este s\u00e1bado 9 en el desfile de la 37.\u00aa edici\u00f3n de la Fiesta de la Patria Gaucha, en el que hubo m\u00e1s de 4.000 caballos y jinetes de distintas localidades.<\/p>\n\n\n\n<p>Este gesto fue reconocido por el Intendente de Tacuaremb\u00f3, Wilson Ezquerra, quien le agradeci\u00f3 especialmente por unirse durante tres d\u00edas a la celebraci\u00f3n.<\/p>\n\n\n\n<p>Culminado el desfile gaucho, las autoridades se trasladaron al Hotel Carlos Gardel donde el Intendente le entreg\u00f3 un obsequio a Lacalle Pou y tambi\u00e9n agradeci\u00f3 a las autoridades por el apoyo, as\u00ed como a los ministerios de Turismo, y Educaci\u00f3n y Cultura.<\/p>\n\n\n\n<p>En la misma instancia se le hizo un regalo al padrino de la Fiesta de la Patria Gaucha, Luis Landriscina.<\/p>\n\n\n\n\t\t<style type=\"text\/css\">\n\t\t\t#gallery-1 {\n\t\t\t\tmargin: auto;\n\t\t\t}\n\t\t\t#gallery-1 .gallery-item {\n\t\t\t\tfloat: left;\n\t\t\t\tmargin-top: 10px;\n\t\t\t\ttext-align: center;\n\t\t\t\twidth: 33%;\n\t\t\t}\n\t\t\t#gallery-1 img {\n\t\t\t\tborder: 2px solid #cfcfcf;\n\t\t\t}\n\t\t\t#gallery-1 .gallery-caption {\n\t\t\t\tmargin-left: 0;\n\t\t\t}\n\t\t\t\/* see gallery_shortcode() in wp-includes\/media.php *\/\n\t\t<\/style>\n\t\t<div id='gallery-1' class='gallery galleryid-24658 gallery-columns-3 gallery-size-full'><dl class='gallery-item'>\n\t\t\t<dt class='gallery-icon landscape'>\n\t\t\t\t<a href='https:\/\/tacuarembo.gub.uy\/?attachment_id=24659'><img loading=\"lazy\" decoding=\"async\" width=\"2048\" height=\"1416\" src=\"https:\/\/tacuarembo.gub.uy\/wp-content\/uploads\/IMG-20240309-WA0037.jpg\" class=\"attachment-full size-full\" alt=\"\" srcset=\"https:\/\/tacuarembo.gub.uy\/wp-content\/uploads\/IMG-20240309-WA0037.jpg 2048w, https:\/\/tacuarembo.gub.uy\/wp-content\/uploads\/IMG-20240309-WA0037-768x531.jpg 768w, https:\/\/tacuarembo.gub.uy\/wp-content\/uploads\/IMG-20240309-WA0037-1536x1062.jpg 1536w\" sizes=\"auto, (max-width: 2048px) 100vw, 2048px\" \/><\/a>\n\t\t\t<\/dt><\/dl><dl class='gallery-item'>\n\t\t\t<dt class='gallery-icon landscape'>\n\t\t\t\t<a href='https:\/\/tacuarembo.gub.uy\/?attachment_id=24660'><img loading=\"lazy\" decoding=\"async\" width=\"2048\" height=\"1372\" src=\"https:\/\/tacuarembo.gub.uy\/wp-content\/uploads\/IMG-20240309-WA0036.jpg\" class=\"attachment-full size-full\" alt=\"\" srcset=\"https:\/\/tacuarembo.gub.uy\/wp-content\/uploads\/IMG-20240309-WA0036.jpg 2048w, https:\/\/tacuarembo.gub.uy\/wp-content\/uploads\/IMG-20240309-WA0036-768x515.jpg 768w, https:\/\/tacuarembo.gub.uy\/wp-content\/uploads\/IMG-20240309-WA0036-1536x1029.jpg 1536w\" sizes=\"auto, (max-width: 2048px) 100vw, 2048px\" \/><\/a>\n\t\t\t<\/dt><\/dl><dl class='gallery-item'>\n\t\t\t<dt class='gallery-icon landscape'>\n\t\t\t\t<a href='https:\/\/tacuarembo.gub.uy\/?attachment_id=24661'><img loading=\"lazy\" decoding=\"async\" width=\"2048\" height=\"1368\" src=\"https:\/\/tacuarembo.gub.uy\/wp-content\/uploads\/IMG-20240309-WA0038.jpg\" class=\"attachment-full size-full\" alt=\"\" srcset=\"https:\/\/tacuarembo.gub.uy\/wp-content\/uploads\/IMG-20240309-WA0038.jpg 2048w, https:\/\/tacuarembo.gub.uy\/wp-content\/uploads\/IMG-20240309-WA0038-768x513.jpg 768w, https:\/\/tacuarembo.gub.uy\/wp-content\/uploads\/IMG-20240309-WA0038-1536x1026.jpg 1536w\" sizes=\"auto, (max-width: 2048px) 100vw, 2048px\" \/><\/a>\n\t\t\t<\/dt><\/dl><br style=\"clear: both\" \/><dl class='gallery-item'>\n\t\t\t<dt class='gallery-icon landscape'>\n\t\t\t\t<a href='https:\/\/tacuarembo.gub.uy\/?attachment_id=24662'><img loading=\"lazy\" decoding=\"async\" width=\"2048\" height=\"1368\" src=\"https:\/\/tacuarembo.gub.uy\/wp-content\/uploads\/IMG-20240309-WA0035.jpg\" class=\"attachment-full size-full\" alt=\"\" srcset=\"https:\/\/tacuarembo.gub.uy\/wp-content\/uploads\/IMG-20240309-WA0035.jpg 2048w, https:\/\/tacuarembo.gub.uy\/wp-content\/uploads\/IMG-20240309-WA0035-768x513.jpg 768w, https:\/\/tacuarembo.gub.uy\/wp-content\/uploads\/IMG-20240309-WA0035-1536x1026.jpg 1536w\" sizes=\"auto, (max-width: 2048px) 100vw, 2048px\" \/><\/a>\n\t\t\t<\/dt><\/dl><dl class='gallery-item'>\n\t\t\t<dt class='gallery-icon landscape'>\n\t\t\t\t<a href='https:\/\/tacuarembo.gub.uy\/?attachment_id=24663'><img loading=\"lazy\" decoding=\"async\" width=\"2048\" height=\"1368\" src=\"https:\/\/tacuarembo.gub.uy\/wp-content\/uploads\/IMG-20240309-WA0034.jpg\" class=\"attachment-full size-full\" alt=\"\" srcset=\"https:\/\/tacuarembo.gub.uy\/wp-content\/uploads\/IMG-20240309-WA0034.jpg 2048w, https:\/\/tacuarembo.gub.uy\/wp-content\/uploads\/IMG-20240309-WA0034-768x513.jpg 768w, https:\/\/tacuarembo.gub.uy\/wp-content\/uploads\/IMG-20240309-WA0034-1536x1026.jpg 1536w\" sizes=\"auto, (max-width: 2048px) 100vw, 2048px\" \/><\/a>\n\t\t\t<\/dt><\/dl>\n\t\t\t<br style='clear: both' \/>\n\t\t<\/div>\n","protected":false},"excerpt":{"rendered":"<p>El presidente de la Rep\u00fablica, Luis Lacalle Pou, particip\u00f3 este s\u00e1bado 9 en el desfile de la 37.\u00aa edici\u00f3n de la Fiesta de la Patria Gaucha, en el que hubo m\u00e1s de 4.000 caballos y jinetes de distintas localidades<\/p>\n","protected":false},"author":3,"featured_media":24661,"comment_status":"open","ping_status":"open","sticky":false,"template":"","format":"standard","meta":{"_eb_attr":"","footnotes":""},"categories":[16],"tags":[],"class_list":{"0":"post-24658","1":"post","2":"type-post","3":"status-publish","4":"format-standard","5":"has-post-thumbnail","7":"category-noticias"},"_links":{"self":[{"href":"https:\/\/tacuarembo.gub.uy\/index.php?rest_route=\/wp\/v2\/posts\/24658","targetHints":{"allow":["GET"]}}],"collection":[{"href":"https:\/\/tacuarembo.gub.uy\/index.php?rest_route=\/wp\/v2\/posts"}],"about":[{"href":"https:\/\/tacuarembo.gub.uy\/index.php?rest_route=\/wp\/v2\/types\/post"}],"author":[{"embeddable":true,"href":"https:\/\/tacuarembo.gub.uy\/index.php?rest_route=\/wp\/v2\/users\/3"}],"replies":[{"embeddable":true,"href":"https:\/\/tacuarembo.gub.uy\/index.php?rest_route=%2Fwp%2Fv2%2Fcomments&post=24658"}],"version-history":[{"count":1,"href":"https:\/\/tacuarembo.gub.uy\/index.php?rest_route=\/wp\/v2\/posts\/24658\/revisions"}],"predecessor-version":[{"id":24664,"href":"https:\/\/tacuarembo.gub.uy\/index.php?rest_route=\/wp\/v2\/posts\/24658\/revisions\/24664"}],"wp:featuredmedia":[{"embeddable":true,"href":"https:\/\/tacuarembo.gub.uy\/index.php?rest_route=\/wp\/v2\/media\/24661"}],"wp:attachment":[{"href":"https:\/\/tacuarembo.gub.uy\/index.php?rest_route=%2Fwp%2Fv2%2Fmedia&parent=24658"}],"wp:term":[{"taxonomy":"category","embeddable":true,"href":"https:\/\/tacuarembo.gub.uy\/index.php?rest_route=%2Fwp%2Fv2%2Fcategories&post=24658"},{"taxonomy":"post_tag","embeddable":true,"href":"https:\/\/tacuarembo.gub.uy\/index.php?rest_route=%2Fwp%2Fv2%2Ftags&post=24658"}],"curies":[{"name":"wp","href":"https:\/\/api.w.org\/{rel}","templated":true}]}}