{"id":24651,"date":"2024-03-08T19:07:30","date_gmt":"2024-03-08T22:07:30","guid":{"rendered":"https:\/\/tacuarembo.gub.uy\/?p=24651"},"modified":"2024-03-08T19:07:32","modified_gmt":"2024-03-08T22:07:32","slug":"inauguracion-de-la-cosecha-de-arroz-2024-en-tacuarembo","status":"publish","type":"post","link":"https:\/\/tacuarembo.gub.uy\/?p=24651","title":{"rendered":"Inauguraci\u00f3n de la Cosecha de Arroz 2024 en Tacuaremb\u00f3"},"content":{"rendered":"\n<p>El presidente de la Rep\u00fablica, Luis Lacalle Pou, acompa\u00f1ado por el Intendente de Tacuaremb\u00f3, Wilson Ezquerra, asisti\u00f3 a la apertura oficial de la Cosecha de Arroz 2024 en la localidad de Pueblo del Barro, en Tacuaremb\u00f3.<\/p>\n\n\n\n<p>El acto celebrado el viernes 8 de marzo, reuni\u00f3 a autoridades y representantes del gobierno y el sector agropecuario, incluyendo al ministro y subsecretario de Ganader\u00eda, Agricultura y Pesca, Fernando Mattos e Ignacio Buffa, respectivamente. Asimismo, estuvieron presentes la presidenta de UTE, Silvia Emaldi; el subdirector de la OPP, Benjam\u00edn Irazabal; y el presidente de la Asociaci\u00f3n de Cultivadores de Arroz, Alfredo Lago.<\/p>\n\n\n\n<p>Durante su discurso, el presidente Lacalle Pou destac\u00f3 la importancia de respaldar al sector agropecuario, afirmando que el gobierno est\u00e1 comprometido con quienes generan riqueza y prosperidad para el pa\u00eds.<br>Adem\u00e1s, resalt\u00f3 las iniciativas gubernamentales destinadas a fortalecer la producci\u00f3n arrocera, como la implementaci\u00f3n de la hidrov\u00eda de las lagunas Mer\u00edn y de Los Patos, as\u00ed como el proyecto del puente de La Charqueada, medidas que prometen reducir significativamente los costos de fletes.<\/p>\n\n\n\n<p>Asimismo, el mandatario mencion\u00f3 la propuesta de dragar el r\u00edo Uruguay y la presentaci\u00f3n de un proyecto portuario en Mart\u00edn Chico (Colonia), subrayando la importancia de fortalecer la independencia y soberan\u00eda del pa\u00eds en materia log\u00edstica.<\/p>\n\n\n\n\t\t<style type=\"text\/css\">\n\t\t\t#gallery-1 {\n\t\t\t\tmargin: auto;\n\t\t\t}\n\t\t\t#gallery-1 .gallery-item {\n\t\t\t\tfloat: left;\n\t\t\t\tmargin-top: 10px;\n\t\t\t\ttext-align: center;\n\t\t\t\twidth: 33%;\n\t\t\t}\n\t\t\t#gallery-1 img {\n\t\t\t\tborder: 2px solid #cfcfcf;\n\t\t\t}\n\t\t\t#gallery-1 .gallery-caption {\n\t\t\t\tmargin-left: 0;\n\t\t\t}\n\t\t\t\/* see gallery_shortcode() in wp-includes\/media.php *\/\n\t\t<\/style>\n\t\t<div id='gallery-1' class='gallery galleryid-24651 gallery-columns-3 gallery-size-full'><dl class='gallery-item'>\n\t\t\t<dt class='gallery-icon landscape'>\n\t\t\t\t<a href='https:\/\/tacuarembo.gub.uy\/?attachment_id=24652'><img loading=\"lazy\" decoding=\"async\" width=\"1600\" height=\"1068\" src=\"https:\/\/tacuarembo.gub.uy\/wp-content\/uploads\/IMG-20240308-WA0038.jpg\" class=\"attachment-full size-full\" alt=\"\" srcset=\"https:\/\/tacuarembo.gub.uy\/wp-content\/uploads\/IMG-20240308-WA0038.jpg 1600w, https:\/\/tacuarembo.gub.uy\/wp-content\/uploads\/IMG-20240308-WA0038-768x513.jpg 768w, https:\/\/tacuarembo.gub.uy\/wp-content\/uploads\/IMG-20240308-WA0038-1536x1025.jpg 1536w\" sizes=\"auto, (max-width: 1600px) 100vw, 1600px\" \/><\/a>\n\t\t\t<\/dt><\/dl><dl class='gallery-item'>\n\t\t\t<dt class='gallery-icon landscape'>\n\t\t\t\t<a href='https:\/\/tacuarembo.gub.uy\/?attachment_id=24653'><img loading=\"lazy\" decoding=\"async\" width=\"1600\" height=\"1068\" src=\"https:\/\/tacuarembo.gub.uy\/wp-content\/uploads\/IMG-20240308-WA0039.jpg\" class=\"attachment-full size-full\" alt=\"\" srcset=\"https:\/\/tacuarembo.gub.uy\/wp-content\/uploads\/IMG-20240308-WA0039.jpg 1600w, https:\/\/tacuarembo.gub.uy\/wp-content\/uploads\/IMG-20240308-WA0039-768x513.jpg 768w, https:\/\/tacuarembo.gub.uy\/wp-content\/uploads\/IMG-20240308-WA0039-1536x1025.jpg 1536w\" sizes=\"auto, (max-width: 1600px) 100vw, 1600px\" \/><\/a>\n\t\t\t<\/dt><\/dl><dl class='gallery-item'>\n\t\t\t<dt class='gallery-icon landscape'>\n\t\t\t\t<a href='https:\/\/tacuarembo.gub.uy\/?attachment_id=24654'><img loading=\"lazy\" decoding=\"async\" width=\"1600\" height=\"1068\" src=\"https:\/\/tacuarembo.gub.uy\/wp-content\/uploads\/IMG-20240308-WA0037.jpg\" class=\"attachment-full size-full\" alt=\"\" srcset=\"https:\/\/tacuarembo.gub.uy\/wp-content\/uploads\/IMG-20240308-WA0037.jpg 1600w, https:\/\/tacuarembo.gub.uy\/wp-content\/uploads\/IMG-20240308-WA0037-768x513.jpg 768w, https:\/\/tacuarembo.gub.uy\/wp-content\/uploads\/IMG-20240308-WA0037-1536x1025.jpg 1536w\" sizes=\"auto, (max-width: 1600px) 100vw, 1600px\" \/><\/a>\n\t\t\t<\/dt><\/dl><br style=\"clear: both\" \/><dl class='gallery-item'>\n\t\t\t<dt class='gallery-icon landscape'>\n\t\t\t\t<a href='https:\/\/tacuarembo.gub.uy\/?attachment_id=24655'><img loading=\"lazy\" decoding=\"async\" width=\"1600\" height=\"1068\" src=\"https:\/\/tacuarembo.gub.uy\/wp-content\/uploads\/IMG-20240308-WA0040.jpg\" class=\"attachment-full size-full\" alt=\"\" srcset=\"https:\/\/tacuarembo.gub.uy\/wp-content\/uploads\/IMG-20240308-WA0040.jpg 1600w, https:\/\/tacuarembo.gub.uy\/wp-content\/uploads\/IMG-20240308-WA0040-768x513.jpg 768w, https:\/\/tacuarembo.gub.uy\/wp-content\/uploads\/IMG-20240308-WA0040-1536x1025.jpg 1536w\" sizes=\"auto, (max-width: 1600px) 100vw, 1600px\" \/><\/a>\n\t\t\t<\/dt><\/dl><dl class='gallery-item'>\n\t\t\t<dt class='gallery-icon portrait'>\n\t\t\t\t<a href='https:\/\/tacuarembo.gub.uy\/?attachment_id=24656'><img loading=\"lazy\" decoding=\"async\" width=\"1440\" height=\"2560\" src=\"https:\/\/tacuarembo.gub.uy\/wp-content\/uploads\/IMG-20240308-WA0041-scaled.jpeg\" class=\"attachment-full size-full\" alt=\"\" srcset=\"https:\/\/tacuarembo.gub.uy\/wp-content\/uploads\/IMG-20240308-WA0041-scaled.jpeg 1440w, https:\/\/tacuarembo.gub.uy\/wp-content\/uploads\/IMG-20240308-WA0041-768x1365.jpeg 768w, https:\/\/tacuarembo.gub.uy\/wp-content\/uploads\/IMG-20240308-WA0041-864x1536.jpeg 864w, https:\/\/tacuarembo.gub.uy\/wp-content\/uploads\/IMG-20240308-WA0041-1152x2048.jpeg 1152w\" sizes=\"auto, (max-width: 1440px) 100vw, 1440px\" \/><\/a>\n\t\t\t<\/dt><\/dl>\n\t\t\t<br style='clear: both' \/>\n\t\t<\/div>\n","protected":false},"excerpt":{"rendered":"<p>El presidente de la Rep\u00fablica, Luis Lacalle Pou, acompa\u00f1ado por el Intendente de Tacuaremb\u00f3, Wilson Ezquerra, asisti\u00f3 a la apertura oficial de la Cosecha de Arroz 2024 en la localidad de Pueblo del Barro, en Tacuaremb\u00f3<\/p>\n","protected":false},"author":3,"featured_media":24654,"comment_status":"open","ping_status":"open","sticky":false,"template":"","format":"standard","meta":{"_eb_attr":"","footnotes":""},"categories":[16],"tags":[],"class_list":{"0":"post-24651","1":"post","2":"type-post","3":"status-publish","4":"format-standard","5":"has-post-thumbnail","7":"category-noticias"},"_links":{"self":[{"href":"https:\/\/tacuarembo.gub.uy\/index.php?rest_route=\/wp\/v2\/posts\/24651","targetHints":{"allow":["GET"]}}],"collection":[{"href":"https:\/\/tacuarembo.gub.uy\/index.php?rest_route=\/wp\/v2\/posts"}],"about":[{"href":"https:\/\/tacuarembo.gub.uy\/index.php?rest_route=\/wp\/v2\/types\/post"}],"author":[{"embeddable":true,"href":"https:\/\/tacuarembo.gub.uy\/index.php?rest_route=\/wp\/v2\/users\/3"}],"replies":[{"embeddable":true,"href":"https:\/\/tacuarembo.gub.uy\/index.php?rest_route=%2Fwp%2Fv2%2Fcomments&post=24651"}],"version-history":[{"count":1,"href":"https:\/\/tacuarembo.gub.uy\/index.php?rest_route=\/wp\/v2\/posts\/24651\/revisions"}],"predecessor-version":[{"id":24657,"href":"https:\/\/tacuarembo.gub.uy\/index.php?rest_route=\/wp\/v2\/posts\/24651\/revisions\/24657"}],"wp:featuredmedia":[{"embeddable":true,"href":"https:\/\/tacuarembo.gub.uy\/index.php?rest_route=\/wp\/v2\/media\/24654"}],"wp:attachment":[{"href":"https:\/\/tacuarembo.gub.uy\/index.php?rest_route=%2Fwp%2Fv2%2Fmedia&parent=24651"}],"wp:term":[{"taxonomy":"category","embeddable":true,"href":"https:\/\/tacuarembo.gub.uy\/index.php?rest_route=%2Fwp%2Fv2%2Fcategories&post=24651"},{"taxonomy":"post_tag","embeddable":true,"href":"https:\/\/tacuarembo.gub.uy\/index.php?rest_route=%2Fwp%2Fv2%2Ftags&post=24651"}],"curies":[{"name":"wp","href":"https:\/\/api.w.org\/{rel}","templated":true}]}}