{"id":24641,"date":"2024-03-08T13:01:53","date_gmt":"2024-03-08T16:01:53","guid":{"rendered":"https:\/\/tacuarembo.gub.uy\/?p=24641"},"modified":"2024-03-08T15:04:35","modified_gmt":"2024-03-08T18:04:35","slug":"idm-invita-a-reflexionar-en-el-marco-del-dia-internacional-de-la-mujer","status":"publish","type":"post","link":"https:\/\/tacuarembo.gub.uy\/?p=24641","title":{"rendered":"IDT invita a reflexionar en el marco del D\u00eda Internacional de la Mujer"},"content":{"rendered":"\n<p>Este viernes 8 de marzo se conmemora un nuevo D\u00eda Internacional de la Mujer, fecha que nos convoca a reflexionar sobre las desigualdades de g\u00e9nero y sus m\u00faltiples manifestaciones.<\/p>\n\n\n\n<p>Reivindicamos la lucha por la igualdad, por los derechos de las mujeres y nos comprometemos a seguir trabajando.<\/p>\n\n\n<p><img loading=\"lazy\" decoding=\"async\" width=\"981\" height=\"613\" class=\"alignnone size-full wp-image-24642\" src=\"https:\/\/tacuarembo.gub.uy\/wp-content\/uploads\/WhatsApp-Image-2024-03-08-at-12.59.21.jpeg\" alt=\"\" srcset=\"https:\/\/tacuarembo.gub.uy\/wp-content\/uploads\/WhatsApp-Image-2024-03-08-at-12.59.21.jpeg 981w, https:\/\/tacuarembo.gub.uy\/wp-content\/uploads\/WhatsApp-Image-2024-03-08-at-12.59.21-768x480.jpeg 768w\" sizes=\"auto, (max-width: 981px) 100vw, 981px\" \/><\/p>","protected":false},"excerpt":{"rendered":"<p>Este viernes 8 de marzo se conmemora un nuevo D\u00eda Internacional de la Mujer, fecha que nos convoca a reflexionar sobre las desigualdades de g\u00e9nero y sus m\u00faltiples manifestaciones<\/p>\n","protected":false},"author":3,"featured_media":24642,"comment_status":"open","ping_status":"open","sticky":false,"template":"","format":"standard","meta":{"_eb_attr":"","footnotes":""},"categories":[16],"tags":[],"class_list":{"0":"post-24641","1":"post","2":"type-post","3":"status-publish","4":"format-standard","5":"has-post-thumbnail","7":"category-noticias"},"_links":{"self":[{"href":"https:\/\/tacuarembo.gub.uy\/index.php?rest_route=\/wp\/v2\/posts\/24641","targetHints":{"allow":["GET"]}}],"collection":[{"href":"https:\/\/tacuarembo.gub.uy\/index.php?rest_route=\/wp\/v2\/posts"}],"about":[{"href":"https:\/\/tacuarembo.gub.uy\/index.php?rest_route=\/wp\/v2\/types\/post"}],"author":[{"embeddable":true,"href":"https:\/\/tacuarembo.gub.uy\/index.php?rest_route=\/wp\/v2\/users\/3"}],"replies":[{"embeddable":true,"href":"https:\/\/tacuarembo.gub.uy\/index.php?rest_route=%2Fwp%2Fv2%2Fcomments&post=24641"}],"version-history":[{"count":2,"href":"https:\/\/tacuarembo.gub.uy\/index.php?rest_route=\/wp\/v2\/posts\/24641\/revisions"}],"predecessor-version":[{"id":24644,"href":"https:\/\/tacuarembo.gub.uy\/index.php?rest_route=\/wp\/v2\/posts\/24641\/revisions\/24644"}],"wp:featuredmedia":[{"embeddable":true,"href":"https:\/\/tacuarembo.gub.uy\/index.php?rest_route=\/wp\/v2\/media\/24642"}],"wp:attachment":[{"href":"https:\/\/tacuarembo.gub.uy\/index.php?rest_route=%2Fwp%2Fv2%2Fmedia&parent=24641"}],"wp:term":[{"taxonomy":"category","embeddable":true,"href":"https:\/\/tacuarembo.gub.uy\/index.php?rest_route=%2Fwp%2Fv2%2Fcategories&post=24641"},{"taxonomy":"post_tag","embeddable":true,"href":"https:\/\/tacuarembo.gub.uy\/index.php?rest_route=%2Fwp%2Fv2%2Ftags&post=24641"}],"curies":[{"name":"wp","href":"https:\/\/api.w.org\/{rel}","templated":true}]}}