{"id":24608,"date":"2024-03-07T18:47:16","date_gmt":"2024-03-07T21:47:16","guid":{"rendered":"https:\/\/tacuarembo.gub.uy\/?p=24608"},"modified":"2024-03-07T18:47:19","modified_gmt":"2024-03-07T21:47:19","slug":"lucas-sugo-brillo-en-la-patria-gaucha-y-reafirmo-su-compromiso-con-la-tierra-que-lo-vio-nacer","status":"publish","type":"post","link":"https:\/\/tacuarembo.gub.uy\/?p=24608","title":{"rendered":"Lucas Sugo brill\u00f3 en la Patria Gaucha y reafirm\u00f3 su compromiso con la tierra que lo vio nacer"},"content":{"rendered":"\n<p>El reconocido m\u00fasico uruguayo fue el encargado de cerrar la noche del mi\u00e9rcoles 6 en la Patria Gaucha, donde expres\u00f3 su felicidad por participar en el evento y comparti\u00f3 su entusiasmo por sus pr\u00f3ximos proyectos musicales tanto en Uruguay como en la regi\u00f3n.<\/p>\n\n\n\n<p>Aunque lament\u00f3 no poder estar en el Desfile de la Patria Gaucha debido a compromisos laborales previos, destac\u00f3 su deseo de vivir ese momento, al igual que en ocasiones anteriores. Adem\u00e1s, Sugo resalt\u00f3 su conexi\u00f3n especial con Tacuaremb\u00f3, su tierra natal, y su orgullo por volver a ella: \u201cLo vivo de una manera especial y genuina, con un sentido de pertenencia, me considero un hijo del Norte\u201d.<\/p>\n\n\n\n<p>Por otro lado, la presencia de la Sinf\u00f3nica de Tambores en el escenario agreg\u00f3 un toque especial a la noche, con Walter \u00abCocorico\u00bb Apesetche destacando la importancia del evento para el grupo y su v\u00ednculo con la audiencia local.<\/p>\n\n\n\n<p>\u201cPara nosotros el escenario de la Patria gaucha es el m\u00e1s grande que existe en Uruguay. Es un orgullo que cuando nos ven actuar \u201cla paisanada se arrima toda y poder cantarles a ellos que hacen un gran esfuerzo por venir es muy profundo, nos hace vibrar\u201d, manifest\u00f3.<\/p>\n\n\n\n\t\t<style type=\"text\/css\">\n\t\t\t#gallery-1 {\n\t\t\t\tmargin: auto;\n\t\t\t}\n\t\t\t#gallery-1 .gallery-item {\n\t\t\t\tfloat: left;\n\t\t\t\tmargin-top: 10px;\n\t\t\t\ttext-align: center;\n\t\t\t\twidth: 33%;\n\t\t\t}\n\t\t\t#gallery-1 img {\n\t\t\t\tborder: 2px solid #cfcfcf;\n\t\t\t}\n\t\t\t#gallery-1 .gallery-caption {\n\t\t\t\tmargin-left: 0;\n\t\t\t}\n\t\t\t\/* see gallery_shortcode() in wp-includes\/media.php *\/\n\t\t<\/style>\n\t\t<div id='gallery-1' class='gallery galleryid-24608 gallery-columns-3 gallery-size-full'><dl class='gallery-item'>\n\t\t\t<dt class='gallery-icon landscape'>\n\t\t\t\t<a href='https:\/\/tacuarembo.gub.uy\/?attachment_id=24609'><img loading=\"lazy\" decoding=\"async\" width=\"1068\" height=\"778\" src=\"https:\/\/tacuarembo.gub.uy\/wp-content\/uploads\/WhatsApp-Image-2024-03-07-at-18.46.22.jpeg\" class=\"attachment-full size-full\" alt=\"\" srcset=\"https:\/\/tacuarembo.gub.uy\/wp-content\/uploads\/WhatsApp-Image-2024-03-07-at-18.46.22.jpeg 1068w, https:\/\/tacuarembo.gub.uy\/wp-content\/uploads\/WhatsApp-Image-2024-03-07-at-18.46.22-768x559.jpeg 768w\" sizes=\"auto, (max-width: 1068px) 100vw, 1068px\" \/><\/a>\n\t\t\t<\/dt><\/dl><dl class='gallery-item'>\n\t\t\t<dt class='gallery-icon landscape'>\n\t\t\t\t<a href='https:\/\/tacuarembo.gub.uy\/?attachment_id=24610'><img loading=\"lazy\" decoding=\"async\" width=\"1068\" height=\"724\" src=\"https:\/\/tacuarembo.gub.uy\/wp-content\/uploads\/WhatsApp-Image-2024-03-07-at-18.46.211.jpeg\" class=\"attachment-full size-full\" alt=\"\" srcset=\"https:\/\/tacuarembo.gub.uy\/wp-content\/uploads\/WhatsApp-Image-2024-03-07-at-18.46.211.jpeg 1068w, https:\/\/tacuarembo.gub.uy\/wp-content\/uploads\/WhatsApp-Image-2024-03-07-at-18.46.211-768x521.jpeg 768w\" sizes=\"auto, (max-width: 1068px) 100vw, 1068px\" \/><\/a>\n\t\t\t<\/dt><\/dl><dl class='gallery-item'>\n\t\t\t<dt class='gallery-icon landscape'>\n\t\t\t\t<a href='https:\/\/tacuarembo.gub.uy\/?attachment_id=24611'><img loading=\"lazy\" decoding=\"async\" width=\"1368\" height=\"882\" src=\"https:\/\/tacuarembo.gub.uy\/wp-content\/uploads\/WhatsApp-Image-2024-03-07-at-18.46.21.jpeg\" class=\"attachment-full size-full\" alt=\"\" srcset=\"https:\/\/tacuarembo.gub.uy\/wp-content\/uploads\/WhatsApp-Image-2024-03-07-at-18.46.21.jpeg 1368w, https:\/\/tacuarembo.gub.uy\/wp-content\/uploads\/WhatsApp-Image-2024-03-07-at-18.46.21-768x495.jpeg 768w\" sizes=\"auto, (max-width: 1368px) 100vw, 1368px\" \/><\/a>\n\t\t\t<\/dt><\/dl><br style=\"clear: both\" \/><dl class='gallery-item'>\n\t\t\t<dt class='gallery-icon landscape'>\n\t\t\t\t<a href='https:\/\/tacuarembo.gub.uy\/?attachment_id=24612'><img loading=\"lazy\" decoding=\"async\" width=\"1368\" height=\"996\" src=\"https:\/\/tacuarembo.gub.uy\/wp-content\/uploads\/WhatsApp-Image-2024-03-07-at-18.46.20.jpeg\" class=\"attachment-full size-full\" alt=\"\" srcset=\"https:\/\/tacuarembo.gub.uy\/wp-content\/uploads\/WhatsApp-Image-2024-03-07-at-18.46.20.jpeg 1368w, https:\/\/tacuarembo.gub.uy\/wp-content\/uploads\/WhatsApp-Image-2024-03-07-at-18.46.20-768x559.jpeg 768w\" sizes=\"auto, (max-width: 1368px) 100vw, 1368px\" \/><\/a>\n\t\t\t<\/dt><\/dl><dl class='gallery-item'>\n\t\t\t<dt class='gallery-icon landscape'>\n\t\t\t\t<a href='https:\/\/tacuarembo.gub.uy\/?attachment_id=24613'><img loading=\"lazy\" decoding=\"async\" width=\"2048\" height=\"1368\" src=\"https:\/\/tacuarembo.gub.uy\/wp-content\/uploads\/WhatsApp-Image-2024-03-07-at-18.46.18.jpeg\" class=\"attachment-full size-full\" alt=\"\" srcset=\"https:\/\/tacuarembo.gub.uy\/wp-content\/uploads\/WhatsApp-Image-2024-03-07-at-18.46.18.jpeg 2048w, https:\/\/tacuarembo.gub.uy\/wp-content\/uploads\/WhatsApp-Image-2024-03-07-at-18.46.18-768x513.jpeg 768w, https:\/\/tacuarembo.gub.uy\/wp-content\/uploads\/WhatsApp-Image-2024-03-07-at-18.46.18-1536x1026.jpeg 1536w\" sizes=\"auto, (max-width: 2048px) 100vw, 2048px\" \/><\/a>\n\t\t\t<\/dt><\/dl>\n\t\t\t<br style='clear: both' \/>\n\t\t<\/div>\n","protected":false},"excerpt":{"rendered":"<p>El reconocido m\u00fasico uruguayo fue el encargado de cerrar la noche del mi\u00e9rcoles 6 en la Patria Gaucha, donde expres\u00f3 su felicidad por participar en el evento y comparti\u00f3 su entusiasmo por sus pr\u00f3ximos proyectos musicales tanto en Uruguay como en la regi\u00f3n<\/p>\n","protected":false},"author":3,"featured_media":0,"comment_status":"open","ping_status":"open","sticky":false,"template":"","format":"standard","meta":{"_eb_attr":"","footnotes":""},"categories":[16],"tags":[],"class_list":{"0":"post-24608","1":"post","2":"type-post","3":"status-publish","4":"format-standard","6":"category-noticias"},"_links":{"self":[{"href":"https:\/\/tacuarembo.gub.uy\/index.php?rest_route=\/wp\/v2\/posts\/24608","targetHints":{"allow":["GET"]}}],"collection":[{"href":"https:\/\/tacuarembo.gub.uy\/index.php?rest_route=\/wp\/v2\/posts"}],"about":[{"href":"https:\/\/tacuarembo.gub.uy\/index.php?rest_route=\/wp\/v2\/types\/post"}],"author":[{"embeddable":true,"href":"https:\/\/tacuarembo.gub.uy\/index.php?rest_route=\/wp\/v2\/users\/3"}],"replies":[{"embeddable":true,"href":"https:\/\/tacuarembo.gub.uy\/index.php?rest_route=%2Fwp%2Fv2%2Fcomments&post=24608"}],"version-history":[{"count":1,"href":"https:\/\/tacuarembo.gub.uy\/index.php?rest_route=\/wp\/v2\/posts\/24608\/revisions"}],"predecessor-version":[{"id":24614,"href":"https:\/\/tacuarembo.gub.uy\/index.php?rest_route=\/wp\/v2\/posts\/24608\/revisions\/24614"}],"wp:attachment":[{"href":"https:\/\/tacuarembo.gub.uy\/index.php?rest_route=%2Fwp%2Fv2%2Fmedia&parent=24608"}],"wp:term":[{"taxonomy":"category","embeddable":true,"href":"https:\/\/tacuarembo.gub.uy\/index.php?rest_route=%2Fwp%2Fv2%2Fcategories&post=24608"},{"taxonomy":"post_tag","embeddable":true,"href":"https:\/\/tacuarembo.gub.uy\/index.php?rest_route=%2Fwp%2Fv2%2Ftags&post=24608"}],"curies":[{"name":"wp","href":"https:\/\/api.w.org\/{rel}","templated":true}]}}