{"id":24586,"date":"2024-03-07T10:28:00","date_gmt":"2024-03-07T13:28:00","guid":{"rendered":"https:\/\/tacuarembo.gub.uy\/?p=24586"},"modified":"2024-03-07T10:28:02","modified_gmt":"2024-03-07T13:28:02","slug":"intendencia-atencion-al-publico-en-horario-vespertino","status":"publish","type":"post","link":"https:\/\/tacuarembo.gub.uy\/?p=24586","title":{"rendered":"Intendencia atenci\u00f3n al p\u00fablico en horario vespertino"},"content":{"rendered":"\n<p>La Intendencia de Tacuaremb\u00f3 informa a la poblaci\u00f3n que, como se estila todos los a\u00f1os, cambia el horario de trabajo adecu\u00e1ndolo a la \u00e9poca del a\u00f1o, por lo cual a partir del lunes 11 de marzo de 2024 el horario para los funcionarios departamentales ser\u00e1 el siguiente: para funcionarios administrativos de 12:30 a 18:30 horas, comenzando la atenci\u00f3n al p\u00fablico inmediatamente de iniciada la labor y finalizar\u00e1 30 minutos antes de la hora de cierre; y para los funcionarios de servicio se establece un horario matutino y vespertino seg\u00fan requerimientos establecidos.<\/p>\n","protected":false},"excerpt":{"rendered":"<p>La Intendencia de Tacuaremb\u00f3 informa a la poblaci\u00f3n que, como se estila todos los a\u00f1os, cambia el horario de trabajo adecu\u00e1ndolo a la \u00e9poca del a\u00f1o, por lo cual a partir del lunes 11 de marzo de 2024 el horario para los funcionarios departamentales ser\u00e1 el siguiente<\/p>\n","protected":false},"author":3,"featured_media":24587,"comment_status":"open","ping_status":"open","sticky":false,"template":"","format":"standard","meta":{"_eb_attr":"","footnotes":""},"categories":[38],"tags":[],"class_list":{"0":"post-24586","1":"post","2":"type-post","3":"status-publish","4":"format-standard","5":"has-post-thumbnail","7":"category-comunicados-de-prensa"},"_links":{"self":[{"href":"https:\/\/tacuarembo.gub.uy\/index.php?rest_route=\/wp\/v2\/posts\/24586","targetHints":{"allow":["GET"]}}],"collection":[{"href":"https:\/\/tacuarembo.gub.uy\/index.php?rest_route=\/wp\/v2\/posts"}],"about":[{"href":"https:\/\/tacuarembo.gub.uy\/index.php?rest_route=\/wp\/v2\/types\/post"}],"author":[{"embeddable":true,"href":"https:\/\/tacuarembo.gub.uy\/index.php?rest_route=\/wp\/v2\/users\/3"}],"replies":[{"embeddable":true,"href":"https:\/\/tacuarembo.gub.uy\/index.php?rest_route=%2Fwp%2Fv2%2Fcomments&post=24586"}],"version-history":[{"count":1,"href":"https:\/\/tacuarembo.gub.uy\/index.php?rest_route=\/wp\/v2\/posts\/24586\/revisions"}],"predecessor-version":[{"id":24588,"href":"https:\/\/tacuarembo.gub.uy\/index.php?rest_route=\/wp\/v2\/posts\/24586\/revisions\/24588"}],"wp:featuredmedia":[{"embeddable":true,"href":"https:\/\/tacuarembo.gub.uy\/index.php?rest_route=\/wp\/v2\/media\/24587"}],"wp:attachment":[{"href":"https:\/\/tacuarembo.gub.uy\/index.php?rest_route=%2Fwp%2Fv2%2Fmedia&parent=24586"}],"wp:term":[{"taxonomy":"category","embeddable":true,"href":"https:\/\/tacuarembo.gub.uy\/index.php?rest_route=%2Fwp%2Fv2%2Fcategories&post=24586"},{"taxonomy":"post_tag","embeddable":true,"href":"https:\/\/tacuarembo.gub.uy\/index.php?rest_route=%2Fwp%2Fv2%2Ftags&post=24586"}],"curies":[{"name":"wp","href":"https:\/\/api.w.org\/{rel}","templated":true}]}}