{"id":24550,"date":"2024-03-06T15:20:58","date_gmt":"2024-03-06T18:20:58","guid":{"rendered":"https:\/\/tacuarembo.gub.uy\/?p=24550"},"modified":"2024-03-06T15:21:00","modified_gmt":"2024-03-06T18:21:00","slug":"emotiva-inauguracion-del-area-de-fogones-profesor-uruguay-nieto-en-la-fiesta-de-la-patria-gaucha","status":"publish","type":"post","link":"https:\/\/tacuarembo.gub.uy\/?p=24550","title":{"rendered":"Emotiva inauguraci\u00f3n del \u00c1rea de Fogones \u00abProfesor Uruguay Nieto\u00bb en la Fiesta de la Patria Gaucha"},"content":{"rendered":"\n<p>En el marco de la 37\u00aa edici\u00f3n de la Fiesta de la Patria Gaucha, qued\u00f3 inaugurada el \u00c1rea de Fogones con una instancia impregnada de tradici\u00f3n y emotividad.<\/p>\n\n\n\n<p>La ceremonia inici\u00f3 con el izamiento de la Bandera de la Fiesta de la Patria Gaucha, realizado por la actual Flor del Pago, Luc\u00eda Ramos, y el presidente de la Patria Gaucha, Hugo Pereda. Este gesto simb\u00f3lico, junto al sonido del cencerro, marcaron el comienzo de una jornada dedicada a exaltar las ra\u00edces y valores gauchos.<\/p>\n\n\n\n<p>El encendido del Fog\u00f3n Mayor, s\u00edmbolo del esp\u00edritu gauchesco que caracteriza la fiesta, acompa\u00f1ado de interpretaciones por parte de los payadores Juan Carlos L\u00f3pez y Cacho M\u00e1rquez.<\/p>\n\n\n\n<p>Uno de los momentos m\u00e1s significativos de la tarde fue la entrega de reconocimientos a dos destacados \u00abCriollos de la Patria Gaucha\u00bb: Idalina Rodr\u00edguez y Marcelo Prestes. Ambos fueron homenajeados por su invaluable contribuci\u00f3n a la celebraci\u00f3n a lo largo de los a\u00f1os. Marcelo Prestes, adem\u00e1s, fue reconocido por su destacada labor como caparaz de manga. Los premios fueron entregados por el secretario de la Intendencia de Tacuaremb\u00f3, Jos\u00e9 Omar Men\u00e9ndez, junto a Hugo Pereda y la Flor del Pago.<\/p>\n\n\n\n<p>H\u00e9ctor Mart\u00ednez y Juan Estatiou, integrantes de la Comisi\u00f3n Organizadora de la Patria Gaucha, elogiaron el papel desempe\u00f1ado por ambos homenajeados, resaltando la importancia de reconocer el trabajo y compromiso de aquellos que han dedicado su vida a preservar las tradiciones gauchas.<\/p>\n\n\n\n<p>Los homenajes continuar\u00e1n el jueves 7 con el reconocimiento a Don Hugo del Palacio, un hombre polifac\u00e9tico cuya pasi\u00f3n por la cultura campera y el tradicionalismo ha dejado una huella en la Fiesta de la Patria Gaucha. Su dedicaci\u00f3n como domador de caballos criollos, jinete, poeta y jurado han enriquecido el evento, convirti\u00e9ndolo en un referente de autenticidad y arraigo cultural.<\/p>\n\n\n\n\t\t<style type=\"text\/css\">\n\t\t\t#gallery-1 {\n\t\t\t\tmargin: auto;\n\t\t\t}\n\t\t\t#gallery-1 .gallery-item {\n\t\t\t\tfloat: left;\n\t\t\t\tmargin-top: 10px;\n\t\t\t\ttext-align: center;\n\t\t\t\twidth: 33%;\n\t\t\t}\n\t\t\t#gallery-1 img {\n\t\t\t\tborder: 2px solid #cfcfcf;\n\t\t\t}\n\t\t\t#gallery-1 .gallery-caption {\n\t\t\t\tmargin-left: 0;\n\t\t\t}\n\t\t\t\/* see gallery_shortcode() in wp-includes\/media.php *\/\n\t\t<\/style>\n\t\t<div id='gallery-1' class='gallery galleryid-24550 gallery-columns-3 gallery-size-full'><dl class='gallery-item'>\n\t\t\t<dt class='gallery-icon landscape'>\n\t\t\t\t<a href='https:\/\/tacuarembo.gub.uy\/?attachment_id=24551'><img loading=\"lazy\" decoding=\"async\" width=\"1600\" height=\"1068\" src=\"https:\/\/tacuarembo.gub.uy\/wp-content\/uploads\/WhatsApp-Image-2024-03-06-at-15.17.003.jpeg\" class=\"attachment-full size-full\" alt=\"\" srcset=\"https:\/\/tacuarembo.gub.uy\/wp-content\/uploads\/WhatsApp-Image-2024-03-06-at-15.17.003.jpeg 1600w, https:\/\/tacuarembo.gub.uy\/wp-content\/uploads\/WhatsApp-Image-2024-03-06-at-15.17.003-768x513.jpeg 768w, https:\/\/tacuarembo.gub.uy\/wp-content\/uploads\/WhatsApp-Image-2024-03-06-at-15.17.003-1536x1025.jpeg 1536w\" sizes=\"auto, (max-width: 1600px) 100vw, 1600px\" \/><\/a>\n\t\t\t<\/dt><\/dl><dl class='gallery-item'>\n\t\t\t<dt class='gallery-icon landscape'>\n\t\t\t\t<a href='https:\/\/tacuarembo.gub.uy\/?attachment_id=24552'><img loading=\"lazy\" decoding=\"async\" width=\"1600\" height=\"1067\" src=\"https:\/\/tacuarembo.gub.uy\/wp-content\/uploads\/WhatsApp-Image-2024-03-06-at-15.17.002.jpeg\" class=\"attachment-full size-full\" alt=\"\" srcset=\"https:\/\/tacuarembo.gub.uy\/wp-content\/uploads\/WhatsApp-Image-2024-03-06-at-15.17.002.jpeg 1600w, https:\/\/tacuarembo.gub.uy\/wp-content\/uploads\/WhatsApp-Image-2024-03-06-at-15.17.002-768x512.jpeg 768w, https:\/\/tacuarembo.gub.uy\/wp-content\/uploads\/WhatsApp-Image-2024-03-06-at-15.17.002-1536x1024.jpeg 1536w\" sizes=\"auto, (max-width: 1600px) 100vw, 1600px\" \/><\/a>\n\t\t\t<\/dt><\/dl><dl class='gallery-item'>\n\t\t\t<dt class='gallery-icon landscape'>\n\t\t\t\t<a href='https:\/\/tacuarembo.gub.uy\/?attachment_id=24553'><img loading=\"lazy\" decoding=\"async\" width=\"1600\" height=\"1068\" src=\"https:\/\/tacuarembo.gub.uy\/wp-content\/uploads\/WhatsApp-Image-2024-03-06-at-15.17.001.jpeg\" class=\"attachment-full size-full\" alt=\"\" srcset=\"https:\/\/tacuarembo.gub.uy\/wp-content\/uploads\/WhatsApp-Image-2024-03-06-at-15.17.001.jpeg 1600w, https:\/\/tacuarembo.gub.uy\/wp-content\/uploads\/WhatsApp-Image-2024-03-06-at-15.17.001-768x513.jpeg 768w, https:\/\/tacuarembo.gub.uy\/wp-content\/uploads\/WhatsApp-Image-2024-03-06-at-15.17.001-1536x1025.jpeg 1536w\" sizes=\"auto, (max-width: 1600px) 100vw, 1600px\" \/><\/a>\n\t\t\t<\/dt><\/dl><br style=\"clear: both\" \/><dl class='gallery-item'>\n\t\t\t<dt class='gallery-icon landscape'>\n\t\t\t\t<a href='https:\/\/tacuarembo.gub.uy\/?attachment_id=24554'><img loading=\"lazy\" decoding=\"async\" width=\"1600\" height=\"1068\" src=\"https:\/\/tacuarembo.gub.uy\/wp-content\/uploads\/WhatsApp-Image-2024-03-06-at-15.17.00.jpeg\" class=\"attachment-full size-full\" alt=\"\" srcset=\"https:\/\/tacuarembo.gub.uy\/wp-content\/uploads\/WhatsApp-Image-2024-03-06-at-15.17.00.jpeg 1600w, https:\/\/tacuarembo.gub.uy\/wp-content\/uploads\/WhatsApp-Image-2024-03-06-at-15.17.00-768x513.jpeg 768w, https:\/\/tacuarembo.gub.uy\/wp-content\/uploads\/WhatsApp-Image-2024-03-06-at-15.17.00-1536x1025.jpeg 1536w\" sizes=\"auto, (max-width: 1600px) 100vw, 1600px\" \/><\/a>\n\t\t\t<\/dt><\/dl><dl class='gallery-item'>\n\t\t\t<dt class='gallery-icon landscape'>\n\t\t\t\t<a href='https:\/\/tacuarembo.gub.uy\/?attachment_id=24555'><img loading=\"lazy\" decoding=\"async\" width=\"1068\" height=\"751\" src=\"https:\/\/tacuarembo.gub.uy\/wp-content\/uploads\/WhatsApp-Image-2024-03-06-at-15.16.44.jpeg\" class=\"attachment-full size-full\" alt=\"\" srcset=\"https:\/\/tacuarembo.gub.uy\/wp-content\/uploads\/WhatsApp-Image-2024-03-06-at-15.16.44.jpeg 1068w, https:\/\/tacuarembo.gub.uy\/wp-content\/uploads\/WhatsApp-Image-2024-03-06-at-15.16.44-200x140.jpeg 200w, https:\/\/tacuarembo.gub.uy\/wp-content\/uploads\/WhatsApp-Image-2024-03-06-at-15.16.44-768x540.jpeg 768w\" sizes=\"auto, (max-width: 1068px) 100vw, 1068px\" \/><\/a>\n\t\t\t<\/dt><\/dl>\n\t\t\t<br style='clear: both' \/>\n\t\t<\/div>\n","protected":false},"excerpt":{"rendered":"<p>En el marco de la 37\u00aa edici\u00f3n de la Fiesta de la Patria Gaucha, qued\u00f3 inaugurada el \u00c1rea de Fogones con una instancia impregnada de tradici\u00f3n y emotividad.<\/p>\n","protected":false},"author":3,"featured_media":24554,"comment_status":"open","ping_status":"open","sticky":false,"template":"","format":"standard","meta":{"_eb_attr":"","footnotes":""},"categories":[16],"tags":[],"class_list":{"0":"post-24550","1":"post","2":"type-post","3":"status-publish","4":"format-standard","5":"has-post-thumbnail","7":"category-noticias"},"_links":{"self":[{"href":"https:\/\/tacuarembo.gub.uy\/index.php?rest_route=\/wp\/v2\/posts\/24550","targetHints":{"allow":["GET"]}}],"collection":[{"href":"https:\/\/tacuarembo.gub.uy\/index.php?rest_route=\/wp\/v2\/posts"}],"about":[{"href":"https:\/\/tacuarembo.gub.uy\/index.php?rest_route=\/wp\/v2\/types\/post"}],"author":[{"embeddable":true,"href":"https:\/\/tacuarembo.gub.uy\/index.php?rest_route=\/wp\/v2\/users\/3"}],"replies":[{"embeddable":true,"href":"https:\/\/tacuarembo.gub.uy\/index.php?rest_route=%2Fwp%2Fv2%2Fcomments&post=24550"}],"version-history":[{"count":1,"href":"https:\/\/tacuarembo.gub.uy\/index.php?rest_route=\/wp\/v2\/posts\/24550\/revisions"}],"predecessor-version":[{"id":24556,"href":"https:\/\/tacuarembo.gub.uy\/index.php?rest_route=\/wp\/v2\/posts\/24550\/revisions\/24556"}],"wp:featuredmedia":[{"embeddable":true,"href":"https:\/\/tacuarembo.gub.uy\/index.php?rest_route=\/wp\/v2\/media\/24554"}],"wp:attachment":[{"href":"https:\/\/tacuarembo.gub.uy\/index.php?rest_route=%2Fwp%2Fv2%2Fmedia&parent=24550"}],"wp:term":[{"taxonomy":"category","embeddable":true,"href":"https:\/\/tacuarembo.gub.uy\/index.php?rest_route=%2Fwp%2Fv2%2Fcategories&post=24550"},{"taxonomy":"post_tag","embeddable":true,"href":"https:\/\/tacuarembo.gub.uy\/index.php?rest_route=%2Fwp%2Fv2%2Ftags&post=24550"}],"curies":[{"name":"wp","href":"https:\/\/api.w.org\/{rel}","templated":true}]}}