{"id":24533,"date":"2024-03-05T11:08:30","date_gmt":"2024-03-05T14:08:30","guid":{"rendered":"https:\/\/tacuarembo.gub.uy\/?p=24533"},"modified":"2024-03-05T11:08:32","modified_gmt":"2024-03-05T14:08:32","slug":"se-inauguro-oficialmente-la-37a-edicion-de-la-patria-gaucha","status":"publish","type":"post","link":"https:\/\/tacuarembo.gub.uy\/?p=24533","title":{"rendered":"Se inaugur\u00f3 oficialmente la 37\u00aa edici\u00f3n de la Patria Gaucha"},"content":{"rendered":"\n<p>En el ruedo \u00abDon Homero Formoso\u201d se realiz\u00f3 el acto oficial de inauguraci\u00f3n de esta tradicional fiesta que a\u00f1o a a\u00f1o convoca miles de personas. El secretario general de la Intendencia de Tacuaremb\u00f3, Jos\u00e9 Omar Men\u00e9ndez, agradeci\u00f3 a la Comisi\u00f3n Organizadora que trabaja de manera esforzada y permanente desde hace varios meses para conformar esta propuesta.<\/p>\n\n\n\n<p>Asimismo, tuvo palabras especiales y reconoci\u00f3 el aporte de los integrantes de las aparcer\u00edas -hombres, mujeres y ni\u00f1os- del departamento y la regi\u00f3n: \u201cSon el fog\u00f3n que mantiene viva la llama de nuestras tradiciones y hacen posible que esta fiesta se lleve a cabo\u201d, destac\u00f3.<\/p>\n\n\n\n<p>Men\u00e9ndez se\u00f1al\u00f3 que en esta edici\u00f3n se pretendi\u00f3 dar una participaci\u00f3n especial a los j\u00f3venes y se extendi\u00f3 la cantidad de d\u00edas del evento, permitiendo as\u00ed el disfrute del enorme trabajo que realizan las 30 sociedades nativistas y tradicionalistas que se encuentran participando. Adem\u00e1s, resalt\u00f3 los conceptos que transmite la gente de campo, \u201ccontribuyendo al arraigo, el contacto con la tierra y el sistema productivo, as\u00ed como la transmisi\u00f3n de valores que engrandecen d\u00eda a d\u00eda nuestra patria\u201d.<\/p>\n\n\n\n<p>El acto oficial de inauguraci\u00f3n comenz\u00f3 con la actuaci\u00f3n del grupo musical \u00abEntre Fuelle y Bordona\u00bb. Uno de los momentos m\u00e1s esperados fue la entrada de las Flores del Pago y los acompa\u00f1antes de las aparcer\u00edas, quienes desfilaron portando los s\u00edmbolos de sus respectivas Sociedades Criollas. A continuaci\u00f3n se interpretaron los acordes del Himno Nacional.<\/p>\n\n\n\n<p>Federico Vallejos emocion\u00f3 al p\u00fablico con un recitado, reivindicando la importancia de preservar la tradici\u00f3n, al tiempo que se cont\u00f3 con las interpretaciones de los payadores Juan Carlos L\u00f3pez y Cacho M\u00e1rquez.<\/p>\n\n\n\n<p>El cl\u00e1sico encendido del Fog\u00f3n de la Tradici\u00f3n, una antigua ceremonia que simboliza el esp\u00edritu y la esencia de la vida gaucha, fue realizado por la La Flor del Pago, acompa\u00f1ada del presidente de la Comisi\u00f3n Organizadora de la Fiesta, Hugo Pereda y el secretario general de la Intendencia de Tacuaremb\u00f3, Jos\u00e9 Omar Men\u00e9ndez.<\/p>\n\n\n\n<p>La noche se cerr\u00f3 con la presencia de m\u00e1s de 130 parejas que se unieron para bailar el Peric\u00f3n Nacional, bajo la direcci\u00f3n del profesor \u00c1lvaro Cuello.<\/p>\n\n\n\n<p>Mientras tanto, en el Escenario \u00abLuis Landriscina\u00bb se cont\u00f3 con la actuaci\u00f3n de los grupos de danza folcl\u00f3rica \u00abCandil de mi pueblo\u00bb y \u00abMainumby\u00bb. Les sigui\u00f3 Mart\u00edn Urchip\u00eda (mejor voz del certamen Ven\u00ed a Cantarle a Gardel) y el m\u00fasico Carlos Malo y su Polker\u00eda.<\/p>\n\n\n\n\t\t<style type=\"text\/css\">\n\t\t\t#gallery-1 {\n\t\t\t\tmargin: auto;\n\t\t\t}\n\t\t\t#gallery-1 .gallery-item {\n\t\t\t\tfloat: left;\n\t\t\t\tmargin-top: 10px;\n\t\t\t\ttext-align: center;\n\t\t\t\twidth: 33%;\n\t\t\t}\n\t\t\t#gallery-1 img {\n\t\t\t\tborder: 2px solid #cfcfcf;\n\t\t\t}\n\t\t\t#gallery-1 .gallery-caption {\n\t\t\t\tmargin-left: 0;\n\t\t\t}\n\t\t\t\/* see gallery_shortcode() in wp-includes\/media.php *\/\n\t\t<\/style>\n\t\t<div id='gallery-1' class='gallery galleryid-24533 gallery-columns-3 gallery-size-full'><dl class='gallery-item'>\n\t\t\t<dt class='gallery-icon landscape'>\n\t\t\t\t<a href='https:\/\/tacuarembo.gub.uy\/?attachment_id=24534'><img loading=\"lazy\" decoding=\"async\" width=\"2048\" height=\"1368\" src=\"https:\/\/tacuarembo.gub.uy\/wp-content\/uploads\/WhatsApp-Image-2024-03-05-at-11.01.49.jpeg\" class=\"attachment-full size-full\" alt=\"\" srcset=\"https:\/\/tacuarembo.gub.uy\/wp-content\/uploads\/WhatsApp-Image-2024-03-05-at-11.01.49.jpeg 2048w, https:\/\/tacuarembo.gub.uy\/wp-content\/uploads\/WhatsApp-Image-2024-03-05-at-11.01.49-768x513.jpeg 768w, https:\/\/tacuarembo.gub.uy\/wp-content\/uploads\/WhatsApp-Image-2024-03-05-at-11.01.49-1536x1026.jpeg 1536w\" sizes=\"auto, (max-width: 2048px) 100vw, 2048px\" \/><\/a>\n\t\t\t<\/dt><\/dl><dl class='gallery-item'>\n\t\t\t<dt class='gallery-icon landscape'>\n\t\t\t\t<a href='https:\/\/tacuarembo.gub.uy\/?attachment_id=24535'><img loading=\"lazy\" decoding=\"async\" width=\"2048\" height=\"1368\" src=\"https:\/\/tacuarembo.gub.uy\/wp-content\/uploads\/WhatsApp-Image-2024-03-05-at-11.01.484.jpeg\" class=\"attachment-full size-full\" alt=\"\" srcset=\"https:\/\/tacuarembo.gub.uy\/wp-content\/uploads\/WhatsApp-Image-2024-03-05-at-11.01.484.jpeg 2048w, https:\/\/tacuarembo.gub.uy\/wp-content\/uploads\/WhatsApp-Image-2024-03-05-at-11.01.484-768x513.jpeg 768w, https:\/\/tacuarembo.gub.uy\/wp-content\/uploads\/WhatsApp-Image-2024-03-05-at-11.01.484-1536x1026.jpeg 1536w\" sizes=\"auto, (max-width: 2048px) 100vw, 2048px\" \/><\/a>\n\t\t\t<\/dt><\/dl><dl class='gallery-item'>\n\t\t\t<dt class='gallery-icon landscape'>\n\t\t\t\t<a href='https:\/\/tacuarembo.gub.uy\/?attachment_id=24536'><img loading=\"lazy\" decoding=\"async\" width=\"2048\" height=\"1368\" src=\"https:\/\/tacuarembo.gub.uy\/wp-content\/uploads\/WhatsApp-Image-2024-03-05-at-11.01.483.jpeg\" class=\"attachment-full size-full\" alt=\"\" srcset=\"https:\/\/tacuarembo.gub.uy\/wp-content\/uploads\/WhatsApp-Image-2024-03-05-at-11.01.483.jpeg 2048w, https:\/\/tacuarembo.gub.uy\/wp-content\/uploads\/WhatsApp-Image-2024-03-05-at-11.01.483-768x513.jpeg 768w, https:\/\/tacuarembo.gub.uy\/wp-content\/uploads\/WhatsApp-Image-2024-03-05-at-11.01.483-1536x1026.jpeg 1536w\" sizes=\"auto, (max-width: 2048px) 100vw, 2048px\" \/><\/a>\n\t\t\t<\/dt><\/dl><br style=\"clear: both\" \/><dl class='gallery-item'>\n\t\t\t<dt class='gallery-icon landscape'>\n\t\t\t\t<a href='https:\/\/tacuarembo.gub.uy\/?attachment_id=24537'><img loading=\"lazy\" decoding=\"async\" width=\"2048\" height=\"1368\" src=\"https:\/\/tacuarembo.gub.uy\/wp-content\/uploads\/WhatsApp-Image-2024-03-05-at-11.01.482.jpeg\" class=\"attachment-full size-full\" alt=\"\" srcset=\"https:\/\/tacuarembo.gub.uy\/wp-content\/uploads\/WhatsApp-Image-2024-03-05-at-11.01.482.jpeg 2048w, https:\/\/tacuarembo.gub.uy\/wp-content\/uploads\/WhatsApp-Image-2024-03-05-at-11.01.482-768x513.jpeg 768w, https:\/\/tacuarembo.gub.uy\/wp-content\/uploads\/WhatsApp-Image-2024-03-05-at-11.01.482-1536x1026.jpeg 1536w\" sizes=\"auto, (max-width: 2048px) 100vw, 2048px\" \/><\/a>\n\t\t\t<\/dt><\/dl><dl class='gallery-item'>\n\t\t\t<dt class='gallery-icon landscape'>\n\t\t\t\t<a href='https:\/\/tacuarembo.gub.uy\/?attachment_id=24538'><img loading=\"lazy\" decoding=\"async\" width=\"2048\" height=\"1368\" src=\"https:\/\/tacuarembo.gub.uy\/wp-content\/uploads\/WhatsApp-Image-2024-03-05-at-11.01.481.jpeg\" class=\"attachment-full size-full\" alt=\"\" srcset=\"https:\/\/tacuarembo.gub.uy\/wp-content\/uploads\/WhatsApp-Image-2024-03-05-at-11.01.481.jpeg 2048w, https:\/\/tacuarembo.gub.uy\/wp-content\/uploads\/WhatsApp-Image-2024-03-05-at-11.01.481-768x513.jpeg 768w, https:\/\/tacuarembo.gub.uy\/wp-content\/uploads\/WhatsApp-Image-2024-03-05-at-11.01.481-1536x1026.jpeg 1536w\" sizes=\"auto, (max-width: 2048px) 100vw, 2048px\" \/><\/a>\n\t\t\t<\/dt><\/dl><dl class='gallery-item'>\n\t\t\t<dt class='gallery-icon landscape'>\n\t\t\t\t<a href='https:\/\/tacuarembo.gub.uy\/?attachment_id=24539'><img loading=\"lazy\" decoding=\"async\" width=\"2048\" height=\"1368\" src=\"https:\/\/tacuarembo.gub.uy\/wp-content\/uploads\/WhatsApp-Image-2024-03-05-at-11.01.48.jpeg\" class=\"attachment-full size-full\" alt=\"\" srcset=\"https:\/\/tacuarembo.gub.uy\/wp-content\/uploads\/WhatsApp-Image-2024-03-05-at-11.01.48.jpeg 2048w, https:\/\/tacuarembo.gub.uy\/wp-content\/uploads\/WhatsApp-Image-2024-03-05-at-11.01.48-768x513.jpeg 768w, https:\/\/tacuarembo.gub.uy\/wp-content\/uploads\/WhatsApp-Image-2024-03-05-at-11.01.48-1536x1026.jpeg 1536w\" sizes=\"auto, (max-width: 2048px) 100vw, 2048px\" \/><\/a>\n\t\t\t<\/dt><\/dl><br style=\"clear: both\" \/><dl class='gallery-item'>\n\t\t\t<dt class='gallery-icon landscape'>\n\t\t\t\t<a href='https:\/\/tacuarembo.gub.uy\/?attachment_id=24540'><img loading=\"lazy\" decoding=\"async\" width=\"2048\" height=\"1368\" src=\"https:\/\/tacuarembo.gub.uy\/wp-content\/uploads\/WhatsApp-Image-2024-03-05-at-11.01.474.jpeg\" class=\"attachment-full size-full\" alt=\"\" srcset=\"https:\/\/tacuarembo.gub.uy\/wp-content\/uploads\/WhatsApp-Image-2024-03-05-at-11.01.474.jpeg 2048w, https:\/\/tacuarembo.gub.uy\/wp-content\/uploads\/WhatsApp-Image-2024-03-05-at-11.01.474-768x513.jpeg 768w, https:\/\/tacuarembo.gub.uy\/wp-content\/uploads\/WhatsApp-Image-2024-03-05-at-11.01.474-1536x1026.jpeg 1536w\" sizes=\"auto, (max-width: 2048px) 100vw, 2048px\" \/><\/a>\n\t\t\t<\/dt><\/dl><dl class='gallery-item'>\n\t\t\t<dt class='gallery-icon landscape'>\n\t\t\t\t<a href='https:\/\/tacuarembo.gub.uy\/?attachment_id=24541'><img loading=\"lazy\" decoding=\"async\" width=\"2048\" height=\"1368\" src=\"https:\/\/tacuarembo.gub.uy\/wp-content\/uploads\/WhatsApp-Image-2024-03-05-at-11.01.473.jpeg\" class=\"attachment-full size-full\" alt=\"\" srcset=\"https:\/\/tacuarembo.gub.uy\/wp-content\/uploads\/WhatsApp-Image-2024-03-05-at-11.01.473.jpeg 2048w, https:\/\/tacuarembo.gub.uy\/wp-content\/uploads\/WhatsApp-Image-2024-03-05-at-11.01.473-768x513.jpeg 768w, https:\/\/tacuarembo.gub.uy\/wp-content\/uploads\/WhatsApp-Image-2024-03-05-at-11.01.473-1536x1026.jpeg 1536w\" sizes=\"auto, (max-width: 2048px) 100vw, 2048px\" \/><\/a>\n\t\t\t<\/dt><\/dl><dl class='gallery-item'>\n\t\t\t<dt class='gallery-icon landscape'>\n\t\t\t\t<a href='https:\/\/tacuarembo.gub.uy\/?attachment_id=24542'><img loading=\"lazy\" decoding=\"async\" width=\"2048\" height=\"1368\" src=\"https:\/\/tacuarembo.gub.uy\/wp-content\/uploads\/WhatsApp-Image-2024-03-05-at-11.01.472.jpeg\" class=\"attachment-full size-full\" alt=\"\" srcset=\"https:\/\/tacuarembo.gub.uy\/wp-content\/uploads\/WhatsApp-Image-2024-03-05-at-11.01.472.jpeg 2048w, https:\/\/tacuarembo.gub.uy\/wp-content\/uploads\/WhatsApp-Image-2024-03-05-at-11.01.472-768x513.jpeg 768w, https:\/\/tacuarembo.gub.uy\/wp-content\/uploads\/WhatsApp-Image-2024-03-05-at-11.01.472-1536x1026.jpeg 1536w\" sizes=\"auto, (max-width: 2048px) 100vw, 2048px\" \/><\/a>\n\t\t\t<\/dt><\/dl><br style=\"clear: both\" \/><dl class='gallery-item'>\n\t\t\t<dt class='gallery-icon landscape'>\n\t\t\t\t<a href='https:\/\/tacuarembo.gub.uy\/?attachment_id=24543'><img loading=\"lazy\" decoding=\"async\" width=\"2048\" height=\"1368\" src=\"https:\/\/tacuarembo.gub.uy\/wp-content\/uploads\/WhatsApp-Image-2024-03-05-at-11.01.471.jpeg\" class=\"attachment-full size-full\" alt=\"\" srcset=\"https:\/\/tacuarembo.gub.uy\/wp-content\/uploads\/WhatsApp-Image-2024-03-05-at-11.01.471.jpeg 2048w, https:\/\/tacuarembo.gub.uy\/wp-content\/uploads\/WhatsApp-Image-2024-03-05-at-11.01.471-768x513.jpeg 768w, https:\/\/tacuarembo.gub.uy\/wp-content\/uploads\/WhatsApp-Image-2024-03-05-at-11.01.471-1536x1026.jpeg 1536w\" sizes=\"auto, (max-width: 2048px) 100vw, 2048px\" \/><\/a>\n\t\t\t<\/dt><\/dl><dl class='gallery-item'>\n\t\t\t<dt class='gallery-icon landscape'>\n\t\t\t\t<a href='https:\/\/tacuarembo.gub.uy\/?attachment_id=24544'><img loading=\"lazy\" decoding=\"async\" width=\"1600\" height=\"1068\" src=\"https:\/\/tacuarembo.gub.uy\/wp-content\/uploads\/WhatsApp-Image-2024-03-05-at-11.01.47.jpeg\" class=\"attachment-full size-full\" alt=\"\" srcset=\"https:\/\/tacuarembo.gub.uy\/wp-content\/uploads\/WhatsApp-Image-2024-03-05-at-11.01.47.jpeg 1600w, https:\/\/tacuarembo.gub.uy\/wp-content\/uploads\/WhatsApp-Image-2024-03-05-at-11.01.47-768x513.jpeg 768w, https:\/\/tacuarembo.gub.uy\/wp-content\/uploads\/WhatsApp-Image-2024-03-05-at-11.01.47-1536x1025.jpeg 1536w\" sizes=\"auto, (max-width: 1600px) 100vw, 1600px\" \/><\/a>\n\t\t\t<\/dt><\/dl><dl class='gallery-item'>\n\t\t\t<dt class='gallery-icon landscape'>\n\t\t\t\t<a href='https:\/\/tacuarembo.gub.uy\/?attachment_id=24545'><img loading=\"lazy\" decoding=\"async\" width=\"1600\" height=\"1068\" src=\"https:\/\/tacuarembo.gub.uy\/wp-content\/uploads\/WhatsApp-Image-2024-03-05-at-11.01.46.jpeg\" class=\"attachment-full size-full\" alt=\"\" srcset=\"https:\/\/tacuarembo.gub.uy\/wp-content\/uploads\/WhatsApp-Image-2024-03-05-at-11.01.46.jpeg 1600w, https:\/\/tacuarembo.gub.uy\/wp-content\/uploads\/WhatsApp-Image-2024-03-05-at-11.01.46-768x513.jpeg 768w, https:\/\/tacuarembo.gub.uy\/wp-content\/uploads\/WhatsApp-Image-2024-03-05-at-11.01.46-1536x1025.jpeg 1536w\" sizes=\"auto, (max-width: 1600px) 100vw, 1600px\" \/><\/a>\n\t\t\t<\/dt><\/dl><br style=\"clear: both\" \/>\n\t\t<\/div>\n","protected":false},"excerpt":{"rendered":"<p>En el ruedo \u00abDon Homero Formoso\u201d se realiz\u00f3 el acto oficial de inauguraci\u00f3n de esta tradicional fiesta que a\u00f1o a a\u00f1o convoca miles de personas. El secretario general de la Intendencia de Tacuaremb\u00f3, Jos\u00e9 Omar Men\u00e9ndez, agradeci\u00f3 a la Comisi\u00f3n Organizadora que trabaja de manera esforzada y permanente desde hace varios meses para conformar esta propuesta.<\/p>\n","protected":false},"author":3,"featured_media":24538,"comment_status":"open","ping_status":"open","sticky":false,"template":"","format":"standard","meta":{"_eb_attr":"","footnotes":""},"categories":[16],"tags":[],"class_list":{"0":"post-24533","1":"post","2":"type-post","3":"status-publish","4":"format-standard","5":"has-post-thumbnail","7":"category-noticias"},"_links":{"self":[{"href":"https:\/\/tacuarembo.gub.uy\/index.php?rest_route=\/wp\/v2\/posts\/24533","targetHints":{"allow":["GET"]}}],"collection":[{"href":"https:\/\/tacuarembo.gub.uy\/index.php?rest_route=\/wp\/v2\/posts"}],"about":[{"href":"https:\/\/tacuarembo.gub.uy\/index.php?rest_route=\/wp\/v2\/types\/post"}],"author":[{"embeddable":true,"href":"https:\/\/tacuarembo.gub.uy\/index.php?rest_route=\/wp\/v2\/users\/3"}],"replies":[{"embeddable":true,"href":"https:\/\/tacuarembo.gub.uy\/index.php?rest_route=%2Fwp%2Fv2%2Fcomments&post=24533"}],"version-history":[{"count":1,"href":"https:\/\/tacuarembo.gub.uy\/index.php?rest_route=\/wp\/v2\/posts\/24533\/revisions"}],"predecessor-version":[{"id":24546,"href":"https:\/\/tacuarembo.gub.uy\/index.php?rest_route=\/wp\/v2\/posts\/24533\/revisions\/24546"}],"wp:featuredmedia":[{"embeddable":true,"href":"https:\/\/tacuarembo.gub.uy\/index.php?rest_route=\/wp\/v2\/media\/24538"}],"wp:attachment":[{"href":"https:\/\/tacuarembo.gub.uy\/index.php?rest_route=%2Fwp%2Fv2%2Fmedia&parent=24533"}],"wp:term":[{"taxonomy":"category","embeddable":true,"href":"https:\/\/tacuarembo.gub.uy\/index.php?rest_route=%2Fwp%2Fv2%2Fcategories&post=24533"},{"taxonomy":"post_tag","embeddable":true,"href":"https:\/\/tacuarembo.gub.uy\/index.php?rest_route=%2Fwp%2Fv2%2Ftags&post=24533"}],"curies":[{"name":"wp","href":"https:\/\/api.w.org\/{rel}","templated":true}]}}