{"id":24479,"date":"2024-02-29T08:41:54","date_gmt":"2024-02-29T11:41:54","guid":{"rendered":"https:\/\/tacuarembo.gub.uy\/?p=24479"},"modified":"2024-02-29T08:44:06","modified_gmt":"2024-02-29T11:44:06","slug":"artesanos-de-tacuarembo-expondran-en-la-patria-gaucha","status":"publish","type":"post","link":"https:\/\/tacuarembo.gub.uy\/?p=24479","title":{"rendered":"Artesanos de Tacuaremb\u00f3 expondr\u00e1n en la Patria Gaucha"},"content":{"rendered":"\n<p>Varios artesanos locales tendr\u00e1n la oportunidad de exhibir sus trabajos en la pr\u00f3xima edici\u00f3n de la Patria Gaucha, gracias a un esfuerzo conjunto entre la Comisi\u00f3n de la Patria Gaucha y la Intendencia de Tacuaremb\u00f3 (IDT). Carlos Men\u00e9ndez, director general de Desarrollo y Producci\u00f3n de la IDT, destac\u00f3 que esta iniciativa permitir\u00e1 a los artesanos mostrar sus trabajos a trav\u00e9s de un precio subsidiado en lo referido al stand, facilitando as\u00ed la promoci\u00f3n y venta de sus productos.<\/p>\n\n\n\n<p>Mediante un llamado abierto se invit\u00f3 a los artesanos de Tacuaremb\u00f3 a participar en la exposici\u00f3n, y a\u00fan quedan espacios disponibles para aquellos que deseen sumarse. A diferencia de a\u00f1os anteriores, donde la demanda superaba la disponibilidad, en esta ocasi\u00f3n se cuenta de 10 stands que se espera sean ocupados en su totalidad, seg\u00fan expres\u00f3 Men\u00e9ndez.<\/p>\n\n\n<p><img loading=\"lazy\" decoding=\"async\" width=\"2048\" height=\"1366\" class=\"alignnone size-full wp-image-24480\" src=\"https:\/\/tacuarembo.gub.uy\/wp-content\/uploads\/WhatsApp-Image-2024-02-29-at-08.16.21.jpeg\" alt=\"\" srcset=\"https:\/\/tacuarembo.gub.uy\/wp-content\/uploads\/WhatsApp-Image-2024-02-29-at-08.16.21.jpeg 2048w, https:\/\/tacuarembo.gub.uy\/wp-content\/uploads\/WhatsApp-Image-2024-02-29-at-08.16.21-768x512.jpeg 768w, https:\/\/tacuarembo.gub.uy\/wp-content\/uploads\/WhatsApp-Image-2024-02-29-at-08.16.21-1536x1025.jpeg 1536w\" sizes=\"auto, (max-width: 2048px) 100vw, 2048px\" \/><\/p>\n\n\n<p>Esta oportunidad brinda a los artesanos de Tacuaremb\u00f3 una plataforma para dar a conocer su talento y creatividad durante el evento, contribuyendo adem\u00e1s al desarrollo econ\u00f3mico de la comunidad artesanal de la zona.<\/p>\n","protected":false},"excerpt":{"rendered":"<p>Varios artesanos locales tendr\u00e1n la oportunidad de exhibir sus trabajos en la pr\u00f3xima edici\u00f3n de la Patria Gaucha, gracias a un esfuerzo conjunto entre la Comisi\u00f3n de la Patria Gaucha y la Intendencia de Tacuaremb\u00f3 (IDT). Carlos Men\u00e9ndez, director general de Desarrollo y Producci\u00f3n de la IDT, destac\u00f3 que esta iniciativa permitir\u00e1 a los artesanos mostrar sus trabajos a trav\u00e9s de un precio subsidiado en lo referido al stand, facilitando as\u00ed la promoci\u00f3n y venta de sus productos.<\/p>\n","protected":false},"author":3,"featured_media":24480,"comment_status":"open","ping_status":"open","sticky":false,"template":"","format":"standard","meta":{"_eb_attr":"","footnotes":""},"categories":[16],"tags":[],"class_list":{"0":"post-24479","1":"post","2":"type-post","3":"status-publish","4":"format-standard","5":"has-post-thumbnail","7":"category-noticias"},"_links":{"self":[{"href":"https:\/\/tacuarembo.gub.uy\/index.php?rest_route=\/wp\/v2\/posts\/24479","targetHints":{"allow":["GET"]}}],"collection":[{"href":"https:\/\/tacuarembo.gub.uy\/index.php?rest_route=\/wp\/v2\/posts"}],"about":[{"href":"https:\/\/tacuarembo.gub.uy\/index.php?rest_route=\/wp\/v2\/types\/post"}],"author":[{"embeddable":true,"href":"https:\/\/tacuarembo.gub.uy\/index.php?rest_route=\/wp\/v2\/users\/3"}],"replies":[{"embeddable":true,"href":"https:\/\/tacuarembo.gub.uy\/index.php?rest_route=%2Fwp%2Fv2%2Fcomments&post=24479"}],"version-history":[{"count":2,"href":"https:\/\/tacuarembo.gub.uy\/index.php?rest_route=\/wp\/v2\/posts\/24479\/revisions"}],"predecessor-version":[{"id":24485,"href":"https:\/\/tacuarembo.gub.uy\/index.php?rest_route=\/wp\/v2\/posts\/24479\/revisions\/24485"}],"wp:featuredmedia":[{"embeddable":true,"href":"https:\/\/tacuarembo.gub.uy\/index.php?rest_route=\/wp\/v2\/media\/24480"}],"wp:attachment":[{"href":"https:\/\/tacuarembo.gub.uy\/index.php?rest_route=%2Fwp%2Fv2%2Fmedia&parent=24479"}],"wp:term":[{"taxonomy":"category","embeddable":true,"href":"https:\/\/tacuarembo.gub.uy\/index.php?rest_route=%2Fwp%2Fv2%2Fcategories&post=24479"},{"taxonomy":"post_tag","embeddable":true,"href":"https:\/\/tacuarembo.gub.uy\/index.php?rest_route=%2Fwp%2Fv2%2Ftags&post=24479"}],"curies":[{"name":"wp","href":"https:\/\/api.w.org\/{rel}","templated":true}]}}