{"id":24476,"date":"2024-02-29T08:40:29","date_gmt":"2024-02-29T11:40:29","guid":{"rendered":"https:\/\/tacuarembo.gub.uy\/?p=24476"},"modified":"2024-02-29T08:47:50","modified_gmt":"2024-02-29T11:47:50","slug":"patria-gaucha-contara-con-un-fin-de-semana-dedicado-a-la-juventud","status":"publish","type":"post","link":"https:\/\/tacuarembo.gub.uy\/?p=24476","title":{"rendered":"Patria Gaucha contar\u00e1 con un fin de semana dedicado a la juventud"},"content":{"rendered":"\n<p>La celebraci\u00f3n anual de la Patria Gaucha, que este a\u00f1o llega a su 37\u00aa edici\u00f3n, se prepara para un evento especial dedicado a la juventud rural. Desde el s\u00e1bado 2 hasta el domingo 10 de marzo, Tacuaremb\u00f3 ser\u00e1 el centro de esta fiesta que rinde homenaje a las tradiciones del campo uruguayo.<\/p>\n\n\n\n<p>El primer fin de semana de la Patria Gaucha estar\u00e1 marcado por una serie de actividades especialmente dise\u00f1adas para j\u00f3venes de entre 18 y 28 a\u00f1os. Desde montas en vacunos hasta concursos de destreza criolla, habr\u00e1 una amplia gama de opciones para que los j\u00f3venes participen y demuestren sus habilidades en el campo.<\/p>\n\n\n\n<p>Mariana Luque, miembro de la Sub Comisi\u00f3n de Campo, inform\u00f3 que las inscripciones para las diversas competencias se abrir\u00e1n este viernes en la Secretar\u00eda de la Laguna de las Lavanderas.<\/p>\n\n\n<p><img loading=\"lazy\" decoding=\"async\" width=\"519\" height=\"316\" class=\"alignnone size-full wp-image-24477\" src=\"https:\/\/tacuarembo.gub.uy\/wp-content\/uploads\/WhatsApp-Image-2024-02-29-at-08.10.18.jpeg\" alt=\"\" \/><\/p>\n\n\n<p>Una de las novedades de este a\u00f1o es la inclusi\u00f3n de la \u00abgincana gaucha\u00bb, una serie de pruebas en pareja que desafiar\u00e1n la habilidad y el ingenio de los participantes. Adem\u00e1s, se sumaron concursos de tuse de caballos y de perros de trabajo.<\/p>\n\n\n\n<p>Tambi\u00e9n record\u00f3 que est\u00e1 confirmada la participaci\u00f3n de 30 sociedades criollas, al tiempo que hay varias en lista de espera.<\/p>\n","protected":false},"excerpt":{"rendered":"<p>La celebraci\u00f3n anual de la Patria Gaucha, que este a\u00f1o llega a su 37\u00aa edici\u00f3n, se prepara para un evento especial dedicado a la juventud rural. Desde el s\u00e1bado 2 hasta el domingo 10 de marzo, Tacuaremb\u00f3 ser\u00e1 el centro de esta fiesta que rinde homenaje a las tradiciones del campo uruguayo<\/p>\n","protected":false},"author":3,"featured_media":24477,"comment_status":"open","ping_status":"open","sticky":false,"template":"","format":"standard","meta":{"_eb_attr":"","footnotes":""},"categories":[16],"tags":[],"class_list":{"0":"post-24476","1":"post","2":"type-post","3":"status-publish","4":"format-standard","5":"has-post-thumbnail","7":"category-noticias"},"_links":{"self":[{"href":"https:\/\/tacuarembo.gub.uy\/index.php?rest_route=\/wp\/v2\/posts\/24476","targetHints":{"allow":["GET"]}}],"collection":[{"href":"https:\/\/tacuarembo.gub.uy\/index.php?rest_route=\/wp\/v2\/posts"}],"about":[{"href":"https:\/\/tacuarembo.gub.uy\/index.php?rest_route=\/wp\/v2\/types\/post"}],"author":[{"embeddable":true,"href":"https:\/\/tacuarembo.gub.uy\/index.php?rest_route=\/wp\/v2\/users\/3"}],"replies":[{"embeddable":true,"href":"https:\/\/tacuarembo.gub.uy\/index.php?rest_route=%2Fwp%2Fv2%2Fcomments&post=24476"}],"version-history":[{"count":2,"href":"https:\/\/tacuarembo.gub.uy\/index.php?rest_route=\/wp\/v2\/posts\/24476\/revisions"}],"predecessor-version":[{"id":24486,"href":"https:\/\/tacuarembo.gub.uy\/index.php?rest_route=\/wp\/v2\/posts\/24476\/revisions\/24486"}],"wp:featuredmedia":[{"embeddable":true,"href":"https:\/\/tacuarembo.gub.uy\/index.php?rest_route=\/wp\/v2\/media\/24477"}],"wp:attachment":[{"href":"https:\/\/tacuarembo.gub.uy\/index.php?rest_route=%2Fwp%2Fv2%2Fmedia&parent=24476"}],"wp:term":[{"taxonomy":"category","embeddable":true,"href":"https:\/\/tacuarembo.gub.uy\/index.php?rest_route=%2Fwp%2Fv2%2Fcategories&post=24476"},{"taxonomy":"post_tag","embeddable":true,"href":"https:\/\/tacuarembo.gub.uy\/index.php?rest_route=%2Fwp%2Fv2%2Ftags&post=24476"}],"curies":[{"name":"wp","href":"https:\/\/api.w.org\/{rel}","templated":true}]}}