{"id":23563,"date":"2023-12-28T09:33:09","date_gmt":"2023-12-28T12:33:09","guid":{"rendered":"https:\/\/tacuarembo.gub.uy\/?p=23563"},"modified":"2023-12-28T09:33:15","modified_gmt":"2023-12-28T12:33:15","slug":"la-direccion-de-juventud-cierra-el-ano-con-el-ferro-rock","status":"publish","type":"post","link":"https:\/\/tacuarembo.gub.uy\/?p=23563","title":{"rendered":"La Direcci\u00f3n de Juventud cierra el a\u00f1o con el Ferro Rock"},"content":{"rendered":"\n<p>Este jueves 28 de diciembre, la Direcci\u00f3n de Juventud de la IDT se prepara para despedir el a\u00f1o con el espect\u00e1culo musical \u00abFerro Rock\u00bb que se llevar\u00e1 a cabo a partir de las 21 horas, en el Anfiteatro del Centro de Barrio N\u00b01.<\/p>\n\n\n\n<p>La jornada contar\u00e1 con las actuaciones de las bandas locales Inminente, Mocedad, Zonno, Ma Non Troppo. La diversidad musical estar\u00e1 acompa\u00f1ada por el DJ Diego La Fama.<\/p>\n\n\n\n<p>El director de la Oficina de la Juventud, Camilo Guti\u00e9rrez, comparti\u00f3 su entusiasmo respecto al evento, destacando que \u00abes una actividad cultural para darle un cierre al a\u00f1o 2023, aprovechando que hay muchos visitantes en nuestra ciudad, estudiantes universitarios que se encuentran en la capital, para que vengan a disfrutar de buena m\u00fasica\u00bb.<\/p>\n\n\n\n<p>La entrada al \u00abFerro Rock\u00bb es gratuita, y se invita a sumarse a esta propuesta que contar\u00e1 con servicio de cantina.<\/p>\n\n\n<p><img loading=\"lazy\" decoding=\"async\" width=\"900\" height=\"1600\" class=\"alignnone size-full wp-image-23565\" src=\"https:\/\/tacuarembo.gub.uy\/wp-content\/uploads\/IMG-20231228-WA0006.jpg\" alt=\"\" srcset=\"https:\/\/tacuarembo.gub.uy\/wp-content\/uploads\/IMG-20231228-WA0006.jpg 900w, https:\/\/tacuarembo.gub.uy\/wp-content\/uploads\/IMG-20231228-WA0006-768x1365.jpg 768w, https:\/\/tacuarembo.gub.uy\/wp-content\/uploads\/IMG-20231228-WA0006-864x1536.jpg 864w\" sizes=\"auto, (max-width: 900px) 100vw, 900px\" \/><\/p>","protected":false},"excerpt":{"rendered":"<p>Este jueves 28 de diciembre, la Direcci\u00f3n de Juventud de la IDT se prepara para despedir el a\u00f1o con el espect\u00e1culo musical \u00abFerro Rock\u00bb que se llevar\u00e1 a cabo a partir de las 21 horas, en el Anfiteatro del Centro de Barrio N\u00b01<\/p>\n","protected":false},"author":3,"featured_media":23564,"comment_status":"open","ping_status":"open","sticky":false,"template":"","format":"standard","meta":{"_eb_attr":"","footnotes":""},"categories":[32,16],"tags":[],"class_list":{"0":"post-23563","1":"post","2":"type-post","3":"status-publish","4":"format-standard","5":"has-post-thumbnail","7":"category-juventud","8":"category-noticias"},"_links":{"self":[{"href":"https:\/\/tacuarembo.gub.uy\/index.php?rest_route=\/wp\/v2\/posts\/23563","targetHints":{"allow":["GET"]}}],"collection":[{"href":"https:\/\/tacuarembo.gub.uy\/index.php?rest_route=\/wp\/v2\/posts"}],"about":[{"href":"https:\/\/tacuarembo.gub.uy\/index.php?rest_route=\/wp\/v2\/types\/post"}],"author":[{"embeddable":true,"href":"https:\/\/tacuarembo.gub.uy\/index.php?rest_route=\/wp\/v2\/users\/3"}],"replies":[{"embeddable":true,"href":"https:\/\/tacuarembo.gub.uy\/index.php?rest_route=%2Fwp%2Fv2%2Fcomments&post=23563"}],"version-history":[{"count":1,"href":"https:\/\/tacuarembo.gub.uy\/index.php?rest_route=\/wp\/v2\/posts\/23563\/revisions"}],"predecessor-version":[{"id":23566,"href":"https:\/\/tacuarembo.gub.uy\/index.php?rest_route=\/wp\/v2\/posts\/23563\/revisions\/23566"}],"wp:featuredmedia":[{"embeddable":true,"href":"https:\/\/tacuarembo.gub.uy\/index.php?rest_route=\/wp\/v2\/media\/23564"}],"wp:attachment":[{"href":"https:\/\/tacuarembo.gub.uy\/index.php?rest_route=%2Fwp%2Fv2%2Fmedia&parent=23563"}],"wp:term":[{"taxonomy":"category","embeddable":true,"href":"https:\/\/tacuarembo.gub.uy\/index.php?rest_route=%2Fwp%2Fv2%2Fcategories&post=23563"},{"taxonomy":"post_tag","embeddable":true,"href":"https:\/\/tacuarembo.gub.uy\/index.php?rest_route=%2Fwp%2Fv2%2Ftags&post=23563"}],"curies":[{"name":"wp","href":"https:\/\/api.w.org\/{rel}","templated":true}]}}