{"id":23471,"date":"2023-12-22T08:42:56","date_gmt":"2023-12-22T11:42:56","guid":{"rendered":"https:\/\/tacuarembo.gub.uy\/?p=23471"},"modified":"2023-12-22T08:42:58","modified_gmt":"2023-12-22T11:42:58","slug":"se-lanzo-la-temporada-de-verano-2023-2024-en-san-gregorio-de-polanco-con-mejoras-y-novedades","status":"publish","type":"post","link":"https:\/\/tacuarembo.gub.uy\/?p=23471","title":{"rendered":"Se lanz\u00f3 la temporada de verano 2023-2024 en San Gregorio de Polanco con mejoras y novedades"},"content":{"rendered":"\n<p>Con la presencia de autoridades se llev\u00f3 a cabo el lanzamiento oficial de la temporada de verano 2023-2024 en San Gregorio de Polanco.<\/p>\n\n\n\n<p>El evento cont\u00f3 con la participaci\u00f3n del Intendente de Tacuaremb\u00f3, Wilson Ezquerra, el director de Turismo, Marcelo Crespi, el alcalde Asdr\u00fabal Rodr\u00edguez, y el subjefe de Polic\u00eda, Edison Nu\u00f1ez Osorio.<\/p>\n\n\n\n<p>En ese contexto, el Intendente Wilson Ezquerra invit\u00f3 a los visitantes a descubrir el encanto natural de San Gregorio de Polanco y disfrutarlo en familia.<\/p>\n\n\n\n<p>El alcalde de San Gregorio, Asdr\u00fabal Rodr\u00edguez, destac\u00f3 el arduo trabajo previo que se realiz\u00f3 en la zona principal, centr\u00e1ndose especialmente en el camping municipal, situado a pocos metros de la playa. Rodr\u00edguez extendi\u00f3 una cordial invitaci\u00f3n a aquellos que ya conocen San Gregorio, asegurando que encontrar\u00e1n un lugar completamente transformado. Entre las mejoras, se incluyen 30 nuevos parrilleros techados, sumando un total de m\u00e1s de 60. Adem\u00e1s, se han renovado las instalaciones sanitarias, con una nueva bater\u00eda de ba\u00f1os y duchas de agua caliente, as\u00ed como la implementaci\u00f3n de un cerco perimetral y la finalizaci\u00f3n de la caminer\u00eda interna del camping.<\/p>\n\n\n\n<p>\u00abSan Gregorio se est\u00e1 preparando para lo que se viene y habilitamos el camping el 4 de diciembre, pero hoy estamos haciendo el lanzamiento oficial y ya tenemos todas las instalaciones listas para recibir a los visitantes que eligen San Gregorio como su destino tur\u00edstico\u00bb, expres\u00f3 el alcalde.<\/p>\n\n\n\n<p>Por su parte, el director de Turismo de la IDT, Marcelo Crespi, resalt\u00f3 la oportunidad de realizar un recorrido hist\u00f3rico mediante una aplicaci\u00f3n para tel\u00e9fonos m\u00f3viles. Esta innovadora herramienta permitir\u00e1 a los turistas disfrutar de una experiencia enriquecedora mientras exploran el Museo de Artes a Cielo Abierto de la Pen\u00ednsula.<\/p>\n\n\n\n<p>Crespi elogi\u00f3 el esfuerzo del Municipio de San Gregorio de Polanco, afirmando: \u00abEste destino es maravilloso y hay un muy buen trabajo por parte del Municipio de San Gregorio de Polanco, as\u00ed que tenemos que felicitarlos\u00bb.<\/p>\n\n\n\n<p>Con optimismo sobre la temporada que se avecina, se\u00f1al\u00f3 que el nivel de reservas es elevado en esta \u00e9poca y que est\u00e1n trabajando en conjunto con el Ejecutivo Departamental para organizar eventos y actividades que mantengan un flujo constante de visitantes durante al menos 60 d\u00edas.<\/p>\n\n\n\n<p>En tanto, el coordinador regional del Ministerio de Turismo, Santiago Esteves, sostuvo que el lanzamiento se enmarc\u00f3 en el fortalecimiento de pol\u00edticas regionales donde la Regi\u00f3n Norte ha trabajado durante todo el a\u00f1o en conjunto para fortalecer servicios y capacitando a emprendedores con el objetivo de mejorar la oferta<\/p>\n\n\n\n\t\t<style type=\"text\/css\">\n\t\t\t#gallery-1 {\n\t\t\t\tmargin: auto;\n\t\t\t}\n\t\t\t#gallery-1 .gallery-item {\n\t\t\t\tfloat: left;\n\t\t\t\tmargin-top: 10px;\n\t\t\t\ttext-align: center;\n\t\t\t\twidth: 33%;\n\t\t\t}\n\t\t\t#gallery-1 img {\n\t\t\t\tborder: 2px solid #cfcfcf;\n\t\t\t}\n\t\t\t#gallery-1 .gallery-caption {\n\t\t\t\tmargin-left: 0;\n\t\t\t}\n\t\t\t\/* see gallery_shortcode() in wp-includes\/media.php *\/\n\t\t<\/style>\n\t\t<div id='gallery-1' class='gallery galleryid-23471 gallery-columns-3 gallery-size-full'><dl class='gallery-item'>\n\t\t\t<dt class='gallery-icon landscape'>\n\t\t\t\t<a href='https:\/\/tacuarembo.gub.uy\/?attachment_id=23472'><img loading=\"lazy\" decoding=\"async\" width=\"2048\" height=\"1536\" src=\"https:\/\/tacuarembo.gub.uy\/wp-content\/uploads\/WhatsApp-Image-2023-12-22-at-08.37.43.jpeg\" class=\"attachment-full size-full\" alt=\"\" srcset=\"https:\/\/tacuarembo.gub.uy\/wp-content\/uploads\/WhatsApp-Image-2023-12-22-at-08.37.43.jpeg 2048w, https:\/\/tacuarembo.gub.uy\/wp-content\/uploads\/WhatsApp-Image-2023-12-22-at-08.37.43-768x576.jpeg 768w, https:\/\/tacuarembo.gub.uy\/wp-content\/uploads\/WhatsApp-Image-2023-12-22-at-08.37.43-1536x1152.jpeg 1536w\" sizes=\"auto, (max-width: 2048px) 100vw, 2048px\" \/><\/a>\n\t\t\t<\/dt><\/dl><dl class='gallery-item'>\n\t\t\t<dt class='gallery-icon landscape'>\n\t\t\t\t<a href='https:\/\/tacuarembo.gub.uy\/?attachment_id=23473'><img loading=\"lazy\" decoding=\"async\" width=\"2048\" height=\"1536\" src=\"https:\/\/tacuarembo.gub.uy\/wp-content\/uploads\/WhatsApp-Image-2023-12-22-at-08.37.423.jpeg\" class=\"attachment-full size-full\" alt=\"\" srcset=\"https:\/\/tacuarembo.gub.uy\/wp-content\/uploads\/WhatsApp-Image-2023-12-22-at-08.37.423.jpeg 2048w, https:\/\/tacuarembo.gub.uy\/wp-content\/uploads\/WhatsApp-Image-2023-12-22-at-08.37.423-768x576.jpeg 768w, https:\/\/tacuarembo.gub.uy\/wp-content\/uploads\/WhatsApp-Image-2023-12-22-at-08.37.423-1536x1152.jpeg 1536w\" sizes=\"auto, (max-width: 2048px) 100vw, 2048px\" \/><\/a>\n\t\t\t<\/dt><\/dl><dl class='gallery-item'>\n\t\t\t<dt class='gallery-icon landscape'>\n\t\t\t\t<a href='https:\/\/tacuarembo.gub.uy\/?attachment_id=23474'><img loading=\"lazy\" decoding=\"async\" width=\"2048\" height=\"1536\" src=\"https:\/\/tacuarembo.gub.uy\/wp-content\/uploads\/WhatsApp-Image-2023-12-22-at-08.37.422.jpeg\" class=\"attachment-full size-full\" alt=\"\" srcset=\"https:\/\/tacuarembo.gub.uy\/wp-content\/uploads\/WhatsApp-Image-2023-12-22-at-08.37.422.jpeg 2048w, https:\/\/tacuarembo.gub.uy\/wp-content\/uploads\/WhatsApp-Image-2023-12-22-at-08.37.422-768x576.jpeg 768w, https:\/\/tacuarembo.gub.uy\/wp-content\/uploads\/WhatsApp-Image-2023-12-22-at-08.37.422-1536x1152.jpeg 1536w\" sizes=\"auto, (max-width: 2048px) 100vw, 2048px\" \/><\/a>\n\t\t\t<\/dt><\/dl><br style=\"clear: both\" \/><dl class='gallery-item'>\n\t\t\t<dt class='gallery-icon landscape'>\n\t\t\t\t<a href='https:\/\/tacuarembo.gub.uy\/?attachment_id=23475'><img loading=\"lazy\" decoding=\"async\" width=\"2048\" height=\"1536\" src=\"https:\/\/tacuarembo.gub.uy\/wp-content\/uploads\/WhatsApp-Image-2023-12-22-at-08.37.421.jpeg\" class=\"attachment-full size-full\" alt=\"\" srcset=\"https:\/\/tacuarembo.gub.uy\/wp-content\/uploads\/WhatsApp-Image-2023-12-22-at-08.37.421.jpeg 2048w, https:\/\/tacuarembo.gub.uy\/wp-content\/uploads\/WhatsApp-Image-2023-12-22-at-08.37.421-768x576.jpeg 768w, https:\/\/tacuarembo.gub.uy\/wp-content\/uploads\/WhatsApp-Image-2023-12-22-at-08.37.421-1536x1152.jpeg 1536w\" sizes=\"auto, (max-width: 2048px) 100vw, 2048px\" \/><\/a>\n\t\t\t<\/dt><\/dl><dl class='gallery-item'>\n\t\t\t<dt class='gallery-icon landscape'>\n\t\t\t\t<a href='https:\/\/tacuarembo.gub.uy\/?attachment_id=23476'><img loading=\"lazy\" decoding=\"async\" width=\"2048\" height=\"1536\" src=\"https:\/\/tacuarembo.gub.uy\/wp-content\/uploads\/WhatsApp-Image-2023-12-22-at-08.37.42.jpeg\" class=\"attachment-full size-full\" alt=\"\" srcset=\"https:\/\/tacuarembo.gub.uy\/wp-content\/uploads\/WhatsApp-Image-2023-12-22-at-08.37.42.jpeg 2048w, https:\/\/tacuarembo.gub.uy\/wp-content\/uploads\/WhatsApp-Image-2023-12-22-at-08.37.42-768x576.jpeg 768w, https:\/\/tacuarembo.gub.uy\/wp-content\/uploads\/WhatsApp-Image-2023-12-22-at-08.37.42-1536x1152.jpeg 1536w\" sizes=\"auto, (max-width: 2048px) 100vw, 2048px\" \/><\/a>\n\t\t\t<\/dt><\/dl><dl class='gallery-item'>\n\t\t\t<dt class='gallery-icon landscape'>\n\t\t\t\t<a href='https:\/\/tacuarembo.gub.uy\/?attachment_id=23477'><img loading=\"lazy\" decoding=\"async\" width=\"2048\" height=\"1536\" src=\"https:\/\/tacuarembo.gub.uy\/wp-content\/uploads\/WhatsApp-Image-2023-12-22-at-08.37.41.jpeg\" class=\"attachment-full size-full\" alt=\"\" srcset=\"https:\/\/tacuarembo.gub.uy\/wp-content\/uploads\/WhatsApp-Image-2023-12-22-at-08.37.41.jpeg 2048w, https:\/\/tacuarembo.gub.uy\/wp-content\/uploads\/WhatsApp-Image-2023-12-22-at-08.37.41-768x576.jpeg 768w, https:\/\/tacuarembo.gub.uy\/wp-content\/uploads\/WhatsApp-Image-2023-12-22-at-08.37.41-1536x1152.jpeg 1536w\" sizes=\"auto, (max-width: 2048px) 100vw, 2048px\" \/><\/a>\n\t\t\t<\/dt><\/dl><br style=\"clear: both\" \/>\n\t\t<\/div>\n","protected":false},"excerpt":{"rendered":"<p>Con la presencia de autoridades se llev\u00f3 a cabo el lanzamiento oficial de la temporada de verano 2023-2024 en San Gregorio de Polanco<\/p>\n","protected":false},"author":3,"featured_media":23476,"comment_status":"open","ping_status":"open","sticky":false,"template":"","format":"standard","meta":{"_eb_attr":"","footnotes":""},"categories":[16],"tags":[],"class_list":{"0":"post-23471","1":"post","2":"type-post","3":"status-publish","4":"format-standard","5":"has-post-thumbnail","7":"category-noticias"},"_links":{"self":[{"href":"https:\/\/tacuarembo.gub.uy\/index.php?rest_route=\/wp\/v2\/posts\/23471","targetHints":{"allow":["GET"]}}],"collection":[{"href":"https:\/\/tacuarembo.gub.uy\/index.php?rest_route=\/wp\/v2\/posts"}],"about":[{"href":"https:\/\/tacuarembo.gub.uy\/index.php?rest_route=\/wp\/v2\/types\/post"}],"author":[{"embeddable":true,"href":"https:\/\/tacuarembo.gub.uy\/index.php?rest_route=\/wp\/v2\/users\/3"}],"replies":[{"embeddable":true,"href":"https:\/\/tacuarembo.gub.uy\/index.php?rest_route=%2Fwp%2Fv2%2Fcomments&post=23471"}],"version-history":[{"count":1,"href":"https:\/\/tacuarembo.gub.uy\/index.php?rest_route=\/wp\/v2\/posts\/23471\/revisions"}],"predecessor-version":[{"id":23478,"href":"https:\/\/tacuarembo.gub.uy\/index.php?rest_route=\/wp\/v2\/posts\/23471\/revisions\/23478"}],"wp:featuredmedia":[{"embeddable":true,"href":"https:\/\/tacuarembo.gub.uy\/index.php?rest_route=\/wp\/v2\/media\/23476"}],"wp:attachment":[{"href":"https:\/\/tacuarembo.gub.uy\/index.php?rest_route=%2Fwp%2Fv2%2Fmedia&parent=23471"}],"wp:term":[{"taxonomy":"category","embeddable":true,"href":"https:\/\/tacuarembo.gub.uy\/index.php?rest_route=%2Fwp%2Fv2%2Fcategories&post=23471"},{"taxonomy":"post_tag","embeddable":true,"href":"https:\/\/tacuarembo.gub.uy\/index.php?rest_route=%2Fwp%2Fv2%2Ftags&post=23471"}],"curies":[{"name":"wp","href":"https:\/\/api.w.org\/{rel}","templated":true}]}}