{"id":23467,"date":"2023-12-21T09:25:42","date_gmt":"2023-12-21T12:25:42","guid":{"rendered":"https:\/\/tacuarembo.gub.uy\/?p=23467"},"modified":"2023-12-21T09:35:20","modified_gmt":"2023-12-21T12:35:20","slug":"se-conocieron-los-ganadores-concurso-tomas-de-mattos-2023","status":"publish","type":"post","link":"https:\/\/tacuarembo.gub.uy\/?p=23467","title":{"rendered":"Se conocieron los ganadores Concurso Tom\u00e1s de Mattos 2023"},"content":{"rendered":"\n<p>Organizado por la Intendencia de Tacuaremb\u00f3, a trav\u00e9s de la Direcci\u00f3n de Juventud, y respaldado por el Instituto Nacional de Letras del Ministerio de Educaci\u00f3n y Cultura (MEC), el concurso celebr\u00f3 la participaci\u00f3n de j\u00f3venes talentos literarios entre las edades de 14 y 29 a\u00f1os.<\/p>\n\n\n\n<p>En la categor\u00eda de G\u00e9nero Narrativo, el primer premio para la franja de 14 a 18 a\u00f1os fue otorgado a Matilde Lando Bistiancic de Tacuaremb\u00f3 por su cuento \u00abViernes 3 AM\u00bb. En la categor\u00eda de 19 a 29 a\u00f1os, Valentina Echeveste Pereira de Montevideo se llev\u00f3 el primer premio con su emotivo relato titulado \u00abUn d\u00eda normal\u00bb. En este caso, el jurado estuvo integrado por Santiago Cort\u00e9s, Natalia Soboredo e Ivan Da Rosa, quienes elogiaron la creatividad y la profundidad narrativa de ambas obras.<\/p>\n\n\n\n<p>En el G\u00e9nero Poes\u00eda, Gabriel Garc\u00eda Berriel, bajo el seud\u00f3nimo \u00abF\u00bb, obtuvo el primer premio en la categor\u00eda de 14 a 18 a\u00f1os, y Guillermina Sartor Neme, bajo el seud\u00f3nimo \u00abAnkira\u00bb, se destac\u00f3 en la categor\u00eda de 19 a 29 a\u00f1os. Para estas categor\u00edas, el jurado estuvo compuesto por Oscar Brocco, Mar\u00eda Jos\u00e9 Fag\u00fandez y Tagore Silvera.<\/p>\n\n\n<p><img loading=\"lazy\" decoding=\"async\" width=\"1512\" height=\"836\" class=\"alignnone size-full wp-image-23468\" src=\"https:\/\/tacuarembo.gub.uy\/wp-content\/uploads\/WhatsApp-Image-2023-12-21-at-08.57.33.jpeg\" alt=\"\" srcset=\"https:\/\/tacuarembo.gub.uy\/wp-content\/uploads\/WhatsApp-Image-2023-12-21-at-08.57.33.jpeg 1512w, https:\/\/tacuarembo.gub.uy\/wp-content\/uploads\/WhatsApp-Image-2023-12-21-at-08.57.33-768x425.jpeg 768w\" sizes=\"auto, (max-width: 1512px) 100vw, 1512px\" \/><\/p>\n\n\n<p>Adem\u00e1s, el concurso otorg\u00f3 menciones especiales a Santiago Mederos, de 29 a\u00f1os y oriundo de Montevideo, as\u00ed como a Cristian Cayafa, de 21 a\u00f1os y proveniente de Tacuaremb\u00f3.<\/p>\n\n\n\n<p>En total, la edici\u00f3n 2023 del Concurso Tom\u00e1s de Mattos recibi\u00f3 un total de 73 obras, incluyendo 36 cuentos y 37 poemas, destacando el compromiso y la creatividad de la nueva generaci\u00f3n literaria<\/p>\n","protected":false},"excerpt":{"rendered":"<p>Organizado por la Intendencia de Tacuaremb\u00f3, a trav\u00e9s de la Direcci\u00f3n de Juventud, y respaldado por el Instituto Nacional de Letras del Ministerio de Educaci\u00f3n y Cultura (MEC), el concurso celebr\u00f3 la participaci\u00f3n de j\u00f3venes talentos literarios entre las edades de 14 y 29 a\u00f1os.<\/p>\n","protected":false},"author":3,"featured_media":23468,"comment_status":"open","ping_status":"open","sticky":false,"template":"","format":"standard","meta":{"_eb_attr":"","footnotes":""},"categories":[32,16],"tags":[],"class_list":{"0":"post-23467","1":"post","2":"type-post","3":"status-publish","4":"format-standard","5":"has-post-thumbnail","7":"category-juventud","8":"category-noticias"},"_links":{"self":[{"href":"https:\/\/tacuarembo.gub.uy\/index.php?rest_route=\/wp\/v2\/posts\/23467","targetHints":{"allow":["GET"]}}],"collection":[{"href":"https:\/\/tacuarembo.gub.uy\/index.php?rest_route=\/wp\/v2\/posts"}],"about":[{"href":"https:\/\/tacuarembo.gub.uy\/index.php?rest_route=\/wp\/v2\/types\/post"}],"author":[{"embeddable":true,"href":"https:\/\/tacuarembo.gub.uy\/index.php?rest_route=\/wp\/v2\/users\/3"}],"replies":[{"embeddable":true,"href":"https:\/\/tacuarembo.gub.uy\/index.php?rest_route=%2Fwp%2Fv2%2Fcomments&post=23467"}],"version-history":[{"count":2,"href":"https:\/\/tacuarembo.gub.uy\/index.php?rest_route=\/wp\/v2\/posts\/23467\/revisions"}],"predecessor-version":[{"id":23470,"href":"https:\/\/tacuarembo.gub.uy\/index.php?rest_route=\/wp\/v2\/posts\/23467\/revisions\/23470"}],"wp:featuredmedia":[{"embeddable":true,"href":"https:\/\/tacuarembo.gub.uy\/index.php?rest_route=\/wp\/v2\/media\/23468"}],"wp:attachment":[{"href":"https:\/\/tacuarembo.gub.uy\/index.php?rest_route=%2Fwp%2Fv2%2Fmedia&parent=23467"}],"wp:term":[{"taxonomy":"category","embeddable":true,"href":"https:\/\/tacuarembo.gub.uy\/index.php?rest_route=%2Fwp%2Fv2%2Fcategories&post=23467"},{"taxonomy":"post_tag","embeddable":true,"href":"https:\/\/tacuarembo.gub.uy\/index.php?rest_route=%2Fwp%2Fv2%2Ftags&post=23467"}],"curies":[{"name":"wp","href":"https:\/\/api.w.org\/{rel}","templated":true}]}}