{"id":23452,"date":"2023-12-20T16:19:12","date_gmt":"2023-12-20T19:19:12","guid":{"rendered":"https:\/\/tacuarembo.gub.uy\/?p=23452"},"modified":"2023-12-20T17:36:12","modified_gmt":"2023-12-20T20:36:12","slug":"se-firmo-convenio-para-el-cierre-del-vertedero-a-cielo-abierto-y-la-implementacion-de-relleno-sanitario-en-tacuarembo","status":"publish","type":"post","link":"https:\/\/tacuarembo.gub.uy\/?p=23452","title":{"rendered":"Se firm\u00f3 convenio para el cierre del vertedero a cielo abierto y la implementaci\u00f3n de relleno sanitario en Tacuaremb\u00f3"},"content":{"rendered":"\n<p>En un importante paso en materia de gesti\u00f3n ambiental, la Intendencia de Tacuaremb\u00f3 firm\u00f3 un acuerdo con el Ministerio de Ambiente para clausurar un vertedero a cielo abierto y poner en marcha un relleno sanitario departamental.<\/p>\n\n\n\n<p>El Intendente Wilson Ezquerra destac\u00f3 que esta iniciativa, respaldada por una inversi\u00f3n de m\u00e1s de 4 millones de d\u00f3lares, cumple con las pol\u00edticas medioambientales y representa un esfuerzo conjunto. El Ministerio de Ambiente aportar\u00e1 800 mil d\u00f3lares, mientras que el gobierno departamental asumir\u00e1 el resto del compromiso.<\/p>\n\n\n\n<p>Subray\u00f3 la importancia de mejorar las condiciones de los vertederos y la gesti\u00f3n de residuos, enfatizando que ya se est\u00e1n implementando mejoras en los contenedores y explorando tecnolog\u00edas innovadoras. Adem\u00e1s, indic\u00f3 que tambi\u00e9n se mejorar\u00e1n las condiciones de aquellos que clasifican los residuos.<\/p>\n\n\n\n<p>El convenio se enmarca en la Pol\u00edtica Nacional de Residuos y la normativa vigente, seg\u00fan indic\u00f3 Bouvier, quien agradeci\u00f3 la participaci\u00f3n de los gobiernos departamentales. Las acciones se centran en la adecuaci\u00f3n ambiental de los sitios de disposici\u00f3n final y el fortalecimiento de capacidades operativas, avanzando hacia<br>un modelo de econom\u00eda circular.<\/p>\n\n\n\n<p>Con este acuerdo, ya son 12 los vertederos en proceso de cierre, aline\u00e1ndose con el Plan Nacional de Gesti\u00f3n de Residuos que busca clausurar todos los sitios de disposici\u00f3n final en el pa\u00eds para el a\u00f1o 2025.<\/p>\n\n\n\n<p>Los compromisos asumidos forman parte del Plan Nacional de Gesti\u00f3n de Residuos, una herramienta estrat\u00e9gica para lograr el desarrollo sostenible, abordando la dimensi\u00f3n ambiental, social y econ\u00f3mica, con 10 ejes estructurales y mecanismos de seguimiento y gobernanza.<\/p>\n\n\n\n\t\t<style type=\"text\/css\">\n\t\t\t#gallery-1 {\n\t\t\t\tmargin: auto;\n\t\t\t}\n\t\t\t#gallery-1 .gallery-item {\n\t\t\t\tfloat: left;\n\t\t\t\tmargin-top: 10px;\n\t\t\t\ttext-align: center;\n\t\t\t\twidth: 33%;\n\t\t\t}\n\t\t\t#gallery-1 img {\n\t\t\t\tborder: 2px solid #cfcfcf;\n\t\t\t}\n\t\t\t#gallery-1 .gallery-caption {\n\t\t\t\tmargin-left: 0;\n\t\t\t}\n\t\t\t\/* see gallery_shortcode() in wp-includes\/media.php *\/\n\t\t<\/style>\n\t\t<div id='gallery-1' class='gallery galleryid-23452 gallery-columns-3 gallery-size-full'><dl class='gallery-item'>\n\t\t\t<dt class='gallery-icon landscape'>\n\t\t\t\t<a href='https:\/\/tacuarembo.gub.uy\/?attachment_id=23459'><img loading=\"lazy\" decoding=\"async\" width=\"2048\" height=\"1098\" src=\"https:\/\/tacuarembo.gub.uy\/wp-content\/uploads\/WhatsApp-Image-2023-12-20-at-16.15.03.jpeg\" class=\"attachment-full size-full\" alt=\"\" srcset=\"https:\/\/tacuarembo.gub.uy\/wp-content\/uploads\/WhatsApp-Image-2023-12-20-at-16.15.03.jpeg 2048w, https:\/\/tacuarembo.gub.uy\/wp-content\/uploads\/WhatsApp-Image-2023-12-20-at-16.15.03-768x412.jpeg 768w, https:\/\/tacuarembo.gub.uy\/wp-content\/uploads\/WhatsApp-Image-2023-12-20-at-16.15.03-1536x824.jpeg 1536w\" sizes=\"auto, (max-width: 2048px) 100vw, 2048px\" \/><\/a>\n\t\t\t<\/dt><\/dl><dl class='gallery-item'>\n\t\t\t<dt class='gallery-icon landscape'>\n\t\t\t\t<a href='https:\/\/tacuarembo.gub.uy\/?attachment_id=23458'><img loading=\"lazy\" decoding=\"async\" width=\"2048\" height=\"1367\" src=\"https:\/\/tacuarembo.gub.uy\/wp-content\/uploads\/WhatsApp-Image-2023-12-20-at-16.15.04.jpeg\" class=\"attachment-full size-full\" alt=\"\" srcset=\"https:\/\/tacuarembo.gub.uy\/wp-content\/uploads\/WhatsApp-Image-2023-12-20-at-16.15.04.jpeg 2048w, https:\/\/tacuarembo.gub.uy\/wp-content\/uploads\/WhatsApp-Image-2023-12-20-at-16.15.04-768x513.jpeg 768w, https:\/\/tacuarembo.gub.uy\/wp-content\/uploads\/WhatsApp-Image-2023-12-20-at-16.15.04-1536x1025.jpeg 1536w\" sizes=\"auto, (max-width: 2048px) 100vw, 2048px\" \/><\/a>\n\t\t\t<\/dt><\/dl><dl class='gallery-item'>\n\t\t\t<dt class='gallery-icon landscape'>\n\t\t\t\t<a href='https:\/\/tacuarembo.gub.uy\/?attachment_id=23457'><img loading=\"lazy\" decoding=\"async\" width=\"2048\" height=\"1367\" src=\"https:\/\/tacuarembo.gub.uy\/wp-content\/uploads\/WhatsApp-Image-2023-12-20-at-16.15.041.jpeg\" class=\"attachment-full size-full\" alt=\"\" srcset=\"https:\/\/tacuarembo.gub.uy\/wp-content\/uploads\/WhatsApp-Image-2023-12-20-at-16.15.041.jpeg 2048w, https:\/\/tacuarembo.gub.uy\/wp-content\/uploads\/WhatsApp-Image-2023-12-20-at-16.15.041-768x513.jpeg 768w, https:\/\/tacuarembo.gub.uy\/wp-content\/uploads\/WhatsApp-Image-2023-12-20-at-16.15.041-1536x1025.jpeg 1536w\" sizes=\"auto, (max-width: 2048px) 100vw, 2048px\" \/><\/a>\n\t\t\t<\/dt><\/dl><br style=\"clear: both\" \/><dl class='gallery-item'>\n\t\t\t<dt class='gallery-icon landscape'>\n\t\t\t\t<a href='https:\/\/tacuarembo.gub.uy\/?attachment_id=23456'><img loading=\"lazy\" decoding=\"async\" width=\"2048\" height=\"1443\" src=\"https:\/\/tacuarembo.gub.uy\/wp-content\/uploads\/WhatsApp-Image-2023-12-20-at-16.15.17.jpeg\" class=\"attachment-full size-full\" alt=\"\" srcset=\"https:\/\/tacuarembo.gub.uy\/wp-content\/uploads\/WhatsApp-Image-2023-12-20-at-16.15.17.jpeg 2048w, https:\/\/tacuarembo.gub.uy\/wp-content\/uploads\/WhatsApp-Image-2023-12-20-at-16.15.17-200x140.jpeg 200w, https:\/\/tacuarembo.gub.uy\/wp-content\/uploads\/WhatsApp-Image-2023-12-20-at-16.15.17-768x541.jpeg 768w, https:\/\/tacuarembo.gub.uy\/wp-content\/uploads\/WhatsApp-Image-2023-12-20-at-16.15.17-1536x1082.jpeg 1536w\" sizes=\"auto, (max-width: 2048px) 100vw, 2048px\" \/><\/a>\n\t\t\t<\/dt><\/dl><dl class='gallery-item'>\n\t\t\t<dt class='gallery-icon landscape'>\n\t\t\t\t<a href='https:\/\/tacuarembo.gub.uy\/?attachment_id=23455'><img loading=\"lazy\" decoding=\"async\" width=\"2048\" height=\"1062\" src=\"https:\/\/tacuarembo.gub.uy\/wp-content\/uploads\/WhatsApp-Image-2023-12-20-at-16.15.56.jpeg\" class=\"attachment-full size-full\" alt=\"\" srcset=\"https:\/\/tacuarembo.gub.uy\/wp-content\/uploads\/WhatsApp-Image-2023-12-20-at-16.15.56.jpeg 2048w, https:\/\/tacuarembo.gub.uy\/wp-content\/uploads\/WhatsApp-Image-2023-12-20-at-16.15.56-768x398.jpeg 768w, https:\/\/tacuarembo.gub.uy\/wp-content\/uploads\/WhatsApp-Image-2023-12-20-at-16.15.56-1536x797.jpeg 1536w\" sizes=\"auto, (max-width: 2048px) 100vw, 2048px\" \/><\/a>\n\t\t\t<\/dt><\/dl>\n\t\t\t<br style='clear: both' \/>\n\t\t<\/div>\n\n\n\n<p><\/p>\n","protected":false},"excerpt":{"rendered":"<p>En un importante paso en materia de gesti\u00f3n ambiental, la Intendencia de Tacuaremb\u00f3 firm\u00f3 un acuerdo con el Ministerio de Ambiente para clausurar un vertedero a cielo abierto y poner en marcha un relleno sanitario departamental.<\/p>\n","protected":false},"author":3,"featured_media":23459,"comment_status":"open","ping_status":"open","sticky":false,"template":"","format":"standard","meta":{"_eb_attr":"","footnotes":""},"categories":[16],"tags":[],"class_list":{"0":"post-23452","1":"post","2":"type-post","3":"status-publish","4":"format-standard","5":"has-post-thumbnail","7":"category-noticias"},"_links":{"self":[{"href":"https:\/\/tacuarembo.gub.uy\/index.php?rest_route=\/wp\/v2\/posts\/23452","targetHints":{"allow":["GET"]}}],"collection":[{"href":"https:\/\/tacuarembo.gub.uy\/index.php?rest_route=\/wp\/v2\/posts"}],"about":[{"href":"https:\/\/tacuarembo.gub.uy\/index.php?rest_route=\/wp\/v2\/types\/post"}],"author":[{"embeddable":true,"href":"https:\/\/tacuarembo.gub.uy\/index.php?rest_route=\/wp\/v2\/users\/3"}],"replies":[{"embeddable":true,"href":"https:\/\/tacuarembo.gub.uy\/index.php?rest_route=%2Fwp%2Fv2%2Fcomments&post=23452"}],"version-history":[{"count":2,"href":"https:\/\/tacuarembo.gub.uy\/index.php?rest_route=\/wp\/v2\/posts\/23452\/revisions"}],"predecessor-version":[{"id":23464,"href":"https:\/\/tacuarembo.gub.uy\/index.php?rest_route=\/wp\/v2\/posts\/23452\/revisions\/23464"}],"wp:featuredmedia":[{"embeddable":true,"href":"https:\/\/tacuarembo.gub.uy\/index.php?rest_route=\/wp\/v2\/media\/23459"}],"wp:attachment":[{"href":"https:\/\/tacuarembo.gub.uy\/index.php?rest_route=%2Fwp%2Fv2%2Fmedia&parent=23452"}],"wp:term":[{"taxonomy":"category","embeddable":true,"href":"https:\/\/tacuarembo.gub.uy\/index.php?rest_route=%2Fwp%2Fv2%2Fcategories&post=23452"},{"taxonomy":"post_tag","embeddable":true,"href":"https:\/\/tacuarembo.gub.uy\/index.php?rest_route=%2Fwp%2Fv2%2Ftags&post=23452"}],"curies":[{"name":"wp","href":"https:\/\/api.w.org\/{rel}","templated":true}]}}