{"id":23364,"date":"2023-12-15T19:31:00","date_gmt":"2023-12-15T22:31:00","guid":{"rendered":"https:\/\/tacuarembo.gub.uy\/?p=23364"},"modified":"2023-12-15T23:14:08","modified_gmt":"2023-12-16T02:14:08","slug":"accesibilidad-omnibus-100-electricos-van-a-marcar-un-antes-y-un-despues-en-la-movilidad-de-tacuarembo","status":"publish","type":"post","link":"https:\/\/tacuarembo.gub.uy\/?p=23364","title":{"rendered":"Accesibilidad: \u00d3mnibus 100% el\u00e9ctricos \u201cvan a marcar un antes y un despu\u00e9s en la movilidad de Tacuaremb\u00f3\u201d"},"content":{"rendered":"\n<p>As\u00ed lo afirm\u00f3 el Intendente, Wilson Ezquerra, durante la presentaci\u00f3n de los dos primeros veh\u00edculos adquiridos para el transporte y la movilidad urbana en Tacuaremb\u00f3. Se\u00f1al\u00f3 que \u201cson modernos y tienen una gran accesibilidad, aspecto importante para nuestra sociedad y la inclusi\u00f3n que debemos generar permanentemente\u201d.<\/p>\n\n\n\n<p>Cada unidad \u201cbajan unos cent\u00edmetros para que suban con comodidad los adultos mayores y tienen puertas amplias para el acceso de personas con discapacidad\u201d.<\/p>\n\n\n\n<p>La presentaci\u00f3n de los \u00f3mnibus se llev\u00f3 a cabo en una jornada de intensas lluvias por el Norte del pa\u00eds pero fue recibida con gran alegr\u00eda.<\/p>\n\n\n\n<p>En el mismo sentido, a\u00f1adi\u00f3 que \u201cse trata de \u00f3mnibus marca Ankai para 28 personas, cuentan con una autonom\u00eda de 300 kil\u00f3metros y son unidades sin emisi\u00f3n sonora y de gases que van en la l\u00ednea de trabajo que queremos generar con las pol\u00edticas departamentales en materia de medio ambiente. Tienen aire acondicionado, cargadores en todos los asientos, puertos USB, entre otras caracter\u00edsticas especiales\u201d.<\/p>\n\n\n\n<p>El Intendente indic\u00f3 que \u201cesperamos que quienes hacen uso del transporte de pasajeros puedan disfrutar y cuidar este nuevo servicio que es propiedad de todos los tacuaremboenses\u201d. Adem\u00e1s, agradeci\u00f3 a los funcionarios que trabajaron en el proyecto presentado ante el MIEM, permitiendo acceder a estos dos primeros \u00f3mnibus 100% el\u00e9ctricos y adelant\u00f3 que llagar\u00e1 un tercero a Tacuaremb\u00f3.<\/p>\n\n\n\n<p>La adquisici\u00f3n se dio a trav\u00e9s de un concurso del Ministerio de Industria, Energ\u00eda y Miner\u00eda (MIEM) y se enmarca en el programa Subite Buses que promueve la incorporaci\u00f3n de veh\u00edculos el\u00e9ctricos en todo el pa\u00eds.<\/p>\n\n\n\n<p>Federico Zorrilla de Paleson -empresa proveedora de la marca Ankai-, agradeci\u00f3 al Proyecto Subite Buses y a la Intendencia de Tacuaremb\u00f3 por involucrarse y poner el empuje necesario para que las unidades lleguen al departamento: \u201cEs algo in\u00e9dito para una ciudad del interior en Latinoam\u00e9rica\u201d, expres\u00f3.<\/p>\n\n\n\n<p>En tanto, el asesor de la Direcci\u00f3n Nacional de Energ\u00eda del MIEM, Sebasti\u00e1n Lattanzio, le agradeci\u00f3 al Intendente Wilson Ezquerra por ser \u201cvaliente\u201d y \u201cjug\u00e1rsela\u201d con este proyecto que apunta a reducir el gasto de energ\u00eda.<\/p>\n\n\n\n\t\t<style type=\"text\/css\">\n\t\t\t#gallery-1 {\n\t\t\t\tmargin: auto;\n\t\t\t}\n\t\t\t#gallery-1 .gallery-item {\n\t\t\t\tfloat: left;\n\t\t\t\tmargin-top: 10px;\n\t\t\t\ttext-align: center;\n\t\t\t\twidth: 33%;\n\t\t\t}\n\t\t\t#gallery-1 img {\n\t\t\t\tborder: 2px solid #cfcfcf;\n\t\t\t}\n\t\t\t#gallery-1 .gallery-caption {\n\t\t\t\tmargin-left: 0;\n\t\t\t}\n\t\t\t\/* see gallery_shortcode() in wp-includes\/media.php *\/\n\t\t<\/style>\n\t\t<div id='gallery-1' class='gallery galleryid-23364 gallery-columns-3 gallery-size-thumbnail'><dl class='gallery-item'>\n\t\t\t<dt class='gallery-icon landscape'>\n\t\t\t\t<a href='https:\/\/tacuarembo.gub.uy\/?attachment_id=23365'><img loading=\"lazy\" decoding=\"async\" width=\"200\" height=\"140\" src=\"https:\/\/tacuarembo.gub.uy\/wp-content\/uploads\/IMG-20231215-WA0062-200x140.jpg\" class=\"attachment-thumbnail size-thumbnail\" alt=\"\" \/><\/a>\n\t\t\t<\/dt><\/dl><dl class='gallery-item'>\n\t\t\t<dt class='gallery-icon landscape'>\n\t\t\t\t<a href='https:\/\/tacuarembo.gub.uy\/?attachment_id=23366'><img loading=\"lazy\" decoding=\"async\" width=\"200\" height=\"140\" src=\"https:\/\/tacuarembo.gub.uy\/wp-content\/uploads\/IMG-20231215-WA0061-200x140.jpg\" class=\"attachment-thumbnail size-thumbnail\" alt=\"\" srcset=\"https:\/\/tacuarembo.gub.uy\/wp-content\/uploads\/IMG-20231215-WA0061-200x140.jpg 200w, https:\/\/tacuarembo.gub.uy\/wp-content\/uploads\/IMG-20231215-WA0061-768x538.jpg 768w, https:\/\/tacuarembo.gub.uy\/wp-content\/uploads\/IMG-20231215-WA0061.jpg 1024w\" sizes=\"auto, (max-width: 200px) 100vw, 200px\" \/><\/a>\n\t\t\t<\/dt><\/dl><dl class='gallery-item'>\n\t\t\t<dt class='gallery-icon landscape'>\n\t\t\t\t<a href='https:\/\/tacuarembo.gub.uy\/?attachment_id=23367'><img loading=\"lazy\" decoding=\"async\" width=\"200\" height=\"140\" src=\"https:\/\/tacuarembo.gub.uy\/wp-content\/uploads\/IMG-20231215-WA0058-200x140.jpg\" class=\"attachment-thumbnail size-thumbnail\" alt=\"\" \/><\/a>\n\t\t\t<\/dt><\/dl><br style=\"clear: both\" \/><dl class='gallery-item'>\n\t\t\t<dt class='gallery-icon landscape'>\n\t\t\t\t<a href='https:\/\/tacuarembo.gub.uy\/?attachment_id=23368'><img loading=\"lazy\" decoding=\"async\" width=\"200\" height=\"140\" src=\"https:\/\/tacuarembo.gub.uy\/wp-content\/uploads\/IMG-20231215-WA0059-200x140.jpg\" class=\"attachment-thumbnail size-thumbnail\" alt=\"\" \/><\/a>\n\t\t\t<\/dt><\/dl><dl class='gallery-item'>\n\t\t\t<dt class='gallery-icon landscape'>\n\t\t\t\t<a href='https:\/\/tacuarembo.gub.uy\/?attachment_id=23369'><img loading=\"lazy\" decoding=\"async\" width=\"200\" height=\"140\" src=\"https:\/\/tacuarembo.gub.uy\/wp-content\/uploads\/IMG-20231215-WA0060-200x140.jpg\" class=\"attachment-thumbnail size-thumbnail\" alt=\"\" \/><\/a>\n\t\t\t<\/dt><\/dl><dl class='gallery-item'>\n\t\t\t<dt class='gallery-icon landscape'>\n\t\t\t\t<a href='https:\/\/tacuarembo.gub.uy\/?attachment_id=23370'><img loading=\"lazy\" decoding=\"async\" width=\"200\" height=\"140\" src=\"https:\/\/tacuarembo.gub.uy\/wp-content\/uploads\/IMG-20231215-WA0057-200x140.jpg\" class=\"attachment-thumbnail size-thumbnail\" alt=\"\" \/><\/a>\n\t\t\t<\/dt><\/dl><br style=\"clear: both\" \/><dl class='gallery-item'>\n\t\t\t<dt class='gallery-icon landscape'>\n\t\t\t\t<a href='https:\/\/tacuarembo.gub.uy\/?attachment_id=23371'><img loading=\"lazy\" decoding=\"async\" width=\"200\" height=\"140\" src=\"https:\/\/tacuarembo.gub.uy\/wp-content\/uploads\/IMG-20231215-WA0056-200x140.jpg\" class=\"attachment-thumbnail size-thumbnail\" alt=\"\" \/><\/a>\n\t\t\t<\/dt><\/dl>\n\t\t\t<br style='clear: both' \/>\n\t\t<\/div>\n","protected":false},"excerpt":{"rendered":"<p>As\u00ed lo afirm\u00f3 el Intendente, Wilson Ezquerra, durante la presentaci\u00f3n de los dos primeros veh\u00edculos adquiridos para el transporte y la movilidad urbana en Tacuaremb\u00f3. Se\u00f1al\u00f3 que \u201cson modernos y tienen una gran accesibilidad, aspecto importante para nuestra sociedad y la inclusi\u00f3n que debemos generar permanentemente\u201d.<\/p>\n","protected":false},"author":3,"featured_media":23369,"comment_status":"open","ping_status":"open","sticky":false,"template":"","format":"standard","meta":{"_eb_attr":"","footnotes":""},"categories":[16],"tags":[],"class_list":{"0":"post-23364","1":"post","2":"type-post","3":"status-publish","4":"format-standard","5":"has-post-thumbnail","7":"category-noticias"},"_links":{"self":[{"href":"https:\/\/tacuarembo.gub.uy\/index.php?rest_route=\/wp\/v2\/posts\/23364","targetHints":{"allow":["GET"]}}],"collection":[{"href":"https:\/\/tacuarembo.gub.uy\/index.php?rest_route=\/wp\/v2\/posts"}],"about":[{"href":"https:\/\/tacuarembo.gub.uy\/index.php?rest_route=\/wp\/v2\/types\/post"}],"author":[{"embeddable":true,"href":"https:\/\/tacuarembo.gub.uy\/index.php?rest_route=\/wp\/v2\/users\/3"}],"replies":[{"embeddable":true,"href":"https:\/\/tacuarembo.gub.uy\/index.php?rest_route=%2Fwp%2Fv2%2Fcomments&post=23364"}],"version-history":[{"count":2,"href":"https:\/\/tacuarembo.gub.uy\/index.php?rest_route=\/wp\/v2\/posts\/23364\/revisions"}],"predecessor-version":[{"id":23373,"href":"https:\/\/tacuarembo.gub.uy\/index.php?rest_route=\/wp\/v2\/posts\/23364\/revisions\/23373"}],"wp:featuredmedia":[{"embeddable":true,"href":"https:\/\/tacuarembo.gub.uy\/index.php?rest_route=\/wp\/v2\/media\/23369"}],"wp:attachment":[{"href":"https:\/\/tacuarembo.gub.uy\/index.php?rest_route=%2Fwp%2Fv2%2Fmedia&parent=23364"}],"wp:term":[{"taxonomy":"category","embeddable":true,"href":"https:\/\/tacuarembo.gub.uy\/index.php?rest_route=%2Fwp%2Fv2%2Fcategories&post=23364"},{"taxonomy":"post_tag","embeddable":true,"href":"https:\/\/tacuarembo.gub.uy\/index.php?rest_route=%2Fwp%2Fv2%2Ftags&post=23364"}],"curies":[{"name":"wp","href":"https:\/\/api.w.org\/{rel}","templated":true}]}}