{"id":23360,"date":"2023-12-14T22:49:57","date_gmt":"2023-12-15T01:49:57","guid":{"rendered":"https:\/\/tacuarembo.gub.uy\/?p=23360"},"modified":"2023-12-15T18:07:31","modified_gmt":"2023-12-15T21:07:31","slug":"verano-comienza-a-funcionar-la-piscina-en-balenario-ipora","status":"publish","type":"post","link":"https:\/\/tacuarembo.gub.uy\/?p=23360","title":{"rendered":"Verano: comienza a funcionar la piscina en Balenario Ipor\u00e1"},"content":{"rendered":"\n<p>A partir de este viernes 15 de diciembre, la piscina de Balneario Ipor\u00e1 comienza a funcionar bajo la supervisi\u00f3n de la Intendencia de Tacuaremb\u00f3, dando inicio a la temporada de verano.<\/p>\n\n\n\n<p>Con un horario amplio, se contar\u00e1 con servicio de guardavidas de 10 a 20 en la piscina y de 12 a 20 en el lago.<\/p>\n\n\n<p><img loading=\"lazy\" decoding=\"async\" width=\"1080\" height=\"720\" class=\"alignnone size-full wp-image-23361\" src=\"https:\/\/tacuarembo.gub.uy\/wp-content\/uploads\/IMG-20231214-WA0052.jpg\" alt=\"\" srcset=\"https:\/\/tacuarembo.gub.uy\/wp-content\/uploads\/IMG-20231214-WA0052.jpg 1080w, https:\/\/tacuarembo.gub.uy\/wp-content\/uploads\/IMG-20231214-WA0052-768x512.jpg 768w\" sizes=\"auto, (max-width: 1080px) 100vw, 1080px\" \/> <img loading=\"lazy\" decoding=\"async\" width=\"1080\" height=\"720\" class=\"alignnone size-full wp-image-23362\" src=\"https:\/\/tacuarembo.gub.uy\/wp-content\/uploads\/IMG-20231214-WA0051.jpg\" alt=\"\" srcset=\"https:\/\/tacuarembo.gub.uy\/wp-content\/uploads\/IMG-20231214-WA0051.jpg 1080w, https:\/\/tacuarembo.gub.uy\/wp-content\/uploads\/IMG-20231214-WA0051-768x512.jpg 768w\" sizes=\"auto, (max-width: 1080px) 100vw, 1080px\" \/><\/p>","protected":false},"excerpt":{"rendered":"<p>A partir de este viernes 15 de diciembre, la piscina de Balneario Ipor\u00e1 comienza a funcionar bajo la supervisi\u00f3n de la Intendencia de Tacuaremb\u00f3, dando inicio a la temporada de verano<\/p>\n","protected":false},"author":3,"featured_media":23362,"comment_status":"open","ping_status":"open","sticky":false,"template":"","format":"standard","meta":{"_eb_attr":"","footnotes":""},"categories":[16],"tags":[],"class_list":{"0":"post-23360","1":"post","2":"type-post","3":"status-publish","4":"format-standard","5":"has-post-thumbnail","7":"category-noticias"},"_links":{"self":[{"href":"https:\/\/tacuarembo.gub.uy\/index.php?rest_route=\/wp\/v2\/posts\/23360","targetHints":{"allow":["GET"]}}],"collection":[{"href":"https:\/\/tacuarembo.gub.uy\/index.php?rest_route=\/wp\/v2\/posts"}],"about":[{"href":"https:\/\/tacuarembo.gub.uy\/index.php?rest_route=\/wp\/v2\/types\/post"}],"author":[{"embeddable":true,"href":"https:\/\/tacuarembo.gub.uy\/index.php?rest_route=\/wp\/v2\/users\/3"}],"replies":[{"embeddable":true,"href":"https:\/\/tacuarembo.gub.uy\/index.php?rest_route=%2Fwp%2Fv2%2Fcomments&post=23360"}],"version-history":[{"count":1,"href":"https:\/\/tacuarembo.gub.uy\/index.php?rest_route=\/wp\/v2\/posts\/23360\/revisions"}],"predecessor-version":[{"id":23363,"href":"https:\/\/tacuarembo.gub.uy\/index.php?rest_route=\/wp\/v2\/posts\/23360\/revisions\/23363"}],"wp:featuredmedia":[{"embeddable":true,"href":"https:\/\/tacuarembo.gub.uy\/index.php?rest_route=\/wp\/v2\/media\/23362"}],"wp:attachment":[{"href":"https:\/\/tacuarembo.gub.uy\/index.php?rest_route=%2Fwp%2Fv2%2Fmedia&parent=23360"}],"wp:term":[{"taxonomy":"category","embeddable":true,"href":"https:\/\/tacuarembo.gub.uy\/index.php?rest_route=%2Fwp%2Fv2%2Fcategories&post=23360"},{"taxonomy":"post_tag","embeddable":true,"href":"https:\/\/tacuarembo.gub.uy\/index.php?rest_route=%2Fwp%2Fv2%2Ftags&post=23360"}],"curies":[{"name":"wp","href":"https:\/\/api.w.org\/{rel}","templated":true}]}}