{"id":23322,"date":"2023-12-14T10:27:26","date_gmt":"2023-12-14T13:27:26","guid":{"rendered":"https:\/\/tacuarembo.gub.uy\/?p=23322"},"modified":"2023-12-14T10:27:30","modified_gmt":"2023-12-14T13:27:30","slug":"tacuarembo-vivira-un-mes-de-fiesta-con-el-carnaval-2024","status":"publish","type":"post","link":"https:\/\/tacuarembo.gub.uy\/?p=23322","title":{"rendered":"Tacuaremb\u00f3 vivir\u00e1 un mes de fiesta con el Carnaval 2024"},"content":{"rendered":"\n<p>La Fiesta de Carnaval se extender\u00e1 desde el 27 de enero hasta el 25 de febrero y, como todos los a\u00f1os, brindar\u00e1 la posibilidad de disfrutar de concursos, actuaci\u00f3n de murgas y negros y lubolos, desfiles, llamadas, escenarios barriales y tamboriles.<\/p>\n\n\n\n<p>Precisamente, la Comisi\u00f3n Organizadora del Carnaval de Tacuaremb\u00f3 present\u00f3 la grilla 2024 durante una conferencia en donde estuvieron presentes todos sus integrantes.<\/p>\n\n\n\n<p>El secretario general de la IDT, Jos\u00e9 Omar Men\u00e9ndez, agradeci\u00f3 el esfuerzo que hay detr\u00e1s de de esta fiesta popular y a\u00f1adi\u00f3 que \u201csomos conscientes que a\u00f1o a a\u00f1o ha venido mejorando en Tacuaremb\u00f3 y es una actividad tradicional y relevante en Uruguay\u201d.<\/p>\n\n\n\n<p>En tanto, el presidente de la Comisi\u00f3n Organizadora de Carnaval, Camilo Guti\u00e9rrez, agradeci\u00f3 a todos los que colaboran para su realizaci\u00f3n y asegur\u00f3 que \u201cTacuaremb\u00f3 vivir\u00e1 un mes de fiesta\u201d.<\/p>\n\n\n\n<p>Calendario<\/p>\n\n\n\n<ul class=\"wp-block-list\">\n<li>27 de enero: Elecci\u00f3n de Reinas en la Laguna de las Lavanderas y show musicales a cargo de La Descarga y Cartilha do Samba que llegar\u00e1n desde Brasil.<\/li>\n\n\n\n<li>4 de febrero: Desfile Inaugural por Avenida Oribe que ser\u00e1 acondicionada especialmente para la ocasi\u00f3n.<\/li>\n\n\n\n<li>Desde el 28 de enero al 11 de febrero: Semana de los Tablados.<\/li>\n\n\n\n<li>Del 11 al 16 de febrero: Primera Rueda del Concurso de Carnaval en el Parque Rod\u00f3.<\/li>\n\n\n\n<li>17 de febrero: Desfile Infantil en Avenida Aparicio Saravia.<\/li>\n\n\n\n<li>18 de febrero: Llamadas del Norte \u201cMartha Gularte\u201d por la Avenida Oribe.<\/li>\n\n\n\n<li>Del 19 al 23 de febrero: Segunda rueda del Concurso de Carnaval en el Parque Rod\u00f3.<\/li>\n\n\n\n<li>24 de febrero: Desfile Entierro por la Avenida Oribe.<\/li>\n\n\n\n<li>25 de febrero: Entrega de premios en el Parque Rod\u00f3.<\/li>\n<\/ul>\n\n\n\n<p>Guti\u00e9rrez detall\u00f3 que se contar\u00e1 con la participaci\u00f3n a nivel local de cinco murgas: Inconsciente Colectivo, La Sencillita, Do\u00f1a Florinda, Salt\u00f3 el Churr\u00e9 y Los Aut\u00e9nticos Pierrots. En comparsas estar\u00e1n presentes La Decana, Lonjas Bohemias, La Bant\u00fa y Nuevo Tronar del Sand\u00fa y Alas del Candombe.<\/p>\n\n\n\n<p>El Premio de Tablados llevar\u00e1 el nombre del artista tacuaremboense Juan Jos\u00e9 Lucas; el Premio en Murgas homenajear\u00e1 este a\u00f1o al humorista Don Homero Velazco; y el Premio en Sociedad de Negros y Lubolos se denomin\u00f3 Tom\u00e1s S\u00e1nchez (fundador de la decana Lonjas Bohemias).<\/p>\n\n\n\n<p>Por otra parte, qued\u00f3 conformado el jurado en la categor\u00eda Sociedad de Negros y Lubolos, el cual estar\u00e1 a cargo de Enrique \u201cPapo\u201d Guzm\u00e1n, Oscar Monta\u00f1o y Rafael Mart\u00ednez. En la Categor\u00eda Murgas, el jurado actuante ser\u00e1 Carolina G\u00f3mez, Daniela Marotta, Guillermo Reinan y Diego Berardi.<\/p>\n\n\n\n<p>Nuevamente se llevar\u00e1 adelante el Concurso de Afiches para el cual se podr\u00e1n presentar trabajos hasta el 6 de enero. En tanto, las inscripciones a Reinas Infantiles, de Llamadas y Carnaval se recibir\u00e1n hasta el 12 de enero.<\/p>\n\n\n\n<p>En ambos casos se realizan a trav\u00e9s del sitio de la Intendencia de Tacuaremb\u00f3<\/p>\n\n\n\n<p><a href=\"https:\/\/tacuarembo.gub.uy\">https:\/\/tacuarembo.gub.uy<\/a> <\/p>\n\n\n\n\t\t<style type=\"text\/css\">\n\t\t\t#gallery-1 {\n\t\t\t\tmargin: auto;\n\t\t\t}\n\t\t\t#gallery-1 .gallery-item {\n\t\t\t\tfloat: left;\n\t\t\t\tmargin-top: 10px;\n\t\t\t\ttext-align: center;\n\t\t\t\twidth: 33%;\n\t\t\t}\n\t\t\t#gallery-1 img {\n\t\t\t\tborder: 2px solid #cfcfcf;\n\t\t\t}\n\t\t\t#gallery-1 .gallery-caption {\n\t\t\t\tmargin-left: 0;\n\t\t\t}\n\t\t\t\/* see gallery_shortcode() in wp-includes\/media.php *\/\n\t\t<\/style>\n\t\t<div id='gallery-1' class='gallery galleryid-23322 gallery-columns-3 gallery-size-full'><dl class='gallery-item'>\n\t\t\t<dt class='gallery-icon landscape'>\n\t\t\t\t<a href='https:\/\/tacuarembo.gub.uy\/?attachment_id=23333'><img loading=\"lazy\" decoding=\"async\" width=\"2000\" height=\"934\" src=\"https:\/\/tacuarembo.gub.uy\/wp-content\/uploads\/WhatsApp-Image-2023-12-14-at-10.08.49.jpeg\" class=\"attachment-full size-full\" alt=\"\" srcset=\"https:\/\/tacuarembo.gub.uy\/wp-content\/uploads\/WhatsApp-Image-2023-12-14-at-10.08.49.jpeg 2000w, https:\/\/tacuarembo.gub.uy\/wp-content\/uploads\/WhatsApp-Image-2023-12-14-at-10.08.49-768x359.jpeg 768w, https:\/\/tacuarembo.gub.uy\/wp-content\/uploads\/WhatsApp-Image-2023-12-14-at-10.08.49-1536x717.jpeg 1536w\" sizes=\"auto, (max-width: 2000px) 100vw, 2000px\" \/><\/a>\n\t\t\t<\/dt><\/dl><dl class='gallery-item'>\n\t\t\t<dt class='gallery-icon landscape'>\n\t\t\t\t<a href='https:\/\/tacuarembo.gub.uy\/?attachment_id=23329'><img loading=\"lazy\" decoding=\"async\" width=\"1600\" height=\"1066\" src=\"https:\/\/tacuarembo.gub.uy\/wp-content\/uploads\/WhatsApp-Image-2023-12-14-at-10.09.50.jpeg\" class=\"attachment-full size-full\" alt=\"\" srcset=\"https:\/\/tacuarembo.gub.uy\/wp-content\/uploads\/WhatsApp-Image-2023-12-14-at-10.09.50.jpeg 1600w, https:\/\/tacuarembo.gub.uy\/wp-content\/uploads\/WhatsApp-Image-2023-12-14-at-10.09.50-768x512.jpeg 768w, https:\/\/tacuarembo.gub.uy\/wp-content\/uploads\/WhatsApp-Image-2023-12-14-at-10.09.50-1536x1023.jpeg 1536w\" sizes=\"auto, (max-width: 1600px) 100vw, 1600px\" \/><\/a>\n\t\t\t<\/dt><\/dl><dl class='gallery-item'>\n\t\t\t<dt class='gallery-icon landscape'>\n\t\t\t\t<a href='https:\/\/tacuarembo.gub.uy\/?attachment_id=23330'><img loading=\"lazy\" decoding=\"async\" width=\"2048\" height=\"1547\" src=\"https:\/\/tacuarembo.gub.uy\/wp-content\/uploads\/WhatsApp-Image-2023-12-14-at-10.08.50.jpeg\" class=\"attachment-full size-full\" alt=\"\" srcset=\"https:\/\/tacuarembo.gub.uy\/wp-content\/uploads\/WhatsApp-Image-2023-12-14-at-10.08.50.jpeg 2048w, https:\/\/tacuarembo.gub.uy\/wp-content\/uploads\/WhatsApp-Image-2023-12-14-at-10.08.50-768x580.jpeg 768w, https:\/\/tacuarembo.gub.uy\/wp-content\/uploads\/WhatsApp-Image-2023-12-14-at-10.08.50-1536x1160.jpeg 1536w\" sizes=\"auto, (max-width: 2048px) 100vw, 2048px\" \/><\/a>\n\t\t\t<\/dt><\/dl><br style=\"clear: both\" \/><dl class='gallery-item'>\n\t\t\t<dt class='gallery-icon landscape'>\n\t\t\t\t<a href='https:\/\/tacuarembo.gub.uy\/?attachment_id=23334'><img loading=\"lazy\" decoding=\"async\" width=\"2048\" height=\"1196\" src=\"https:\/\/tacuarembo.gub.uy\/wp-content\/uploads\/WhatsApp-Image-2023-12-14-at-10.08.48.jpeg\" class=\"attachment-full size-full\" alt=\"\" srcset=\"https:\/\/tacuarembo.gub.uy\/wp-content\/uploads\/WhatsApp-Image-2023-12-14-at-10.08.48.jpeg 2048w, https:\/\/tacuarembo.gub.uy\/wp-content\/uploads\/WhatsApp-Image-2023-12-14-at-10.08.48-768x449.jpeg 768w, https:\/\/tacuarembo.gub.uy\/wp-content\/uploads\/WhatsApp-Image-2023-12-14-at-10.08.48-1536x897.jpeg 1536w\" sizes=\"auto, (max-width: 2048px) 100vw, 2048px\" \/><\/a>\n\t\t\t<\/dt><\/dl><dl class='gallery-item'>\n\t\t\t<dt class='gallery-icon landscape'>\n\t\t\t\t<a href='https:\/\/tacuarembo.gub.uy\/?attachment_id=23325'><img loading=\"lazy\" decoding=\"async\" width=\"1600\" height=\"1066\" src=\"https:\/\/tacuarembo.gub.uy\/wp-content\/uploads\/WhatsApp-Image-2023-12-14-at-10.09.51.jpeg\" class=\"attachment-full size-full\" alt=\"\" srcset=\"https:\/\/tacuarembo.gub.uy\/wp-content\/uploads\/WhatsApp-Image-2023-12-14-at-10.09.51.jpeg 1600w, https:\/\/tacuarembo.gub.uy\/wp-content\/uploads\/WhatsApp-Image-2023-12-14-at-10.09.51-768x512.jpeg 768w, https:\/\/tacuarembo.gub.uy\/wp-content\/uploads\/WhatsApp-Image-2023-12-14-at-10.09.51-1536x1023.jpeg 1536w\" sizes=\"auto, (max-width: 1600px) 100vw, 1600px\" \/><\/a>\n\t\t\t<\/dt><\/dl><dl class='gallery-item'>\n\t\t\t<dt class='gallery-icon landscape'>\n\t\t\t\t<a href='https:\/\/tacuarembo.gub.uy\/?attachment_id=23323'><img loading=\"lazy\" decoding=\"async\" width=\"1600\" height=\"1066\" src=\"https:\/\/tacuarembo.gub.uy\/wp-content\/uploads\/WhatsApp-Image-2023-12-14-at-10.09.512.jpeg\" class=\"attachment-full size-full\" alt=\"\" srcset=\"https:\/\/tacuarembo.gub.uy\/wp-content\/uploads\/WhatsApp-Image-2023-12-14-at-10.09.512.jpeg 1600w, https:\/\/tacuarembo.gub.uy\/wp-content\/uploads\/WhatsApp-Image-2023-12-14-at-10.09.512-768x512.jpeg 768w, https:\/\/tacuarembo.gub.uy\/wp-content\/uploads\/WhatsApp-Image-2023-12-14-at-10.09.512-1536x1023.jpeg 1536w\" sizes=\"auto, (max-width: 1600px) 100vw, 1600px\" \/><\/a>\n\t\t\t<\/dt><\/dl><br style=\"clear: both\" \/><dl class='gallery-item'>\n\t\t\t<dt class='gallery-icon landscape'>\n\t\t\t\t<a href='https:\/\/tacuarembo.gub.uy\/?attachment_id=23327'><img loading=\"lazy\" decoding=\"async\" width=\"1600\" height=\"1066\" src=\"https:\/\/tacuarembo.gub.uy\/wp-content\/uploads\/WhatsApp-Image-2023-12-14-at-10.09.502.jpeg\" class=\"attachment-full size-full\" alt=\"\" srcset=\"https:\/\/tacuarembo.gub.uy\/wp-content\/uploads\/WhatsApp-Image-2023-12-14-at-10.09.502.jpeg 1600w, https:\/\/tacuarembo.gub.uy\/wp-content\/uploads\/WhatsApp-Image-2023-12-14-at-10.09.502-768x512.jpeg 768w, https:\/\/tacuarembo.gub.uy\/wp-content\/uploads\/WhatsApp-Image-2023-12-14-at-10.09.502-1536x1023.jpeg 1536w\" sizes=\"auto, (max-width: 1600px) 100vw, 1600px\" \/><\/a>\n\t\t\t<\/dt><\/dl><dl class='gallery-item'>\n\t\t\t<dt class='gallery-icon landscape'>\n\t\t\t\t<a href='https:\/\/tacuarembo.gub.uy\/?attachment_id=23328'><img loading=\"lazy\" decoding=\"async\" width=\"1600\" height=\"1066\" src=\"https:\/\/tacuarembo.gub.uy\/wp-content\/uploads\/WhatsApp-Image-2023-12-14-at-10.09.501.jpeg\" class=\"attachment-full size-full\" alt=\"\" srcset=\"https:\/\/tacuarembo.gub.uy\/wp-content\/uploads\/WhatsApp-Image-2023-12-14-at-10.09.501.jpeg 1600w, https:\/\/tacuarembo.gub.uy\/wp-content\/uploads\/WhatsApp-Image-2023-12-14-at-10.09.501-768x512.jpeg 768w, https:\/\/tacuarembo.gub.uy\/wp-content\/uploads\/WhatsApp-Image-2023-12-14-at-10.09.501-1536x1023.jpeg 1536w\" sizes=\"auto, (max-width: 1600px) 100vw, 1600px\" \/><\/a>\n\t\t\t<\/dt><\/dl><dl class='gallery-item'>\n\t\t\t<dt class='gallery-icon landscape'>\n\t\t\t\t<a href='https:\/\/tacuarembo.gub.uy\/?attachment_id=23324'><img loading=\"lazy\" decoding=\"async\" width=\"1600\" height=\"1066\" src=\"https:\/\/tacuarembo.gub.uy\/wp-content\/uploads\/WhatsApp-Image-2023-12-14-at-10.09.511.jpeg\" class=\"attachment-full size-full\" alt=\"\" srcset=\"https:\/\/tacuarembo.gub.uy\/wp-content\/uploads\/WhatsApp-Image-2023-12-14-at-10.09.511.jpeg 1600w, https:\/\/tacuarembo.gub.uy\/wp-content\/uploads\/WhatsApp-Image-2023-12-14-at-10.09.511-768x512.jpeg 768w, https:\/\/tacuarembo.gub.uy\/wp-content\/uploads\/WhatsApp-Image-2023-12-14-at-10.09.511-1536x1023.jpeg 1536w\" sizes=\"auto, (max-width: 1600px) 100vw, 1600px\" \/><\/a>\n\t\t\t<\/dt><\/dl><br style=\"clear: both\" \/><dl class='gallery-item'>\n\t\t\t<dt class='gallery-icon landscape'>\n\t\t\t\t<a href='https:\/\/tacuarembo.gub.uy\/?attachment_id=23331'><img loading=\"lazy\" decoding=\"async\" width=\"2048\" height=\"1367\" src=\"https:\/\/tacuarembo.gub.uy\/wp-content\/uploads\/WhatsApp-Image-2023-12-14-at-10.08.492.jpeg\" class=\"attachment-full size-full\" alt=\"\" srcset=\"https:\/\/tacuarembo.gub.uy\/wp-content\/uploads\/WhatsApp-Image-2023-12-14-at-10.08.492.jpeg 2048w, https:\/\/tacuarembo.gub.uy\/wp-content\/uploads\/WhatsApp-Image-2023-12-14-at-10.08.492-768x513.jpeg 768w, https:\/\/tacuarembo.gub.uy\/wp-content\/uploads\/WhatsApp-Image-2023-12-14-at-10.08.492-1536x1025.jpeg 1536w\" sizes=\"auto, (max-width: 2048px) 100vw, 2048px\" \/><\/a>\n\t\t\t<\/dt><\/dl><dl class='gallery-item'>\n\t\t\t<dt class='gallery-icon landscape'>\n\t\t\t\t<a href='https:\/\/tacuarembo.gub.uy\/?attachment_id=23332'><img loading=\"lazy\" decoding=\"async\" width=\"2048\" height=\"1041\" src=\"https:\/\/tacuarembo.gub.uy\/wp-content\/uploads\/WhatsApp-Image-2023-12-14-at-10.08.491.jpeg\" class=\"attachment-full size-full\" alt=\"\" srcset=\"https:\/\/tacuarembo.gub.uy\/wp-content\/uploads\/WhatsApp-Image-2023-12-14-at-10.08.491.jpeg 2048w, https:\/\/tacuarembo.gub.uy\/wp-content\/uploads\/WhatsApp-Image-2023-12-14-at-10.08.491-768x390.jpeg 768w, https:\/\/tacuarembo.gub.uy\/wp-content\/uploads\/WhatsApp-Image-2023-12-14-at-10.08.491-1536x781.jpeg 1536w\" sizes=\"auto, (max-width: 2048px) 100vw, 2048px\" \/><\/a>\n\t\t\t<\/dt><\/dl><dl class='gallery-item'>\n\t\t\t<dt class='gallery-icon landscape'>\n\t\t\t\t<a href='https:\/\/tacuarembo.gub.uy\/?attachment_id=23326'><img loading=\"lazy\" decoding=\"async\" width=\"1600\" height=\"1059\" src=\"https:\/\/tacuarembo.gub.uy\/wp-content\/uploads\/WhatsApp-Image-2023-12-14-at-10.09.503.jpeg\" class=\"attachment-full size-full\" alt=\"\" srcset=\"https:\/\/tacuarembo.gub.uy\/wp-content\/uploads\/WhatsApp-Image-2023-12-14-at-10.09.503.jpeg 1600w, https:\/\/tacuarembo.gub.uy\/wp-content\/uploads\/WhatsApp-Image-2023-12-14-at-10.09.503-768x508.jpeg 768w, https:\/\/tacuarembo.gub.uy\/wp-content\/uploads\/WhatsApp-Image-2023-12-14-at-10.09.503-1536x1017.jpeg 1536w\" sizes=\"auto, (max-width: 1600px) 100vw, 1600px\" \/><\/a>\n\t\t\t<\/dt><\/dl><br style=\"clear: both\" \/>\n\t\t<\/div>\n","protected":false},"excerpt":{"rendered":"<p>La Fiesta de Carnaval se extender\u00e1 desde el 27 de enero hasta el 25 de febrero y, como todos los a\u00f1os, brindar\u00e1 la posibilidad de disfrutar de concursos, actuaci\u00f3n de murgas y negros y lubolos, desfiles, llamadas, escenarios barriales y tamboriles<\/p>\n","protected":false},"author":3,"featured_media":23332,"comment_status":"open","ping_status":"open","sticky":false,"template":"","format":"standard","meta":{"_eb_attr":"","footnotes":""},"categories":[18,16],"tags":[],"class_list":{"0":"post-23322","1":"post","2":"type-post","3":"status-publish","4":"format-standard","5":"has-post-thumbnail","7":"category-cultura","8":"category-noticias"},"_links":{"self":[{"href":"https:\/\/tacuarembo.gub.uy\/index.php?rest_route=\/wp\/v2\/posts\/23322","targetHints":{"allow":["GET"]}}],"collection":[{"href":"https:\/\/tacuarembo.gub.uy\/index.php?rest_route=\/wp\/v2\/posts"}],"about":[{"href":"https:\/\/tacuarembo.gub.uy\/index.php?rest_route=\/wp\/v2\/types\/post"}],"author":[{"embeddable":true,"href":"https:\/\/tacuarembo.gub.uy\/index.php?rest_route=\/wp\/v2\/users\/3"}],"replies":[{"embeddable":true,"href":"https:\/\/tacuarembo.gub.uy\/index.php?rest_route=%2Fwp%2Fv2%2Fcomments&post=23322"}],"version-history":[{"count":1,"href":"https:\/\/tacuarembo.gub.uy\/index.php?rest_route=\/wp\/v2\/posts\/23322\/revisions"}],"predecessor-version":[{"id":23335,"href":"https:\/\/tacuarembo.gub.uy\/index.php?rest_route=\/wp\/v2\/posts\/23322\/revisions\/23335"}],"wp:featuredmedia":[{"embeddable":true,"href":"https:\/\/tacuarembo.gub.uy\/index.php?rest_route=\/wp\/v2\/media\/23332"}],"wp:attachment":[{"href":"https:\/\/tacuarembo.gub.uy\/index.php?rest_route=%2Fwp%2Fv2%2Fmedia&parent=23322"}],"wp:term":[{"taxonomy":"category","embeddable":true,"href":"https:\/\/tacuarembo.gub.uy\/index.php?rest_route=%2Fwp%2Fv2%2Fcategories&post=23322"},{"taxonomy":"post_tag","embeddable":true,"href":"https:\/\/tacuarembo.gub.uy\/index.php?rest_route=%2Fwp%2Fv2%2Ftags&post=23322"}],"curies":[{"name":"wp","href":"https:\/\/api.w.org\/{rel}","templated":true}]}}