{"id":23314,"date":"2023-12-13T21:08:38","date_gmt":"2023-12-14T00:08:38","guid":{"rendered":"https:\/\/tacuarembo.gub.uy\/?p=23314"},"modified":"2023-12-13T21:08:41","modified_gmt":"2023-12-14T00:08:41","slug":"patria-gaucha-2024-una-celebracion-extendida-llena-de-tradicion-y-juventud","status":"publish","type":"post","link":"https:\/\/tacuarembo.gub.uy\/?p=23314","title":{"rendered":"Patria Gaucha 2024: Una celebraci\u00f3n extendida llena de tradici\u00f3n y juventud"},"content":{"rendered":"\n<p>Del 2 al 10 de marzo de 2024, la celebraci\u00f3n de la Patria Gaucha regresa con m\u00e1s d\u00edas para disfrutar y con un enfoque especial en la preservaci\u00f3n de las tradiciones rurales y el impulso de la juventud.<\/p>\n\n\n\n<p>El afiche oficial, una obra maestra creada por el talentoso pintor Fernando Fraga, destaca la figura de la Flor del Pago. En esta obra, la flor se presenta mirando la banda en cuero, expresando su fuerte sentido de pertenencia a las ra\u00edces culturales de la regi\u00f3n.<\/p>\n\n\n\n<p>En escenario principal lleva en esta edici\u00f3n el nombre del inigualable Luis Landriscina, en homenaje al humorista y actor.<\/p>\n\n\n\n<p>Un aspecto destacado de este a\u00f1o es el Certamen Flor del Pago, que llevar\u00e1 el nombre de la madrina de la Patria Gaucha, Laetitia D&#8217;Aremberg.<\/p>\n\n\n\n<p>El tema central de la fiesta ser\u00e1 \u00abLos j\u00f3venes en la vida rural\u201d, con campamentos tem\u00e1ticos que ofrecer\u00e1n representaciones aut\u00e9nticas y transportar\u00e1n a los visitantes a la vida rural hasta la d\u00e9cada de 1920.<\/p>\n\n\n\n<p>La diversidad musical estar\u00e1 presente con la participaci\u00f3n confirmada de artistas de diversos g\u00e9neros, tales como: Luciano Pereyra, El Indio Rojas, M\u00e1rama, Los Totora y Luck Ra.<\/p>\n\n\n\n<p>Para los amantes del canto nacional, se presentar\u00e1n Copla Alta, Cathi Vergnes, Numa Moraes y Carlos Malo.<\/p>\n\n\n\n<p>Adem\u00e1s, el primer fin de semana ser\u00e1 testigo del Primer Concurso Nacional de Danzas, llevado a cabo en honor al profesor Uruguay Nieto, una figura destacada en la promoci\u00f3n de las danzas tradicionales.<\/p>\n\n\n\n\t\t<style type=\"text\/css\">\n\t\t\t#gallery-1 {\n\t\t\t\tmargin: auto;\n\t\t\t}\n\t\t\t#gallery-1 .gallery-item {\n\t\t\t\tfloat: left;\n\t\t\t\tmargin-top: 10px;\n\t\t\t\ttext-align: center;\n\t\t\t\twidth: 33%;\n\t\t\t}\n\t\t\t#gallery-1 img {\n\t\t\t\tborder: 2px solid #cfcfcf;\n\t\t\t}\n\t\t\t#gallery-1 .gallery-caption {\n\t\t\t\tmargin-left: 0;\n\t\t\t}\n\t\t\t\/* see gallery_shortcode() in wp-includes\/media.php *\/\n\t\t<\/style>\n\t\t<div id='gallery-1' class='gallery galleryid-23314 gallery-columns-3 gallery-size-thumbnail'><dl class='gallery-item'>\n\t\t\t<dt class='gallery-icon landscape'>\n\t\t\t\t<a href='https:\/\/tacuarembo.gub.uy\/?attachment_id=23315'><img loading=\"lazy\" decoding=\"async\" width=\"200\" height=\"140\" src=\"https:\/\/tacuarembo.gub.uy\/wp-content\/uploads\/IMG-20231213-WA0061-200x140.jpg\" class=\"attachment-thumbnail size-thumbnail\" alt=\"\" \/><\/a>\n\t\t\t<\/dt><\/dl><dl class='gallery-item'>\n\t\t\t<dt class='gallery-icon landscape'>\n\t\t\t\t<a href='https:\/\/tacuarembo.gub.uy\/?attachment_id=23316'><img loading=\"lazy\" decoding=\"async\" width=\"200\" height=\"140\" src=\"https:\/\/tacuarembo.gub.uy\/wp-content\/uploads\/IMG-20231213-WA0058-200x140.jpg\" class=\"attachment-thumbnail size-thumbnail\" alt=\"\" \/><\/a>\n\t\t\t<\/dt><\/dl><dl class='gallery-item'>\n\t\t\t<dt class='gallery-icon landscape'>\n\t\t\t\t<a href='https:\/\/tacuarembo.gub.uy\/?attachment_id=23317'><img loading=\"lazy\" decoding=\"async\" width=\"200\" height=\"140\" src=\"https:\/\/tacuarembo.gub.uy\/wp-content\/uploads\/IMG-20231213-WA0059-200x140.jpg\" class=\"attachment-thumbnail size-thumbnail\" alt=\"\" \/><\/a>\n\t\t\t<\/dt><\/dl><br style=\"clear: both\" \/><dl class='gallery-item'>\n\t\t\t<dt class='gallery-icon landscape'>\n\t\t\t\t<a href='https:\/\/tacuarembo.gub.uy\/?attachment_id=23318'><img loading=\"lazy\" decoding=\"async\" width=\"200\" height=\"140\" src=\"https:\/\/tacuarembo.gub.uy\/wp-content\/uploads\/IMG-20231213-WA0060-200x140.jpg\" class=\"attachment-thumbnail size-thumbnail\" alt=\"\" \/><\/a>\n\t\t\t<\/dt><\/dl><dl class='gallery-item'>\n\t\t\t<dt class='gallery-icon landscape'>\n\t\t\t\t<a href='https:\/\/tacuarembo.gub.uy\/?attachment_id=23319'><img loading=\"lazy\" decoding=\"async\" width=\"200\" height=\"140\" src=\"https:\/\/tacuarembo.gub.uy\/wp-content\/uploads\/IMG-20231213-WA0057-200x140.jpg\" class=\"attachment-thumbnail size-thumbnail\" alt=\"\" \/><\/a>\n\t\t\t<\/dt><\/dl>\n\t\t\t<br style='clear: both' \/>\n\t\t<\/div>\n","protected":false},"excerpt":{"rendered":"<p>Del 2 al 10 de marzo de 2024, la celebraci\u00f3n de la Patria Gaucha regresa con m\u00e1s d\u00edas para disfrutar y con un enfoque especial en la preservaci\u00f3n de las tradiciones rurales y el impulso de la juventud<\/p>\n","protected":false},"author":3,"featured_media":23318,"comment_status":"open","ping_status":"open","sticky":false,"template":"","format":"standard","meta":{"_eb_attr":"","footnotes":""},"categories":[16],"tags":[],"class_list":{"0":"post-23314","1":"post","2":"type-post","3":"status-publish","4":"format-standard","5":"has-post-thumbnail","7":"category-noticias"},"_links":{"self":[{"href":"https:\/\/tacuarembo.gub.uy\/index.php?rest_route=\/wp\/v2\/posts\/23314","targetHints":{"allow":["GET"]}}],"collection":[{"href":"https:\/\/tacuarembo.gub.uy\/index.php?rest_route=\/wp\/v2\/posts"}],"about":[{"href":"https:\/\/tacuarembo.gub.uy\/index.php?rest_route=\/wp\/v2\/types\/post"}],"author":[{"embeddable":true,"href":"https:\/\/tacuarembo.gub.uy\/index.php?rest_route=\/wp\/v2\/users\/3"}],"replies":[{"embeddable":true,"href":"https:\/\/tacuarembo.gub.uy\/index.php?rest_route=%2Fwp%2Fv2%2Fcomments&post=23314"}],"version-history":[{"count":1,"href":"https:\/\/tacuarembo.gub.uy\/index.php?rest_route=\/wp\/v2\/posts\/23314\/revisions"}],"predecessor-version":[{"id":23320,"href":"https:\/\/tacuarembo.gub.uy\/index.php?rest_route=\/wp\/v2\/posts\/23314\/revisions\/23320"}],"wp:featuredmedia":[{"embeddable":true,"href":"https:\/\/tacuarembo.gub.uy\/index.php?rest_route=\/wp\/v2\/media\/23318"}],"wp:attachment":[{"href":"https:\/\/tacuarembo.gub.uy\/index.php?rest_route=%2Fwp%2Fv2%2Fmedia&parent=23314"}],"wp:term":[{"taxonomy":"category","embeddable":true,"href":"https:\/\/tacuarembo.gub.uy\/index.php?rest_route=%2Fwp%2Fv2%2Fcategories&post=23314"},{"taxonomy":"post_tag","embeddable":true,"href":"https:\/\/tacuarembo.gub.uy\/index.php?rest_route=%2Fwp%2Fv2%2Ftags&post=23314"}],"curies":[{"name":"wp","href":"https:\/\/api.w.org\/{rel}","templated":true}]}}