{"id":23223,"date":"2023-12-11T16:00:37","date_gmt":"2023-12-11T19:00:37","guid":{"rendered":"https:\/\/tacuarembo.gub.uy\/?p=23223"},"modified":"2023-12-11T16:00:40","modified_gmt":"2023-12-11T19:00:40","slug":"miles-de-personas-disfrutaron-de-la-navidad-magica","status":"publish","type":"post","link":"https:\/\/tacuarembo.gub.uy\/?p=23223","title":{"rendered":"Miles de personas disfrutaron de la \u201cNavidad M\u00e1gica\u201d"},"content":{"rendered":"\n<p>La Plaza 19 de Abril se visti\u00f3 de fiesta con la presencia de miles de personas que acompa\u00f1aron un acto in\u00e9dito organizado por la Intendencia de Tacuaremb\u00f3 para comenzar a celebrar la Navidad. La actividad, que se desarroll\u00f3 el domingo 10 de diciembre, tuvo como centro de atenci\u00f3n el encendido del \u00e1rbol gigante.<\/p>\n\n\n\n<p>Adornos navide\u00f1os y diferentes luces le dieron un toque diferente a este espacio p\u00fablico, ubicado en el centro de la capital departamental. All\u00ed se habilit\u00f3 un \u00e1rbol gigante de 10 metros que fue armado con m\u00e1s de 15 mil botellas de pl\u00e1stico, a trav\u00e9s de un trabajo de reciclaje a cargo de Marianella de Barros y el apoyo de los Jornales Solidarios.<\/p>\n\n\n\n<p>En la ocasi\u00f3n se reconoci\u00f3 el gran esfuerzo de todos los funcionarios municipales para que el trabajo se hiciera realidad, aspecto que fue resaltado con un gran aplauso de los presentes.<\/p>\n\n\n\n<p>Adem\u00e1s, se hizo la cuenta regresiva para el encendido de las luces del \u00e1rbol de navidad y los vecinos disfrutaron del show del reconocido violinista Douglas M\u00e9ndes de Brasil, quien lleg\u00f3 para compartir la \u201cNavidad M\u00e1gica\u201d con los tacuaremboenses.<\/p>\n\n\n\n<p>Posteriormente, el Intendente Wilson Ezquerra y el secretario general de la IDT, Jos\u00e9 Omar Men\u00e9ndez, junto al p\u00fablico presente, se trasladaron hacia el Parque Rod\u00f3 en compa\u00f1\u00eda del propio violinista que los escolt\u00f3 durante el trayecto con su m\u00fasica y en medio de fuertes aplausos.<\/p>\n\n\n\n<p>Una vez en el Parque Rod\u00f3, se continu\u00f3 con el disfrute de la \u201cNavidad M\u00e1gica\u201d y un Pap\u00e1 Noel inflable gigante de siete metros. Se comparti\u00f3 all\u00ed una breve historia del cl\u00e1sico cuento \u201cCascanueces\u201d, a trav\u00e9s de una animaci\u00f3n en pantalla gigante que fue plenamente disfrutada por los m\u00e1s peque\u00f1os.<\/p>\n\n\n\n<p>Asimismo, se present\u00f3 Paula Garc\u00eda, alumna de la Escuela de Danza Cl\u00e1sica de Tacuaremb\u00f3 que es dirigida por Karina Vertiz y el violinista Douglas M\u00e9ndes interpret\u00f3 villancicos y temas universales.<\/p>\n\n\n\n<p>Al final del evento, el Intendente Wilson Ezquerra agradeci\u00f3 a los vecinos por su respaldo y record\u00f3 que el 24 de diciembre se har\u00e1 la \u201cNavidad entre Todos\u201d, a partir de las 21 horas, en el Club Democr\u00e1tico. Adem\u00e1s, invit\u00f3 a participar de la \u201cNavidad en Familia\u201d a realizarse el 25 de diciembre, en Balneario Ipor\u00e1, as\u00ed como del show de A\u00f1o Nuevo.<\/p>\n\n\n<p><img loading=\"lazy\" decoding=\"async\" width=\"2048\" height=\"1368\" class=\"alignnone size-full wp-image-23224\" src=\"https:\/\/tacuarembo.gub.uy\/wp-content\/uploads\/WhatsApp-Image-2023-12-11-at-15.35.282.jpeg\" alt=\"\" srcset=\"https:\/\/tacuarembo.gub.uy\/wp-content\/uploads\/WhatsApp-Image-2023-12-11-at-15.35.282.jpeg 2048w, https:\/\/tacuarembo.gub.uy\/wp-content\/uploads\/WhatsApp-Image-2023-12-11-at-15.35.282-768x513.jpeg 768w, https:\/\/tacuarembo.gub.uy\/wp-content\/uploads\/WhatsApp-Image-2023-12-11-at-15.35.282-1536x1026.jpeg 1536w\" sizes=\"auto, (max-width: 2048px) 100vw, 2048px\" \/> <img loading=\"lazy\" decoding=\"async\" width=\"2048\" height=\"1368\" class=\"alignnone size-full wp-image-23225\" src=\"https:\/\/tacuarembo.gub.uy\/wp-content\/uploads\/WhatsApp-Image-2023-12-11-at-15.35.281.jpeg\" alt=\"\" srcset=\"https:\/\/tacuarembo.gub.uy\/wp-content\/uploads\/WhatsApp-Image-2023-12-11-at-15.35.281.jpeg 2048w, https:\/\/tacuarembo.gub.uy\/wp-content\/uploads\/WhatsApp-Image-2023-12-11-at-15.35.281-768x513.jpeg 768w, https:\/\/tacuarembo.gub.uy\/wp-content\/uploads\/WhatsApp-Image-2023-12-11-at-15.35.281-1536x1026.jpeg 1536w\" sizes=\"auto, (max-width: 2048px) 100vw, 2048px\" \/> <img loading=\"lazy\" decoding=\"async\" width=\"2048\" height=\"1368\" class=\"alignnone size-full wp-image-23226\" src=\"https:\/\/tacuarembo.gub.uy\/wp-content\/uploads\/WhatsApp-Image-2023-12-11-at-15.35.28.jpeg\" alt=\"\" srcset=\"https:\/\/tacuarembo.gub.uy\/wp-content\/uploads\/WhatsApp-Image-2023-12-11-at-15.35.28.jpeg 2048w, https:\/\/tacuarembo.gub.uy\/wp-content\/uploads\/WhatsApp-Image-2023-12-11-at-15.35.28-768x513.jpeg 768w, https:\/\/tacuarembo.gub.uy\/wp-content\/uploads\/WhatsApp-Image-2023-12-11-at-15.35.28-1536x1026.jpeg 1536w\" sizes=\"auto, (max-width: 2048px) 100vw, 2048px\" \/> <img loading=\"lazy\" decoding=\"async\" width=\"2048\" height=\"1368\" class=\"alignnone size-full wp-image-23227\" src=\"https:\/\/tacuarembo.gub.uy\/wp-content\/uploads\/WhatsApp-Image-2023-12-11-at-15.35.273.jpeg\" alt=\"\" srcset=\"https:\/\/tacuarembo.gub.uy\/wp-content\/uploads\/WhatsApp-Image-2023-12-11-at-15.35.273.jpeg 2048w, https:\/\/tacuarembo.gub.uy\/wp-content\/uploads\/WhatsApp-Image-2023-12-11-at-15.35.273-768x513.jpeg 768w, https:\/\/tacuarembo.gub.uy\/wp-content\/uploads\/WhatsApp-Image-2023-12-11-at-15.35.273-1536x1026.jpeg 1536w\" sizes=\"auto, (max-width: 2048px) 100vw, 2048px\" \/> <img loading=\"lazy\" decoding=\"async\" width=\"2048\" height=\"1368\" class=\"alignnone size-full wp-image-23228\" src=\"https:\/\/tacuarembo.gub.uy\/wp-content\/uploads\/WhatsApp-Image-2023-12-11-at-15.35.272.jpeg\" alt=\"\" srcset=\"https:\/\/tacuarembo.gub.uy\/wp-content\/uploads\/WhatsApp-Image-2023-12-11-at-15.35.272.jpeg 2048w, https:\/\/tacuarembo.gub.uy\/wp-content\/uploads\/WhatsApp-Image-2023-12-11-at-15.35.272-768x513.jpeg 768w, https:\/\/tacuarembo.gub.uy\/wp-content\/uploads\/WhatsApp-Image-2023-12-11-at-15.35.272-1536x1026.jpeg 1536w\" sizes=\"auto, (max-width: 2048px) 100vw, 2048px\" \/> <img loading=\"lazy\" decoding=\"async\" width=\"2048\" height=\"1368\" class=\"alignnone size-full wp-image-23229\" src=\"https:\/\/tacuarembo.gub.uy\/wp-content\/uploads\/WhatsApp-Image-2023-12-11-at-15.35.271.jpeg\" alt=\"\" srcset=\"https:\/\/tacuarembo.gub.uy\/wp-content\/uploads\/WhatsApp-Image-2023-12-11-at-15.35.271.jpeg 2048w, https:\/\/tacuarembo.gub.uy\/wp-content\/uploads\/WhatsApp-Image-2023-12-11-at-15.35.271-768x513.jpeg 768w, https:\/\/tacuarembo.gub.uy\/wp-content\/uploads\/WhatsApp-Image-2023-12-11-at-15.35.271-1536x1026.jpeg 1536w\" sizes=\"auto, (max-width: 2048px) 100vw, 2048px\" \/> <img loading=\"lazy\" decoding=\"async\" width=\"2048\" height=\"1368\" class=\"alignnone size-full wp-image-23230\" src=\"https:\/\/tacuarembo.gub.uy\/wp-content\/uploads\/WhatsApp-Image-2023-12-11-at-15.35.27.jpeg\" alt=\"\" srcset=\"https:\/\/tacuarembo.gub.uy\/wp-content\/uploads\/WhatsApp-Image-2023-12-11-at-15.35.27.jpeg 2048w, https:\/\/tacuarembo.gub.uy\/wp-content\/uploads\/WhatsApp-Image-2023-12-11-at-15.35.27-768x513.jpeg 768w, https:\/\/tacuarembo.gub.uy\/wp-content\/uploads\/WhatsApp-Image-2023-12-11-at-15.35.27-1536x1026.jpeg 1536w\" sizes=\"auto, (max-width: 2048px) 100vw, 2048px\" \/> <img loading=\"lazy\" decoding=\"async\" width=\"2048\" height=\"1368\" class=\"alignnone size-full wp-image-23231\" src=\"https:\/\/tacuarembo.gub.uy\/wp-content\/uploads\/WhatsApp-Image-2023-12-11-at-15.35.261.jpeg\" alt=\"\" srcset=\"https:\/\/tacuarembo.gub.uy\/wp-content\/uploads\/WhatsApp-Image-2023-12-11-at-15.35.261.jpeg 2048w, https:\/\/tacuarembo.gub.uy\/wp-content\/uploads\/WhatsApp-Image-2023-12-11-at-15.35.261-768x513.jpeg 768w, https:\/\/tacuarembo.gub.uy\/wp-content\/uploads\/WhatsApp-Image-2023-12-11-at-15.35.261-1536x1026.jpeg 1536w\" sizes=\"auto, (max-width: 2048px) 100vw, 2048px\" \/> <img loading=\"lazy\" decoding=\"async\" width=\"2048\" height=\"1368\" class=\"alignnone size-full wp-image-23232\" src=\"https:\/\/tacuarembo.gub.uy\/wp-content\/uploads\/WhatsApp-Image-2023-12-11-at-15.35.26.jpeg\" alt=\"\" srcset=\"https:\/\/tacuarembo.gub.uy\/wp-content\/uploads\/WhatsApp-Image-2023-12-11-at-15.35.26.jpeg 2048w, https:\/\/tacuarembo.gub.uy\/wp-content\/uploads\/WhatsApp-Image-2023-12-11-at-15.35.26-768x513.jpeg 768w, https:\/\/tacuarembo.gub.uy\/wp-content\/uploads\/WhatsApp-Image-2023-12-11-at-15.35.26-1536x1026.jpeg 1536w\" sizes=\"auto, (max-width: 2048px) 100vw, 2048px\" \/> <img loading=\"lazy\" decoding=\"async\" width=\"2048\" height=\"1512\" class=\"alignnone size-full wp-image-23233\" src=\"https:\/\/tacuarembo.gub.uy\/wp-content\/uploads\/WhatsApp-Image-2023-12-11-at-15.35.252.jpeg\" alt=\"\" srcset=\"https:\/\/tacuarembo.gub.uy\/wp-content\/uploads\/WhatsApp-Image-2023-12-11-at-15.35.252.jpeg 2048w, https:\/\/tacuarembo.gub.uy\/wp-content\/uploads\/WhatsApp-Image-2023-12-11-at-15.35.252-768x567.jpeg 768w, https:\/\/tacuarembo.gub.uy\/wp-content\/uploads\/WhatsApp-Image-2023-12-11-at-15.35.252-1536x1134.jpeg 1536w\" sizes=\"auto, (max-width: 2048px) 100vw, 2048px\" \/> <img loading=\"lazy\" decoding=\"async\" width=\"2048\" height=\"2020\" class=\"alignnone size-full wp-image-23234\" src=\"https:\/\/tacuarembo.gub.uy\/wp-content\/uploads\/WhatsApp-Image-2023-12-11-at-15.35.251.jpeg\" alt=\"\" srcset=\"https:\/\/tacuarembo.gub.uy\/wp-content\/uploads\/WhatsApp-Image-2023-12-11-at-15.35.251.jpeg 2048w, https:\/\/tacuarembo.gub.uy\/wp-content\/uploads\/WhatsApp-Image-2023-12-11-at-15.35.251-768x758.jpeg 768w, https:\/\/tacuarembo.gub.uy\/wp-content\/uploads\/WhatsApp-Image-2023-12-11-at-15.35.251-1536x1515.jpeg 1536w\" sizes=\"auto, (max-width: 2048px) 100vw, 2048px\" \/> <img loading=\"lazy\" decoding=\"async\" width=\"2048\" height=\"1332\" class=\"alignnone size-full wp-image-23235\" src=\"https:\/\/tacuarembo.gub.uy\/wp-content\/uploads\/WhatsApp-Image-2023-12-11-at-15.35.25.jpeg\" alt=\"\" srcset=\"https:\/\/tacuarembo.gub.uy\/wp-content\/uploads\/WhatsApp-Image-2023-12-11-at-15.35.25.jpeg 2048w, https:\/\/tacuarembo.gub.uy\/wp-content\/uploads\/WhatsApp-Image-2023-12-11-at-15.35.25-768x500.jpeg 768w, https:\/\/tacuarembo.gub.uy\/wp-content\/uploads\/WhatsApp-Image-2023-12-11-at-15.35.25-1536x999.jpeg 1536w\" sizes=\"auto, (max-width: 2048px) 100vw, 2048px\" \/> <img loading=\"lazy\" decoding=\"async\" width=\"2036\" height=\"2048\" class=\"alignnone size-full wp-image-23236\" src=\"https:\/\/tacuarembo.gub.uy\/wp-content\/uploads\/WhatsApp-Image-2023-12-11-at-15.35.24.jpeg\" alt=\"\" srcset=\"https:\/\/tacuarembo.gub.uy\/wp-content\/uploads\/WhatsApp-Image-2023-12-11-at-15.35.24.jpeg 2036w, https:\/\/tacuarembo.gub.uy\/wp-content\/uploads\/WhatsApp-Image-2023-12-11-at-15.35.24-768x773.jpeg 768w, https:\/\/tacuarembo.gub.uy\/wp-content\/uploads\/WhatsApp-Image-2023-12-11-at-15.35.24-1527x1536.jpeg 1527w\" sizes=\"auto, (max-width: 2036px) 100vw, 2036px\" \/> <img loading=\"lazy\" decoding=\"async\" width=\"1636\" height=\"2048\" class=\"alignnone size-full wp-image-23237\" src=\"https:\/\/tacuarembo.gub.uy\/wp-content\/uploads\/WhatsApp-Image-2023-12-11-at-15.35.07.jpeg\" alt=\"\" srcset=\"https:\/\/tacuarembo.gub.uy\/wp-content\/uploads\/WhatsApp-Image-2023-12-11-at-15.35.07.jpeg 1636w, https:\/\/tacuarembo.gub.uy\/wp-content\/uploads\/WhatsApp-Image-2023-12-11-at-15.35.07-768x961.jpeg 768w, https:\/\/tacuarembo.gub.uy\/wp-content\/uploads\/WhatsApp-Image-2023-12-11-at-15.35.07-1227x1536.jpeg 1227w\" sizes=\"auto, (max-width: 1636px) 100vw, 1636px\" \/><\/p>","protected":false},"excerpt":{"rendered":"<p>La Plaza 19 de Abril se visti\u00f3 de fiesta con la presencia de miles de personas que acompa\u00f1aron un acto in\u00e9dito organizado por la Intendencia de Tacuaremb\u00f3 para comenzar a celebrar la Navidad. La actividad, que se desarroll\u00f3 el domingo 10 de diciembre, tuvo como centro de atenci\u00f3n el encendido del \u00e1rbol gigante<\/p>\n","protected":false},"author":3,"featured_media":23232,"comment_status":"open","ping_status":"open","sticky":false,"template":"","format":"standard","meta":{"_eb_attr":"","footnotes":""},"categories":[16],"tags":[],"class_list":{"0":"post-23223","1":"post","2":"type-post","3":"status-publish","4":"format-standard","5":"has-post-thumbnail","7":"category-noticias"},"_links":{"self":[{"href":"https:\/\/tacuarembo.gub.uy\/index.php?rest_route=\/wp\/v2\/posts\/23223","targetHints":{"allow":["GET"]}}],"collection":[{"href":"https:\/\/tacuarembo.gub.uy\/index.php?rest_route=\/wp\/v2\/posts"}],"about":[{"href":"https:\/\/tacuarembo.gub.uy\/index.php?rest_route=\/wp\/v2\/types\/post"}],"author":[{"embeddable":true,"href":"https:\/\/tacuarembo.gub.uy\/index.php?rest_route=\/wp\/v2\/users\/3"}],"replies":[{"embeddable":true,"href":"https:\/\/tacuarembo.gub.uy\/index.php?rest_route=%2Fwp%2Fv2%2Fcomments&post=23223"}],"version-history":[{"count":1,"href":"https:\/\/tacuarembo.gub.uy\/index.php?rest_route=\/wp\/v2\/posts\/23223\/revisions"}],"predecessor-version":[{"id":23238,"href":"https:\/\/tacuarembo.gub.uy\/index.php?rest_route=\/wp\/v2\/posts\/23223\/revisions\/23238"}],"wp:featuredmedia":[{"embeddable":true,"href":"https:\/\/tacuarembo.gub.uy\/index.php?rest_route=\/wp\/v2\/media\/23232"}],"wp:attachment":[{"href":"https:\/\/tacuarembo.gub.uy\/index.php?rest_route=%2Fwp%2Fv2%2Fmedia&parent=23223"}],"wp:term":[{"taxonomy":"category","embeddable":true,"href":"https:\/\/tacuarembo.gub.uy\/index.php?rest_route=%2Fwp%2Fv2%2Fcategories&post=23223"},{"taxonomy":"post_tag","embeddable":true,"href":"https:\/\/tacuarembo.gub.uy\/index.php?rest_route=%2Fwp%2Fv2%2Ftags&post=23223"}],"curies":[{"name":"wp","href":"https:\/\/api.w.org\/{rel}","templated":true}]}}