{"id":23220,"date":"2023-12-11T12:16:05","date_gmt":"2023-12-11T15:16:05","guid":{"rendered":"https:\/\/tacuarembo.gub.uy\/?p=23220"},"modified":"2023-12-11T12:16:09","modified_gmt":"2023-12-11T15:16:09","slug":"resultados-de-maraton-gardeliana","status":"publish","type":"post","link":"https:\/\/tacuarembo.gub.uy\/?p=23220","title":{"rendered":"Resultados de Marat\u00f3n Gardeliana"},"content":{"rendered":"\n<p>Resultados de la Marat\u00f3n Gardeliana que se realiz\u00f3 el s\u00e1bado 9 de diciembre:<br>Masculino 5K<\/p>\n\n\n\n<ul class=\"wp-block-list\">\n<li>1\u00b0 Wilson Kuster, 2\u00b0 Jos\u00e9 Trujillo, 3\u00b0 Leonardo Pereira<br>Femenino 5k<\/li>\n\n\n\n<li>2\u00b0 Silvia P\u00e9rez, 2\u00b0 Amanda Carballo, 3\u00b0 Luc\u00eda Maya<\/li>\n<\/ul>\n\n\n\n<p>Masculino 10K<\/p>\n\n\n\n<ul class=\"wp-block-list\">\n<li>1\u00b0 Angel Mora, 2\u00b0 Enzo Puerari, 3\u00b0 Manuel D\u00edaz<br>Femenino 10K<\/li>\n\n\n\n<li>1\u00b0 Ver\u00f3nica Blanco, 2\u00b0 Maricela Escalante, 3\u00b0 Daniela Icardo<\/li>\n<\/ul>\n\n\n\n<p>Masculino 21K<\/p>\n\n\n\n<ul class=\"wp-block-list\">\n<li>1\u00b0 Mart\u00edn Cuestas, 2\u00b0 Andr\u00e9s Zamora, 3\u00b0 Julio Saroba<br>Femenino 21 K<\/li>\n\n\n\n<li>1\u00b0 Flavia Lanza, 2\u00b0 Rosana Motta, 3\u00b0 Micaella Zilli<\/li>\n<\/ul>\n","protected":false},"excerpt":{"rendered":"<p>Resultados de la Marat\u00f3n Gardeliana que se realiz\u00f3 el s\u00e1bado 9 de diciembre:<br \/>\nMasculino 5K<\/p>\n","protected":false},"author":3,"featured_media":23221,"comment_status":"open","ping_status":"open","sticky":false,"template":"","format":"standard","meta":{"_eb_attr":"","footnotes":""},"categories":[38],"tags":[],"class_list":{"0":"post-23220","1":"post","2":"type-post","3":"status-publish","4":"format-standard","5":"has-post-thumbnail","7":"category-comunicados-de-prensa"},"_links":{"self":[{"href":"https:\/\/tacuarembo.gub.uy\/index.php?rest_route=\/wp\/v2\/posts\/23220","targetHints":{"allow":["GET"]}}],"collection":[{"href":"https:\/\/tacuarembo.gub.uy\/index.php?rest_route=\/wp\/v2\/posts"}],"about":[{"href":"https:\/\/tacuarembo.gub.uy\/index.php?rest_route=\/wp\/v2\/types\/post"}],"author":[{"embeddable":true,"href":"https:\/\/tacuarembo.gub.uy\/index.php?rest_route=\/wp\/v2\/users\/3"}],"replies":[{"embeddable":true,"href":"https:\/\/tacuarembo.gub.uy\/index.php?rest_route=%2Fwp%2Fv2%2Fcomments&post=23220"}],"version-history":[{"count":1,"href":"https:\/\/tacuarembo.gub.uy\/index.php?rest_route=\/wp\/v2\/posts\/23220\/revisions"}],"predecessor-version":[{"id":23222,"href":"https:\/\/tacuarembo.gub.uy\/index.php?rest_route=\/wp\/v2\/posts\/23220\/revisions\/23222"}],"wp:featuredmedia":[{"embeddable":true,"href":"https:\/\/tacuarembo.gub.uy\/index.php?rest_route=\/wp\/v2\/media\/23221"}],"wp:attachment":[{"href":"https:\/\/tacuarembo.gub.uy\/index.php?rest_route=%2Fwp%2Fv2%2Fmedia&parent=23220"}],"wp:term":[{"taxonomy":"category","embeddable":true,"href":"https:\/\/tacuarembo.gub.uy\/index.php?rest_route=%2Fwp%2Fv2%2Fcategories&post=23220"},{"taxonomy":"post_tag","embeddable":true,"href":"https:\/\/tacuarembo.gub.uy\/index.php?rest_route=%2Fwp%2Fv2%2Ftags&post=23220"}],"curies":[{"name":"wp","href":"https:\/\/api.w.org\/{rel}","templated":true}]}}