{"id":23216,"date":"2023-12-11T09:55:52","date_gmt":"2023-12-11T12:55:52","guid":{"rendered":"https:\/\/tacuarembo.gub.uy\/?p=23216"},"modified":"2023-12-11T10:00:00","modified_gmt":"2023-12-11T13:00:00","slug":"tarifas-hotel-los-medanos","status":"publish","type":"post","link":"https:\/\/tacuarembo.gub.uy\/?p=23216","title":{"rendered":"Tarifas \u201cHotel Los M\u00e9danos\u201d"},"content":{"rendered":"\n<p>Por Resoluci\u00f3n del Ejecutivo Departamental, se fijan los precios de alojamiento, del \u201cHotel Los M\u00e9danos\u201d de San Gregorio de Polanco, para la temporada de verano comprendida entre el 25 de noviembre del 2023 y el \u00faltimo domingo de Semana Santa del 2024, y, temporada de invierno entre este \u00faltimo d\u00eda y el 25 de noviembre del 2024\u201d: de acuerdo al siguiente detalle:<br><strong>Verano 2023-2024:<\/strong><br>Ppal. alta Del r\u00edo alta<br>Single $ 1.950 $ 1.700<br>Doble $ 2.850 $ 2.500<br>Triple $ 3.250 $ 2.800<br>Cu\u00e1druple $ 3.850 $ 3.600<br>Familiar $ 4.300<\/p>\n\n\n\n<p><strong>Invierno 2024<br><\/strong>Principal baja Del r\u00edo baja<br>Single $ 1.600 $ 1.400<br>Doble $ 2.400 $ 2.200<br>Triple $ 2.850 $ 2.500<br>Cu\u00e1druple $ 3.300 $ 3.000<br>Familiar $ 3.900<\/p>\n\n\n\n<pre class=\"wp-block-code\"><code>Los precios fijados son en pesos por noche de alojamiento, con desayuno incluido, y las estad\u00edas mayores a 3 noches tendr\u00e1n un descuento del 10%<\/code><\/pre>\n","protected":false},"excerpt":{"rendered":"<p>Por Resoluci\u00f3n del Ejecutivo Departamental, se fijan los precios de alojamiento, del \u201cHotel Los M\u00e9danos\u201d de San Gregorio de Polanco, para la temporada de verano comprendida entre el 25 de noviembre del 2023 y el \u00faltimo domingo de Semana Santa del 2024<\/p>\n","protected":false},"author":3,"featured_media":23217,"comment_status":"open","ping_status":"open","sticky":false,"template":"","format":"standard","meta":{"_eb_attr":"","footnotes":""},"categories":[38],"tags":[],"class_list":{"0":"post-23216","1":"post","2":"type-post","3":"status-publish","4":"format-standard","5":"has-post-thumbnail","7":"category-comunicados-de-prensa"},"_links":{"self":[{"href":"https:\/\/tacuarembo.gub.uy\/index.php?rest_route=\/wp\/v2\/posts\/23216","targetHints":{"allow":["GET"]}}],"collection":[{"href":"https:\/\/tacuarembo.gub.uy\/index.php?rest_route=\/wp\/v2\/posts"}],"about":[{"href":"https:\/\/tacuarembo.gub.uy\/index.php?rest_route=\/wp\/v2\/types\/post"}],"author":[{"embeddable":true,"href":"https:\/\/tacuarembo.gub.uy\/index.php?rest_route=\/wp\/v2\/users\/3"}],"replies":[{"embeddable":true,"href":"https:\/\/tacuarembo.gub.uy\/index.php?rest_route=%2Fwp%2Fv2%2Fcomments&post=23216"}],"version-history":[{"count":2,"href":"https:\/\/tacuarembo.gub.uy\/index.php?rest_route=\/wp\/v2\/posts\/23216\/revisions"}],"predecessor-version":[{"id":23219,"href":"https:\/\/tacuarembo.gub.uy\/index.php?rest_route=\/wp\/v2\/posts\/23216\/revisions\/23219"}],"wp:featuredmedia":[{"embeddable":true,"href":"https:\/\/tacuarembo.gub.uy\/index.php?rest_route=\/wp\/v2\/media\/23217"}],"wp:attachment":[{"href":"https:\/\/tacuarembo.gub.uy\/index.php?rest_route=%2Fwp%2Fv2%2Fmedia&parent=23216"}],"wp:term":[{"taxonomy":"category","embeddable":true,"href":"https:\/\/tacuarembo.gub.uy\/index.php?rest_route=%2Fwp%2Fv2%2Fcategories&post=23216"},{"taxonomy":"post_tag","embeddable":true,"href":"https:\/\/tacuarembo.gub.uy\/index.php?rest_route=%2Fwp%2Fv2%2Ftags&post=23216"}],"curies":[{"name":"wp","href":"https:\/\/api.w.org\/{rel}","templated":true}]}}